{"id":9035,"date":"2025-03-13T12:13:19","date_gmt":"2025-03-13T11:13:19","guid":{"rendered":"https:\/\/www.noidiqua.it\/Montale\/?p=9035"},"modified":"2025-04-24T12:13:33","modified_gmt":"2025-04-24T10:13:33","slug":"2008-2025-siamo-diventati-maggiorenni","status":"publish","type":"post","link":"https:\/\/www.noidiqua.it\/Montale\/2008-2025-siamo-diventati-maggiorenni\/","title":{"rendered":"2008\/2025 \u2013 siamo diventati Maggiorenni!"},"content":{"rendered":"<p style=\"text-align: justify;\"><em>di Massimo Cappelli<\/em><\/p>\n<p style=\"text-align: justify;\"><em>marzo 2025<\/em><\/p>\n<p><a href=\"https:\/\/www.noidiqua.it\/Montale\/wp-content\/uploads\/2025\/04\/concludendo.png\" rel=\"wp-prettyPhoto[9035]\"><img loading=\"lazy\" decoding=\"async\" class=\"aligncenter size-full wp-image-9036\" src=\"https:\/\/www.noidiqua.it\/Montale\/wp-content\/uploads\/2025\/04\/concludendo.png\" alt=\"\" width=\"500\" height=\"333\" srcset=\"https:\/\/www.noidiqua.it\/Montale\/wp-content\/uploads\/2025\/04\/concludendo.png 500w, https:\/\/www.noidiqua.it\/Montale\/wp-content\/uploads\/2025\/04\/concludendo-300x200.png 300w\" sizes=\"auto, (max-width: 500px) 100vw, 500px\" \/><\/a><\/p>\n<p style=\"text-align: justify;\"><span class=\"s1\"><strong>NoiDiQua<\/strong>, in questo 2025 arriva al suo\u00a0<strong>diciottesimo anno<\/strong>\u00a0di vita. Con il primo numero di quest\u2019anno, sommando le edizioni di Quarrata, Agliana e Montale, abbiamo stampato ben 178 numeri, e ho perso il conto dei personaggi raccontati ma credo siano qualche migliaio (forse 3.000 o 3.500). E i personaggi conducono agli eventi, alla storia locale, ai racconti e alle\u00a0<strong>curiosit\u00e0<\/strong>\u00a0di paese, che sono, da sempre, gli elementi fondamentali della linea editoriale del nostro giornale.<\/span><\/p>\n<p class=\"p1\" style=\"text-align: justify;\"><span class=\"s1\">NoiDiQua nacque nell\u2019aprile del 2008, solo con l\u2019edizione di Quarrata, poi dal 2011, in maggio, si aggiunsero anche Agliana e Montale. La redazione fu tirata su dal grande\u00a0<strong>Giancarlo Zampini<\/strong>\u00a0che fu il primo direttore responsabile fino alla sua prematura scomparsa nel settembre del 2012. Siccome dopo la chiusura di\u00a0<strong>Radio Rombo<\/strong>, Quarrata non aveva pi\u00f9 una voce propria e anche Agliana e Montale avevano avuto la stessa sorte, la mia intuizione di pubblicitario fu quella di creare un mezzo che potesse raggiungere tutte le famiglie della\u00a0<strong>Piana<\/strong>\u00a0per dare visibilit\u00e0 ai nostri clienti. Giancarlo, gi\u00e0 pubblicista de La Nazione, spos\u00f2 in pieno l\u2019idea dando sfogo alla sua innata passione per il giornalismo e al grande amore per la sua citt\u00e0. Anche i primi inserzionisti furono entusiasti del progetto e cos\u00ec, ben presto, ci fu il budget per stampare il numero zero. Ecco cosa scrisse Giancarlo nel maggio 2011 presentando le edizioni di Agliana e Montale:\u00a0<\/span><span class=\"s1\"><em>\u201cDopo quattro anni di attivit\u00e0 con NoiDiQua \u201cil quarratino\u201d, la nostra famiglia si \u00e8 allargata con la pubblicazione di NoDiQua \u201cl\u2019aglianese\u201d e NoDiQua \u201cil montalese\u201d. Tre riviste gratuite (trimestrali) distribuite in cassetta postale a tutte le famiglie di Quarrata, Agliana e Montale. Parliamo di Persone, Personaggi, Storie e Territorio\u2026 e quando necessita, anche di etica pubblica, con la totale libert\u00e0 di chi non appartiene a nessuna fazione politica n\u00e9 a nessuna giunta comunale\u201d<\/em>.<\/span><\/p>\n<p class=\"p1\" style=\"text-align: justify;\"><span class=\"s1\">Con gli anni abbiamo raggiunto un notevole consenso da parte dei lettori, che ogni tre mesi attendono scalpitanti il nuovo numero, e il giornale, col tempo, si \u00e8 istituzionalizzato a tal punto che moltissime persone credono sia un organo delle Amministrazioni Comunali.\u00a0<\/span><span class=\"s2\"><b>Non \u00e8 cos\u00ec! Se ci sono state foto di sindaci con la fascia tricolore \u00e8 solo per il nostro dovere di raccontare. NoiDiQua non gode di nessun contributo da parte di enti o pubbliche amministrazioni, arriva ogni tre mesi ad oltre 20.000 famiglie, solo grazie alle inserzioni pubblicitarie delle aziende<\/b>.<\/span><\/p>\n<p class=\"p1\" style=\"text-align: justify;\"><span class=\"s1\">Chi pianifica la pubblicit\u00e0 con noi, nella grande maggioranza dei casi, lo fa per senso di appartenenza, perch\u00e9 ci riconosce come il giornale del territorio. Una sorta di marketing di vicinato, ideale per certi tipi di negozi ed attivit\u00e0 che ogni giorno soddisfano i bisogni della comunit\u00e0 in cui vivono, nel raggio di pochi chilometri, e pertanto concentrano l\u00ec i loro investimenti pubblicitari senza alcuna dispersione, su un mezzo amato e apprezzato da molti. Il lettore contribuisce alla resa dell\u2019investimento pubblicitario facendo la sua scelta emotiva, talvolta una scelta \u201cdi pancia\u201d che lo induce a preferire il prodotto o il servizio dell\u2019azienda che ha pubblicato l\u2019inserzione, poich\u00e9 si riconosce in essa.<\/span><\/p>\n<p class=\"p1\" style=\"text-align: justify;\"><span class=\"s1\">Come scrive i nostro direttore\u00a0<strong>Giacomo Bini<\/strong>\u00a0nel suo editoriale, 18 anni per un individuo \u00e8 un traguardo importante, la soglia della maturit\u00e0, l\u2019ingresso nell\u2019et\u00e0 adulta e responsabile. Per un giornale invece 18 anni pu\u00f2 essere un tempo molto lungo ma anche molto breve, dipende, appunto, dagli obiettivi che si d\u00e0 in termini di vita futura. NoiDiQua, non avendo un costo di copertina e, come scrivevo sopra, nemmeno nessun contributo da enti o pubbliche amministrazioni, vive solo grazie alle inserzioni pubblicitarie. Il quaranta per cento degli inserzionisti, il nostro \u201czoccolo duro\u201d, ci segue pi\u00f9 o meno da quando siamo nati, il difficile viene nella ricerca dei restanti, perci\u00f2 siamo obbligati, tutti i giorni, a contattare le aziende della Piana, con il rischio di apparire insistenti e inopportuni. Questa nostra raccolta di\u00a0<strong>pubblicit\u00e0<\/strong>\u00a0\u00e8 finalizzata, tuttavia, a mantenere posti di lavoro, a tenere in vita la rivista e a soddisfare i bisogni dei suoi lettori. Credetemi, non \u00e8 una questua, non andiamo a \u201cchiedere\u201d bens\u00ec ad \u201coffrire\u201d, perch\u00e9 inserendo un\u2019<strong>azienda<\/strong>\u00a0o un prodotto in un nobile contesto che gode di tantissimo gradimento di pubblico, si crea valore, si conferma la consapevolezza che l\u2019inserzionista appartenga al territorio, alla comunit\u00e0.<\/span><\/p>\n<p class=\"p1\" style=\"text-align: justify;\"><span class=\"s1\">Voglio ringraziare, oltre a tutti gli inserzionisti che ovviamente non mi \u00e8 possibile nominare, i componenti della redazione partendo dal direttore Giacomo Bini e il direttore alla produzione David Colzi unitamente a tutti i collaboratori; \u00e8 solo grazie alla loro passione (perch\u00e9 vi assicuro che solo di passione si tratta) che ogni tre mesi entriamo in oltre 20.000 case. Grazie a Carlo Rossetti, Marco Bagnoli, Piera Salvi, Daniela Gori, Serena Michelozzi, Luciano Tempestini, Massimo Borgioli (in qualit\u00e0 di vignettista e commerciale dell\u2019agenzia). Ai fotografi Gabriele Scarpellini (Foto Olympia) e Gabriele Bellini e all\u2019addetta al reparto grafica Marica Morosi. Un grazie di cuore all\u2019addetto al sito web Daniele Martini e a Viola Vanzi che si occupa delle sponsorizzate. Un grosso ringraziamento va ai medici che ci danno consigli sulla salute: la dottoressa Paola Mandelli e il dottor Sandro Giannessi, che quest\u2019anno lascia la direzione del reparto chirurgia dell\u2019ospedale San Jacopo e va in pensione. Un doveroso ringraziamento va poi ai loro predecessori: il dottor Ferdinando Santini ed il compianto Luigi Vangucci. Grazie anche ad Alessandro Pratesi che ci cura la rubrica sul fisco. Infine \u00e8 giusto citare i nostri amici appassionati di storia locale, che sono sempre pronti ad aiutarci nelle nostre ricerche: Bruno Tempestini, Andrea Bolognesi, Ernesto Franchi e Rosita Testai. Una menzione speciale la merita Marcello Biancalani, sempre pronto a condividere con noi le foto che scatta durante gli eventi di Quarrata. Un grande ringraziamento anche ai\u00a0<strong>lettori<\/strong>\u00a0(molti dei quali collezionano addirittura la rivista) che contribuiscono, ogni trimestre, a rafforzare il nostro entusiasmo. Sono sicuro che Giancarlo Zampini da qualche parte ci osserva, ci ispira e ci guida, perch\u00e9 ancora oggi, leggendo gli ultimi numeri di NoiDiQua, si percepisce la sua presenza.<\/span><\/p>","protected":false},"excerpt":{"rendered":"<p>di Massimo Cappelli marzo 2025 NoiDiQua, in questo 2025 arriva al suo\u00a0diciottesimo anno\u00a0di vita. Con il primo numero di quest\u2019anno, sommando le edizioni di Quarrata, Agliana e Montale, abbiamo stampato ben 178 numeri, e ho perso il conto dei personaggi raccontati ma credo siano qualche migliaio (forse 3.000 o 3.500). E i personaggi conducono [&hellip;]<\/p>","protected":false},"author":7,"featured_media":0,"comment_status":"open","ping_status":"open","sticky":false,"template":"","format":"standard","meta":{"footnotes":""},"categories":[24,7],"tags":[1915,63,4535,1010,576,2484,113,892,4537,4538,4536],"class_list":["post-9035","post","type-post","status-publish","format-standard","hentry","category-concludendo-qt","category-mt","tag-azienda","tag-curiosita","tag-diciottesimo-anno","tag-giacomo-bini","tag-giancarlo-zampini","tag-lettori","tag-noidiqua","tag-piana","tag-pubbliche-amministrazioni","tag-pubblicita","tag-radio-rombo"],"yoast_head":"<!-- This site is optimized with the Yoast SEO plugin v25.5 - https:\/\/yoast.com\/wordpress\/plugins\/seo\/ -->\n<title>2008\/2025 \u2013 siamo diventati Maggiorenni! - Noi di Qua Testata giornalistica e di attualit\u00e0 di Agliana, Montale e Quarrata.<\/title>\n<meta name=\"robots\" content=\"index, follow, max-snippet:-1, max-image-preview:large, max-video-preview:-1\" \/>\n<link rel=\"canonical\" href=\"https:\/\/www.noidiqua.it\/Montale\/2008-2025-siamo-diventati-maggiorenni\/\" \/>\n<meta property=\"og:locale\" content=\"it_IT\" \/>\n<meta property=\"og:type\" content=\"article\" \/>\n<meta property=\"og:title\" content=\"2008\/2025 \u2013 siamo diventati Maggiorenni! - Noi di Qua Testata giornalistica e di attualit\u00e0 di Agliana, Montale e Quarrata.\" \/>\n<meta property=\"og:description\" content=\"di Massimo Cappelli marzo 2025 NoiDiQua, in questo 2025 arriva al suo\u00a0diciottesimo anno\u00a0di vita. Con il primo numero di quest\u2019anno, sommando le edizioni di Quarrata, Agliana e Montale, abbiamo stampato ben 178 numeri, e ho perso il conto dei personaggi raccontati ma credo siano qualche migliaio (forse 3.000 o 3.500). E i personaggi conducono [&hellip;]\" \/>\n<meta property=\"og:url\" content=\"https:\/\/www.noidiqua.it\/Montale\/2008-2025-siamo-diventati-maggiorenni\/\" \/>\n<meta property=\"og:site_name\" content=\"Noi di Qua Testata giornalistica e di attualit\u00e0 di Agliana, Montale e Quarrata.\" \/>\n<meta property=\"article:publisher\" content=\"https:\/\/www.facebook.com\/noidiqua.trimestrale\/\" \/>\n<meta property=\"article:published_time\" content=\"2025-03-13T11:13:19+00:00\" \/>\n<meta property=\"article:modified_time\" content=\"2025-04-24T10:13:33+00:00\" \/>\n<meta property=\"og:image\" content=\"https:\/\/www.noidiqua.it\/Montale\/wp-content\/uploads\/2025\/04\/concludendo.png\" \/>\n<meta name=\"author\" content=\"Massimo Cappelli\" \/>\n<meta name=\"twitter:label1\" content=\"Scritto da\" \/>\n\t<meta name=\"twitter:data1\" content=\"Massimo Cappelli\" \/>\n\t<meta name=\"twitter:label2\" content=\"Tempo di lettura stimato\" \/>\n\t<meta name=\"twitter:data2\" content=\"5 minuti\" \/>\n<script type=\"application\/ld+json\" class=\"yoast-schema-graph\">{\"@context\":\"https:\/\/schema.org\",\"@graph\":[{\"@type\":\"WebPage\",\"@id\":\"https:\/\/www.noidiqua.it\/Montale\/2008-2025-siamo-diventati-maggiorenni\/\",\"url\":\"https:\/\/www.noidiqua.it\/Montale\/2008-2025-siamo-diventati-maggiorenni\/\",\"name\":\"2008\/2025 \u2013 siamo diventati Maggiorenni! - Noi di Qua Testata giornalistica e di attualit\u00e0 di Agliana, Montale e Quarrata.\",\"isPartOf\":{\"@id\":\"https:\/\/www.noidiqua.it\/Montale\/#website\"},\"primaryImageOfPage\":{\"@id\":\"https:\/\/www.noidiqua.it\/Montale\/2008-2025-siamo-diventati-maggiorenni\/#primaryimage\"},\"image\":{\"@id\":\"https:\/\/www.noidiqua.it\/Montale\/2008-2025-siamo-diventati-maggiorenni\/#primaryimage\"},\"thumbnailUrl\":\"https:\/\/www.noidiqua.it\/Montale\/wp-content\/uploads\/2025\/04\/concludendo.png\",\"datePublished\":\"2025-03-13T11:13:19+00:00\",\"dateModified\":\"2025-04-24T10:13:33+00:00\",\"author\":{\"@id\":\"https:\/\/www.noidiqua.it\/Montale\/#\/schema\/person\/858b1b9db61101126e5ded39f94daedb\"},\"breadcrumb\":{\"@id\":\"https:\/\/www.noidiqua.it\/Montale\/2008-2025-siamo-diventati-maggiorenni\/#breadcrumb\"},\"inLanguage\":\"it-IT\",\"potentialAction\":[{\"@type\":\"ReadAction\",\"target\":[\"https:\/\/www.noidiqua.it\/Montale\/2008-2025-siamo-diventati-maggiorenni\/\"]}]},{\"@type\":\"ImageObject\",\"inLanguage\":\"it-IT\",\"@id\":\"https:\/\/www.noidiqua.it\/Montale\/2008-2025-siamo-diventati-maggiorenni\/#primaryimage\",\"url\":\"https:\/\/www.noidiqua.it\/Montale\/wp-content\/uploads\/2025\/04\/concludendo.png\",\"contentUrl\":\"https:\/\/www.noidiqua.it\/Montale\/wp-content\/uploads\/2025\/04\/concludendo.png\",\"width\":500,\"height\":333},{\"@type\":\"BreadcrumbList\",\"@id\":\"https:\/\/www.noidiqua.it\/Montale\/2008-2025-siamo-diventati-maggiorenni\/#breadcrumb\",\"itemListElement\":[{\"@type\":\"ListItem\",\"position\":1,\"name\":\"Home\",\"item\":\"https:\/\/www.noidiqua.it\/Montale\/\"},{\"@type\":\"ListItem\",\"position\":2,\"name\":\"2008\/2025 \u2013 siamo diventati Maggiorenni!\"}]},{\"@type\":\"WebSite\",\"@id\":\"https:\/\/www.noidiqua.it\/Montale\/#website\",\"url\":\"https:\/\/www.noidiqua.it\/Montale\/\",\"name\":\"Noi di Qua Testata giornalistica e di attualit\u00e0 di Agliana, Montale e Quarrata.\",\"description\":\"Testata Giornalistica Quarrata Montale Agliana\",\"potentialAction\":[{\"@type\":\"SearchAction\",\"target\":{\"@type\":\"EntryPoint\",\"urlTemplate\":\"https:\/\/www.noidiqua.it\/Montale\/?s={search_term_string}\"},\"query-input\":{\"@type\":\"PropertyValueSpecification\",\"valueRequired\":true,\"valueName\":\"search_term_string\"}}],\"inLanguage\":\"it-IT\"},{\"@type\":\"Person\",\"@id\":\"https:\/\/www.noidiqua.it\/Montale\/#\/schema\/person\/858b1b9db61101126e5ded39f94daedb\",\"name\":\"Massimo Cappelli\",\"image\":{\"@type\":\"ImageObject\",\"inLanguage\":\"it-IT\",\"@id\":\"https:\/\/www.noidiqua.it\/Montale\/#\/schema\/person\/image\/\",\"url\":\"https:\/\/secure.gravatar.com\/avatar\/0e7261535228aa9bb0417ab8f42f3fadaf8ce23bdfde46c689c43410a676cfa9?s=96&d=mm&r=g\",\"contentUrl\":\"https:\/\/secure.gravatar.com\/avatar\/0e7261535228aa9bb0417ab8f42f3fadaf8ce23bdfde46c689c43410a676cfa9?s=96&d=mm&r=g\",\"caption\":\"Massimo Cappelli\"},\"url\":\"https:\/\/www.noidiqua.it\/Montale\/author\/massimo-cappelli\/\"}]}<\/script>\n<!-- \/ Yoast SEO plugin. -->","yoast_head_json":{"title":"2008\/2025 \u2013 siamo diventati Maggiorenni! - Noi di Qua Testata giornalistica e di attualit\u00e0 di Agliana, Montale e Quarrata.","robots":{"index":"index","follow":"follow","max-snippet":"max-snippet:-1","max-image-preview":"max-image-preview:large","max-video-preview":"max-video-preview:-1"},"canonical":"https:\/\/www.noidiqua.it\/Montale\/2008-2025-siamo-diventati-maggiorenni\/","og_locale":"it_IT","og_type":"article","og_title":"2008\/2025 \u2013 siamo diventati Maggiorenni! - Noi di Qua Testata giornalistica e di attualit\u00e0 di Agliana, Montale e Quarrata.","og_description":"di Massimo Cappelli marzo 2025 NoiDiQua, in questo 2025 arriva al suo\u00a0diciottesimo anno\u00a0di vita. Con il primo numero di quest\u2019anno, sommando le edizioni di Quarrata, Agliana e Montale, abbiamo stampato ben 178 numeri, e ho perso il conto dei personaggi raccontati ma credo siano qualche migliaio (forse 3.000 o 3.500). E i personaggi conducono [&hellip;]","og_url":"https:\/\/www.noidiqua.it\/Montale\/2008-2025-siamo-diventati-maggiorenni\/","og_site_name":"Noi di Qua Testata giornalistica e di attualit\u00e0 di Agliana, Montale e Quarrata.","article_publisher":"https:\/\/www.facebook.com\/noidiqua.trimestrale\/","article_published_time":"2025-03-13T11:13:19+00:00","article_modified_time":"2025-04-24T10:13:33+00:00","og_image":[{"url":"https:\/\/www.noidiqua.it\/Montale\/wp-content\/uploads\/2025\/04\/concludendo.png","type":"","width":"","height":""}],"author":"Massimo Cappelli","twitter_misc":{"Scritto da":"Massimo Cappelli","Tempo di lettura stimato":"5 minuti"},"schema":{"@context":"https:\/\/schema.org","@graph":[{"@type":"WebPage","@id":"https:\/\/www.noidiqua.it\/Montale\/2008-2025-siamo-diventati-maggiorenni\/","url":"https:\/\/www.noidiqua.it\/Montale\/2008-2025-siamo-diventati-maggiorenni\/","name":"2008\/2025 \u2013 siamo diventati Maggiorenni! - Noi di Qua Testata giornalistica e di attualit\u00e0 di Agliana, Montale e Quarrata.","isPartOf":{"@id":"https:\/\/www.noidiqua.it\/Montale\/#website"},"primaryImageOfPage":{"@id":"https:\/\/www.noidiqua.it\/Montale\/2008-2025-siamo-diventati-maggiorenni\/#primaryimage"},"image":{"@id":"https:\/\/www.noidiqua.it\/Montale\/2008-2025-siamo-diventati-maggiorenni\/#primaryimage"},"thumbnailUrl":"https:\/\/www.noidiqua.it\/Montale\/wp-content\/uploads\/2025\/04\/concludendo.png","datePublished":"2025-03-13T11:13:19+00:00","dateModified":"2025-04-24T10:13:33+00:00","author":{"@id":"https:\/\/www.noidiqua.it\/Montale\/#\/schema\/person\/858b1b9db61101126e5ded39f94daedb"},"breadcrumb":{"@id":"https:\/\/www.noidiqua.it\/Montale\/2008-2025-siamo-diventati-maggiorenni\/#breadcrumb"},"inLanguage":"it-IT","potentialAction":[{"@type":"ReadAction","target":["https:\/\/www.noidiqua.it\/Montale\/2008-2025-siamo-diventati-maggiorenni\/"]}]},{"@type":"ImageObject","inLanguage":"it-IT","@id":"https:\/\/www.noidiqua.it\/Montale\/2008-2025-siamo-diventati-maggiorenni\/#primaryimage","url":"https:\/\/www.noidiqua.it\/Montale\/wp-content\/uploads\/2025\/04\/concludendo.png","contentUrl":"https:\/\/www.noidiqua.it\/Montale\/wp-content\/uploads\/2025\/04\/concludendo.png","width":500,"height":333},{"@type":"BreadcrumbList","@id":"https:\/\/www.noidiqua.it\/Montale\/2008-2025-siamo-diventati-maggiorenni\/#breadcrumb","itemListElement":[{"@type":"ListItem","position":1,"name":"Home","item":"https:\/\/www.noidiqua.it\/Montale\/"},{"@type":"ListItem","position":2,"name":"2008\/2025 \u2013 siamo diventati Maggiorenni!"}]},{"@type":"WebSite","@id":"https:\/\/www.noidiqua.it\/Montale\/#website","url":"https:\/\/www.noidiqua.it\/Montale\/","name":"Noi di Qua Testata giornalistica e di attualit\u00e0 di Agliana, Montale e Quarrata.","description":"Testata Giornalistica Quarrata Montale Agliana","potentialAction":[{"@type":"SearchAction","target":{"@type":"EntryPoint","urlTemplate":"https:\/\/www.noidiqua.it\/Montale\/?s={search_term_string}"},"query-input":{"@type":"PropertyValueSpecification","valueRequired":true,"valueName":"search_term_string"}}],"inLanguage":"it-IT"},{"@type":"Person","@id":"https:\/\/www.noidiqua.it\/Montale\/#\/schema\/person\/858b1b9db61101126e5ded39f94daedb","name":"Massimo Cappelli","image":{"@type":"ImageObject","inLanguage":"it-IT","@id":"https:\/\/www.noidiqua.it\/Montale\/#\/schema\/person\/image\/","url":"https:\/\/secure.gravatar.com\/avatar\/0e7261535228aa9bb0417ab8f42f3fadaf8ce23bdfde46c689c43410a676cfa9?s=96&d=mm&r=g","contentUrl":"https:\/\/secure.gravatar.com\/avatar\/0e7261535228aa9bb0417ab8f42f3fadaf8ce23bdfde46c689c43410a676cfa9?s=96&d=mm&r=g","caption":"Massimo Cappelli"},"url":"https:\/\/www.noidiqua.it\/Montale\/author\/massimo-cappelli\/"}]}},"_links":{"self":[{"href":"https:\/\/www.noidiqua.it\/Montale\/wp-json\/wp\/v2\/posts\/9035","targetHints":{"allow":["GET"]}}],"collection":[{"href":"https:\/\/www.noidiqua.it\/Montale\/wp-json\/wp\/v2\/posts"}],"about":[{"href":"https:\/\/www.noidiqua.it\/Montale\/wp-json\/wp\/v2\/types\/post"}],"author":[{"embeddable":true,"href":"https:\/\/www.noidiqua.it\/Montale\/wp-json\/wp\/v2\/users\/7"}],"replies":[{"embeddable":true,"href":"https:\/\/www.noidiqua.it\/Montale\/wp-json\/wp\/v2\/comments?post=9035"}],"version-history":[{"count":1,"href":"https:\/\/www.noidiqua.it\/Montale\/wp-json\/wp\/v2\/posts\/9035\/revisions"}],"predecessor-version":[{"id":9037,"href":"https:\/\/www.noidiqua.it\/Montale\/wp-json\/wp\/v2\/posts\/9035\/revisions\/9037"}],"wp:attachment":[{"href":"https:\/\/www.noidiqua.it\/Montale\/wp-json\/wp\/v2\/media?parent=9035"}],"wp:term":[{"taxonomy":"category","embeddable":true,"href":"https:\/\/www.noidiqua.it\/Montale\/wp-json\/wp\/v2\/categories?post=9035"},{"taxonomy":"post_tag","embeddable":true,"href":"https:\/\/www.noidiqua.it\/Montale\/wp-json\/wp\/v2\/tags?post=9035"}],"curies":[{"name":"wp","href":"https:\/\/api.w.org\/{rel}","templated":true}]}}