{"id":9042,"date":"2025-06-12T12:32:41","date_gmt":"2025-06-12T10:32:41","guid":{"rendered":"https:\/\/www.noidiqua.it\/Montale\/?p=9042"},"modified":"2025-07-10T11:49:12","modified_gmt":"2025-07-10T09:49:12","slug":"associazione-commercianti-montalesi","status":"publish","type":"post","link":"https:\/\/www.noidiqua.it\/Montale\/associazione-commercianti-montalesi\/","title":{"rendered":"Associazione Commercianti Montalesi"},"content":{"rendered":"<p><em>di Giacomo Bini<\/em><\/p>\n<p><em>giugno 2025<\/em><\/p>\n<p><a href=\"https:\/\/www.noidiqua.it\/Montale\/wp-content\/uploads\/2025\/07\/Associazione-Commercianti-Montalesi.png\" rel=\"wp-prettyPhoto[9042]\"><img loading=\"lazy\" decoding=\"async\" class=\"aligncenter size-full wp-image-9043\" src=\"https:\/\/www.noidiqua.it\/Montale\/wp-content\/uploads\/2025\/07\/Associazione-Commercianti-Montalesi.png\" alt=\"\" width=\"503\" height=\"335\" srcset=\"https:\/\/www.noidiqua.it\/Montale\/wp-content\/uploads\/2025\/07\/Associazione-Commercianti-Montalesi.png 503w, https:\/\/www.noidiqua.it\/Montale\/wp-content\/uploads\/2025\/07\/Associazione-Commercianti-Montalesi-300x200.png 300w\" sizes=\"auto, (max-width: 503px) 100vw, 503px\" \/><\/a><\/p>\n<p class=\"p1\" style=\"text-align: justify;\"><span class=\"s1\">La Festa della Pesca, in programma marted\u00ec 15 luglio, \u00e8 il secondo evento organizzato dall\u2019<strong>Associazione Commercianti Montalesi<\/strong> una realt\u00e0 associativa che riunisce al momento 47 esercenti e aziende di Montale con l\u2019intenzione di promuovere e valorizzare il territorio. L\u2019intenzione dell\u2019associazione \u00e8 quella di unire le forze per organizzare <strong>manifestazioni<\/strong> di qualit\u00e0 capaci di attrarre visitatori e di mostrare le potenzialit\u00e0 del paese di <strong>Montale<\/strong> sia dal punto di vista dell\u2019offerta commerciale e delle capacit\u00e0 imprenditoriali e organizzative. L\u2019Associazione \u00e8 nata nello scorso ottobre e ha subito raccolto una vasta adesione a testimonianza della vitalit\u00e0 del mondo commerciale del territorio. Il primo evento promosso dall\u2019associazione si \u00e8 svolto l\u20198 dicembre scorso col titolo \u201c<strong>Montale sotto Natale<\/strong>\u201d ed \u00e8 stato subito un successo perch\u00e9 il mercato natalizio che ha occupato il centro del paese \u00e8 stato molto frequentato ed ha dato ai commercianti la conferma della validit\u00e0 del loro progetto e la motivazione ad andare avanti con un\u2019altra iniziativa nel periodo estivo. E\u2019 sorta cos\u00ec l\u2019idea della Festa della Pesca che vuole valorizzare una tradizione produttiva che caratterizza Montale da sempre e che meritava di essere messa in evidenza. I <strong>pescheti<\/strong> sono infatti un elemento costitutivo del paesaggio e della realt\u00e0 agricola della pianura montalese tanto da rappresentarne un fattore <strong>identitario<\/strong> e biglietto da visita per chi viene da fuori. <\/span><\/p>\n<p class=\"p1\" style=\"text-align: justify;\"><span class=\"s1\">La Festa della Pesca del 15 luglio animer\u00e0 a partire dalle 18,30 le principali strade del centro e la piazza Matteotti con la presenza di moltissimi stand di ristoranti, pizzerie, alimentari, macellerie, pasticcerie e gelaterie del territorio oltre, naturalmente, alle aziende agricole produttrici delle pesche e di altri frutti della terra montalese. Sar\u00e0 allestito un labirinto di piante da parte della ditta \u201c<strong>Vivo Piante Societ\u00e0 Agricola<\/strong>\u201d di Pistoia che fornir\u00e0 l\u2019ornamento verde della festa. Non mancher\u00e0 la musica e uno spazio per i bambini animato dalle associazioni sportive di Montale. L\u2019iniziativa si avvale del patrocinio del Comune di Montale e della collaborazione di <strong>Confcommercio<\/strong>. <\/span><\/p>\n<p class=\"p1\" style=\"text-align: justify;\"><span class=\"s1\">L\u2019Associazione si \u00e8 data un direttivo formato da Elena Lenzi, Arianna Agnorelli, Elena Regolini, Francesca Nardi ed <strong>Emilio Bertini<\/strong> con il ruolo di presidente. Ecco l\u2019elenco dei componenti : <i>Alimentari Barni Luca, Alimentari Enzo e Sabrina, Arti Orafe, Azienda agricola Il fontanaccio, Azienda agricola La Smilea, Azienda agricola Santanni, Bar Elle, Bar Francesca, Bar Marianna, Berti Abbigliamento, BullBarber, Cartolibreria Grillo Parlante, Centro orafo, Ci vuole un fiore, Civico 119, Comitoon, Dolci Delizie, Estetica Benessere, Estetica Makeup, Estetica Mini, Fioreria L&#8217;immagine, Fiorista Laila, Gelateria Azzurra, Hula-hoop, I Casciaro, I colli, Il chicco di grano, Il Cochino, Il Fienile, La ciccia di Simone, La Rotonda, Le Blanc, LM Parrucchiere, Lul\u00f9 Abbigliamento, Macelleria Meoni , Mesticheria Montalese, Nuove Idee di Meri, Okidoki, Oltre parrucchieri, Orlo e cucito, Ottica Elena Lenzi, Panificio Torracchi, Pizzeria Tobago, Rossini La Pasticceria, Supermercati Votino, Teneri Capricci, The original Shabby, Wine Republic<\/i>. <\/span><\/p>","protected":false},"excerpt":{"rendered":"<p>di Giacomo Bini giugno 2025 La Festa della Pesca, in programma marted\u00ec 15 luglio, \u00e8 il secondo evento organizzato dall\u2019Associazione Commercianti Montalesi una realt\u00e0 associativa che riunisce al momento 47 esercenti e aziende di Montale con l\u2019intenzione di promuovere e valorizzare il territorio. L\u2019intenzione dell\u2019associazione \u00e8 quella di unire le forze per organizzare manifestazioni [&hellip;]<\/p>","protected":false},"author":12,"featured_media":9043,"comment_status":"open","ping_status":"open","sticky":false,"template":"","format":"standard","meta":{"footnotes":""},"categories":[2621,7,1],"tags":[4539,1756,858,1691,4542,4544,995,4540,4541,4543],"class_list":["post-9042","post","type-post","status-publish","format-standard","has-post-thumbnail","hentry","category-da-sottolineare","category-mt","category-senza-categoria","tag-associazione-commercianti-montalesi","tag-coldiretti","tag-confcommercio","tag-emilio-bertini","tag-identitario","tag-manifestazioni","tag-mt","tag-montale-sotto-natale","tag-pescheti","tag-vivo-piante-societa-agricola"],"yoast_head":"<!-- This site is optimized with the Yoast SEO plugin v25.5 - https:\/\/yoast.com\/wordpress\/plugins\/seo\/ -->\n<title>Associazione Commercianti Montalesi - Noi di Qua Testata giornalistica e di attualit\u00e0 di Agliana, Montale e Quarrata.<\/title>\n<meta name=\"robots\" content=\"index, follow, max-snippet:-1, max-image-preview:large, max-video-preview:-1\" \/>\n<link rel=\"canonical\" href=\"https:\/\/www.noidiqua.it\/Montale\/associazione-commercianti-montalesi\/\" \/>\n<meta property=\"og:locale\" content=\"it_IT\" \/>\n<meta property=\"og:type\" content=\"article\" \/>\n<meta property=\"og:title\" content=\"Associazione Commercianti Montalesi - Noi di Qua Testata giornalistica e di attualit\u00e0 di Agliana, Montale e Quarrata.\" \/>\n<meta property=\"og:description\" content=\"di Giacomo Bini giugno 2025 La Festa della Pesca, in programma marted\u00ec 15 luglio, \u00e8 il secondo evento organizzato dall\u2019Associazione Commercianti Montalesi una realt\u00e0 associativa che riunisce al momento 47 esercenti e aziende di Montale con l\u2019intenzione di promuovere e valorizzare il territorio. L\u2019intenzione dell\u2019associazione \u00e8 quella di unire le forze per organizzare manifestazioni [&hellip;]\" \/>\n<meta property=\"og:url\" content=\"https:\/\/www.noidiqua.it\/Montale\/associazione-commercianti-montalesi\/\" \/>\n<meta property=\"og:site_name\" content=\"Noi di Qua Testata giornalistica e di attualit\u00e0 di Agliana, Montale e Quarrata.\" \/>\n<meta property=\"article:publisher\" content=\"https:\/\/www.facebook.com\/noidiqua.trimestrale\/\" \/>\n<meta property=\"article:published_time\" content=\"2025-06-12T10:32:41+00:00\" \/>\n<meta property=\"article:modified_time\" content=\"2025-07-10T09:49:12+00:00\" \/>\n<meta property=\"og:image\" content=\"https:\/\/www.noidiqua.it\/Montale\/wp-content\/uploads\/2025\/07\/Associazione-Commercianti-Montalesi.png\" \/>\n\t<meta property=\"og:image:width\" content=\"503\" \/>\n\t<meta property=\"og:image:height\" content=\"335\" \/>\n\t<meta property=\"og:image:type\" content=\"image\/png\" \/>\n<meta name=\"author\" content=\"Giacomo Bini\" \/>\n<meta name=\"twitter:label1\" content=\"Scritto da\" \/>\n\t<meta name=\"twitter:data1\" content=\"Giacomo Bini\" \/>\n\t<meta name=\"twitter:label2\" content=\"Tempo di lettura stimato\" \/>\n\t<meta name=\"twitter:data2\" content=\"3 minuti\" \/>\n<script type=\"application\/ld+json\" class=\"yoast-schema-graph\">{\"@context\":\"https:\/\/schema.org\",\"@graph\":[{\"@type\":\"WebPage\",\"@id\":\"https:\/\/www.noidiqua.it\/Montale\/associazione-commercianti-montalesi\/\",\"url\":\"https:\/\/www.noidiqua.it\/Montale\/associazione-commercianti-montalesi\/\",\"name\":\"Associazione Commercianti Montalesi - Noi di Qua Testata giornalistica e di attualit\u00e0 di Agliana, Montale e Quarrata.\",\"isPartOf\":{\"@id\":\"https:\/\/www.noidiqua.it\/Montale\/#website\"},\"primaryImageOfPage\":{\"@id\":\"https:\/\/www.noidiqua.it\/Montale\/associazione-commercianti-montalesi\/#primaryimage\"},\"image\":{\"@id\":\"https:\/\/www.noidiqua.it\/Montale\/associazione-commercianti-montalesi\/#primaryimage\"},\"thumbnailUrl\":\"https:\/\/www.noidiqua.it\/Montale\/wp-content\/uploads\/2025\/07\/Associazione-Commercianti-Montalesi.png\",\"datePublished\":\"2025-06-12T10:32:41+00:00\",\"dateModified\":\"2025-07-10T09:49:12+00:00\",\"author\":{\"@id\":\"https:\/\/www.noidiqua.it\/Montale\/#\/schema\/person\/e2e6f44da50af0dae9c90ad168e471a4\"},\"breadcrumb\":{\"@id\":\"https:\/\/www.noidiqua.it\/Montale\/associazione-commercianti-montalesi\/#breadcrumb\"},\"inLanguage\":\"it-IT\",\"potentialAction\":[{\"@type\":\"ReadAction\",\"target\":[\"https:\/\/www.noidiqua.it\/Montale\/associazione-commercianti-montalesi\/\"]}]},{\"@type\":\"ImageObject\",\"inLanguage\":\"it-IT\",\"@id\":\"https:\/\/www.noidiqua.it\/Montale\/associazione-commercianti-montalesi\/#primaryimage\",\"url\":\"https:\/\/www.noidiqua.it\/Montale\/wp-content\/uploads\/2025\/07\/Associazione-Commercianti-Montalesi.png\",\"contentUrl\":\"https:\/\/www.noidiqua.it\/Montale\/wp-content\/uploads\/2025\/07\/Associazione-Commercianti-Montalesi.png\",\"width\":503,\"height\":335},{\"@type\":\"BreadcrumbList\",\"@id\":\"https:\/\/www.noidiqua.it\/Montale\/associazione-commercianti-montalesi\/#breadcrumb\",\"itemListElement\":[{\"@type\":\"ListItem\",\"position\":1,\"name\":\"Home\",\"item\":\"https:\/\/www.noidiqua.it\/Montale\/\"},{\"@type\":\"ListItem\",\"position\":2,\"name\":\"Associazione Commercianti Montalesi\"}]},{\"@type\":\"WebSite\",\"@id\":\"https:\/\/www.noidiqua.it\/Montale\/#website\",\"url\":\"https:\/\/www.noidiqua.it\/Montale\/\",\"name\":\"Noi di Qua Testata giornalistica e di attualit\u00e0 di Agliana, Montale e Quarrata.\",\"description\":\"Testata Giornalistica Quarrata Montale Agliana\",\"potentialAction\":[{\"@type\":\"SearchAction\",\"target\":{\"@type\":\"EntryPoint\",\"urlTemplate\":\"https:\/\/www.noidiqua.it\/Montale\/?s={search_term_string}\"},\"query-input\":{\"@type\":\"PropertyValueSpecification\",\"valueRequired\":true,\"valueName\":\"search_term_string\"}}],\"inLanguage\":\"it-IT\"},{\"@type\":\"Person\",\"@id\":\"https:\/\/www.noidiqua.it\/Montale\/#\/schema\/person\/e2e6f44da50af0dae9c90ad168e471a4\",\"name\":\"Giacomo Bini\",\"image\":{\"@type\":\"ImageObject\",\"inLanguage\":\"it-IT\",\"@id\":\"https:\/\/www.noidiqua.it\/Montale\/#\/schema\/person\/image\/\",\"url\":\"https:\/\/secure.gravatar.com\/avatar\/e5c18ae41df5ae37397358f2c6046696187d51a120c5d0b8f0c49f7b606f46f4?s=96&d=mm&r=g\",\"contentUrl\":\"https:\/\/secure.gravatar.com\/avatar\/e5c18ae41df5ae37397358f2c6046696187d51a120c5d0b8f0c49f7b606f46f4?s=96&d=mm&r=g\",\"caption\":\"Giacomo Bini\"},\"url\":\"https:\/\/www.noidiqua.it\/Montale\/author\/giacomo-bini\/\"}]}<\/script>\n<!-- \/ Yoast SEO plugin. -->","yoast_head_json":{"title":"Associazione Commercianti Montalesi - Noi di Qua Testata giornalistica e di attualit\u00e0 di Agliana, Montale e Quarrata.","robots":{"index":"index","follow":"follow","max-snippet":"max-snippet:-1","max-image-preview":"max-image-preview:large","max-video-preview":"max-video-preview:-1"},"canonical":"https:\/\/www.noidiqua.it\/Montale\/associazione-commercianti-montalesi\/","og_locale":"it_IT","og_type":"article","og_title":"Associazione Commercianti Montalesi - Noi di Qua Testata giornalistica e di attualit\u00e0 di Agliana, Montale e Quarrata.","og_description":"di Giacomo Bini giugno 2025 La Festa della Pesca, in programma marted\u00ec 15 luglio, \u00e8 il secondo evento organizzato dall\u2019Associazione Commercianti Montalesi una realt\u00e0 associativa che riunisce al momento 47 esercenti e aziende di Montale con l\u2019intenzione di promuovere e valorizzare il territorio. L\u2019intenzione dell\u2019associazione \u00e8 quella di unire le forze per organizzare manifestazioni [&hellip;]","og_url":"https:\/\/www.noidiqua.it\/Montale\/associazione-commercianti-montalesi\/","og_site_name":"Noi di Qua Testata giornalistica e di attualit\u00e0 di Agliana, Montale e Quarrata.","article_publisher":"https:\/\/www.facebook.com\/noidiqua.trimestrale\/","article_published_time":"2025-06-12T10:32:41+00:00","article_modified_time":"2025-07-10T09:49:12+00:00","og_image":[{"width":503,"height":335,"url":"https:\/\/www.noidiqua.it\/Montale\/wp-content\/uploads\/2025\/07\/Associazione-Commercianti-Montalesi.png","type":"image\/png"}],"author":"Giacomo Bini","twitter_misc":{"Scritto da":"Giacomo Bini","Tempo di lettura stimato":"3 minuti"},"schema":{"@context":"https:\/\/schema.org","@graph":[{"@type":"WebPage","@id":"https:\/\/www.noidiqua.it\/Montale\/associazione-commercianti-montalesi\/","url":"https:\/\/www.noidiqua.it\/Montale\/associazione-commercianti-montalesi\/","name":"Associazione Commercianti Montalesi - Noi di Qua Testata giornalistica e di attualit\u00e0 di Agliana, Montale e Quarrata.","isPartOf":{"@id":"https:\/\/www.noidiqua.it\/Montale\/#website"},"primaryImageOfPage":{"@id":"https:\/\/www.noidiqua.it\/Montale\/associazione-commercianti-montalesi\/#primaryimage"},"image":{"@id":"https:\/\/www.noidiqua.it\/Montale\/associazione-commercianti-montalesi\/#primaryimage"},"thumbnailUrl":"https:\/\/www.noidiqua.it\/Montale\/wp-content\/uploads\/2025\/07\/Associazione-Commercianti-Montalesi.png","datePublished":"2025-06-12T10:32:41+00:00","dateModified":"2025-07-10T09:49:12+00:00","author":{"@id":"https:\/\/www.noidiqua.it\/Montale\/#\/schema\/person\/e2e6f44da50af0dae9c90ad168e471a4"},"breadcrumb":{"@id":"https:\/\/www.noidiqua.it\/Montale\/associazione-commercianti-montalesi\/#breadcrumb"},"inLanguage":"it-IT","potentialAction":[{"@type":"ReadAction","target":["https:\/\/www.noidiqua.it\/Montale\/associazione-commercianti-montalesi\/"]}]},{"@type":"ImageObject","inLanguage":"it-IT","@id":"https:\/\/www.noidiqua.it\/Montale\/associazione-commercianti-montalesi\/#primaryimage","url":"https:\/\/www.noidiqua.it\/Montale\/wp-content\/uploads\/2025\/07\/Associazione-Commercianti-Montalesi.png","contentUrl":"https:\/\/www.noidiqua.it\/Montale\/wp-content\/uploads\/2025\/07\/Associazione-Commercianti-Montalesi.png","width":503,"height":335},{"@type":"BreadcrumbList","@id":"https:\/\/www.noidiqua.it\/Montale\/associazione-commercianti-montalesi\/#breadcrumb","itemListElement":[{"@type":"ListItem","position":1,"name":"Home","item":"https:\/\/www.noidiqua.it\/Montale\/"},{"@type":"ListItem","position":2,"name":"Associazione Commercianti Montalesi"}]},{"@type":"WebSite","@id":"https:\/\/www.noidiqua.it\/Montale\/#website","url":"https:\/\/www.noidiqua.it\/Montale\/","name":"Noi di Qua Testata giornalistica e di attualit\u00e0 di Agliana, Montale e Quarrata.","description":"Testata Giornalistica Quarrata Montale Agliana","potentialAction":[{"@type":"SearchAction","target":{"@type":"EntryPoint","urlTemplate":"https:\/\/www.noidiqua.it\/Montale\/?s={search_term_string}"},"query-input":{"@type":"PropertyValueSpecification","valueRequired":true,"valueName":"search_term_string"}}],"inLanguage":"it-IT"},{"@type":"Person","@id":"https:\/\/www.noidiqua.it\/Montale\/#\/schema\/person\/e2e6f44da50af0dae9c90ad168e471a4","name":"Giacomo Bini","image":{"@type":"ImageObject","inLanguage":"it-IT","@id":"https:\/\/www.noidiqua.it\/Montale\/#\/schema\/person\/image\/","url":"https:\/\/secure.gravatar.com\/avatar\/e5c18ae41df5ae37397358f2c6046696187d51a120c5d0b8f0c49f7b606f46f4?s=96&d=mm&r=g","contentUrl":"https:\/\/secure.gravatar.com\/avatar\/e5c18ae41df5ae37397358f2c6046696187d51a120c5d0b8f0c49f7b606f46f4?s=96&d=mm&r=g","caption":"Giacomo Bini"},"url":"https:\/\/www.noidiqua.it\/Montale\/author\/giacomo-bini\/"}]}},"_links":{"self":[{"href":"https:\/\/www.noidiqua.it\/Montale\/wp-json\/wp\/v2\/posts\/9042","targetHints":{"allow":["GET"]}}],"collection":[{"href":"https:\/\/www.noidiqua.it\/Montale\/wp-json\/wp\/v2\/posts"}],"about":[{"href":"https:\/\/www.noidiqua.it\/Montale\/wp-json\/wp\/v2\/types\/post"}],"author":[{"embeddable":true,"href":"https:\/\/www.noidiqua.it\/Montale\/wp-json\/wp\/v2\/users\/12"}],"replies":[{"embeddable":true,"href":"https:\/\/www.noidiqua.it\/Montale\/wp-json\/wp\/v2\/comments?post=9042"}],"version-history":[{"count":5,"href":"https:\/\/www.noidiqua.it\/Montale\/wp-json\/wp\/v2\/posts\/9042\/revisions"}],"predecessor-version":[{"id":9048,"href":"https:\/\/www.noidiqua.it\/Montale\/wp-json\/wp\/v2\/posts\/9042\/revisions\/9048"}],"wp:featuredmedia":[{"embeddable":true,"href":"https:\/\/www.noidiqua.it\/Montale\/wp-json\/wp\/v2\/media\/9043"}],"wp:attachment":[{"href":"https:\/\/www.noidiqua.it\/Montale\/wp-json\/wp\/v2\/media?parent=9042"}],"wp:term":[{"taxonomy":"category","embeddable":true,"href":"https:\/\/www.noidiqua.it\/Montale\/wp-json\/wp\/v2\/categories?post=9042"},{"taxonomy":"post_tag","embeddable":true,"href":"https:\/\/www.noidiqua.it\/Montale\/wp-json\/wp\/v2\/tags?post=9042"}],"curies":[{"name":"wp","href":"https:\/\/api.w.org\/{rel}","templated":true}]}}