{"id":9074,"date":"2025-06-12T10:12:12","date_gmt":"2025-06-12T08:12:12","guid":{"rendered":"https:\/\/www.noidiqua.it\/Montale\/?p=9074"},"modified":"2025-10-27T16:31:32","modified_gmt":"2025-10-27T15:31:32","slug":"daniel-gialdini-la-meteorologia-la-scuola-e-il-cambiamento-climatico","status":"publish","type":"post","link":"https:\/\/www.noidiqua.it\/Montale\/daniel-gialdini-la-meteorologia-la-scuola-e-il-cambiamento-climatico\/","title":{"rendered":"Daniel Gialdini &#8211; La meteorologia,  la scuola e il cambiamento  climatico"},"content":{"rendered":"<p><em>di Marco Bagnoli<\/em><\/p>\n<p><em>giugno 2025<\/em><\/p>\n<p><a href=\"https:\/\/www.noidiqua.it\/Montale\/wp-content\/uploads\/2025\/07\/Daniel-Gialdini-1.png\" rel=\"wp-prettyPhoto[9074]\"><img loading=\"lazy\" decoding=\"async\" class=\"aligncenter size-full wp-image-9075\" src=\"https:\/\/www.noidiqua.it\/Montale\/wp-content\/uploads\/2025\/07\/Daniel-Gialdini-1.png\" alt=\"\" width=\"506\" height=\"384\" srcset=\"https:\/\/www.noidiqua.it\/Montale\/wp-content\/uploads\/2025\/07\/Daniel-Gialdini-1.png 506w, https:\/\/www.noidiqua.it\/Montale\/wp-content\/uploads\/2025\/07\/Daniel-Gialdini-1-300x228.png 300w\" sizes=\"auto, (max-width: 506px) 100vw, 506px\" \/><\/a><\/p>\n<p class=\"p1\" style=\"text-align: justify;\"><span class=\"s1\"><strong>Daniel Gialdini<\/strong> ha 32 anni, vive da sempre a <strong>Montale<\/strong> e da sempre ha una passione che lo anima: la <strong>meteorologia<\/strong>. Gi\u00e0 all\u2019et\u00e0 di sei anni un bel giorno lo cercavano, ed era fuori a guardar cadere la neve. Lui ancora non lo sapeva, ma quello stupore innamorato per il fenomeno bianco che fioccava da cielo, era un\u2019infatuazione bella e buona per la meteorologia. Da grande Daniel ha studiato per diventare <strong>geologo<\/strong>, anche se poi la tesi di Laurea l\u2019ha fatto sui <strong>modelli climatici<\/strong> della Toscana. E per non smentirsi, oggi \u00e8 professore di Chimica, Biologia e Scienze della Terra, presso il Liceo Scientifico Mantellate di Pistoia. <\/span><span class=\"s1\">E ai suoi ragazzi, che partono dai sedici ma arrivano anche ai vent\u2019anni, racconta una storia che in giro viene troppo spesso presa come una mezza favoletta: racconta la vicenda vera del <strong>cambiamento climatico<\/strong>. E loro che dicono? Gli andrebbe chiesto, e forse un giorno lo faremo. Di sicuro, nella variet\u00e0 di ogni singola sensibilit\u00e0, molti hanno un po&#8217; sgranato gli occhi quando Daniel tratteggiava questo <strong>mostro gigantesco<\/strong> che ogni tanto fa vento e bufera su di noi \u2013 e che molti ancora non vogliono proprio vedere. Forse perch\u00e9 certe notizie, a furia di ripeterle, possono sembrare sempre meno autentiche, finendo magari per dare tutta la colpa soltanto alla manutenzione dei corsi d\u2019acqua e alla <strong>cementificazione selvaggia<\/strong>. <\/span><\/p>\n<p class=\"p1\" style=\"text-align: justify;\"><span class=\"s1\">Eppure sappiamo che alcuni eventi meteorologici dei nostri tempi non hanno uguali nel volgere di decenni, basti pensare ala grandinata del 2 giugno 2023 a Montale, che non si ricorda in cinquant\u2019anni. Daniel ai suoi ragazzi ha spiegato il fenomeno disastroso del 2 novembre dello scorso anno, e ha riportato dati di prima mano, una testimonianza resa dall\u2019uomo della porta accanto, vale a dire i dati raccolti da lui in prima persona attraverso la sua centralina di <strong>rilevazione personale<\/strong>, collocata a Stazione dal 2019, la sola del Comune di Montale, e accessibile a tutti online; i suoi dati vengono utilizzati anche da alcune testate nazionali, e questo tipo di centraline si vanno sempre pi\u00f9 diffondendo assieme all\u2019interesse per la materia. E questi dati ci mostrano un andamento che va inesorabilmente peggiorando, tanto nei <strong>fenomeni estremi<\/strong>, tanto ad esempio negli estremi picchi di temperatura. Sembra ormai una noiosa litania, quella dell\u2019estate ogni volta pi\u00f9 torrida delle precedenti, ma \u00e8 proprio cos\u00ec. Ma siccome Daniel non \u00e8 solo un appassionato di meteorologia, uno che va incontro ai <strong>fronti temporaleschi<\/strong>, magari anche nelle regioni pi\u00f9 a nord, e che adora mettersi l\u00ec a fotografare le nuvole cariche di pioggia, o anche solo a godersi il temporalone in tutta la sua selvaggia bellezza \u2013 e siccome \u00e8 un divulgatore, per mestiere e per vocazione, un barlume di speranza ce la da.<\/span><\/p>\n<p><a href=\"https:\/\/www.noidiqua.it\/Montale\/wp-content\/uploads\/2025\/07\/Daniel-Gialdini-3.png\" rel=\"wp-prettyPhoto[9074]\"><img loading=\"lazy\" decoding=\"async\" class=\"aligncenter size-full wp-image-9076\" src=\"https:\/\/www.noidiqua.it\/Montale\/wp-content\/uploads\/2025\/07\/Daniel-Gialdini-3.png\" alt=\"\" width=\"506\" height=\"246\" srcset=\"https:\/\/www.noidiqua.it\/Montale\/wp-content\/uploads\/2025\/07\/Daniel-Gialdini-3.png 506w, https:\/\/www.noidiqua.it\/Montale\/wp-content\/uploads\/2025\/07\/Daniel-Gialdini-3-300x146.png 300w\" sizes=\"auto, (max-width: 506px) 100vw, 506px\" \/><\/a><\/p>\n<p class=\"p1\" style=\"text-align: justify;\"><span class=\"s1\">Insomma, cosa possiamo fare, noi singoli cittadini, noi collettivit\u00e0 di provincia, per gettare un occhio oltre l\u2019ombrello sulla nostra testa e guardare avanti un po&#8217; pi\u00f9 sereni? Cambiare. Adottare uno stile di vita che abbia un valore e un senso nella nostra individualit\u00e0, e quindi nel nostro vivere insieme agli altri. Produrre meno <strong>inquinamento<\/strong>, usare meno l\u2019auto, consumare di meno \u2013 e il tutto, si badi bene, nella consapevolezza che \u00e8 difficilissimo, e che non produrr\u00e0 effetti domani mattina. <\/span><\/p>\n<p class=\"p1\" style=\"text-align: justify;\"><span class=\"s1\">Intanto, comunque, l\u2019attenzione per la materia che sta tanto a cuore a Daniel riscuote un successo discreto, sia nella sua pagina Facebook e Instagram, \u201cMeteo Pistoia e Prato\u201d, sia sulla pagina collettiva nazionale \u201c<strong>Meteo Pop<\/strong>\u201d, 2.000 follower per la prima e circa 120.000 la seconda. L\u2019intento non \u00e8 quello di fare una rivoluzione culturale, o di volersi \u201ccomprare\u201d un partito politico che metta in bilancio la difesa del territorio. Ma certo ogni scelta, ogni idea, ogni voto dato in qualsivoglia direzione, pu\u00f2 contribuire a orientare non tanto un risultato elettorale, ma proprio un orientamento complessivo della vita che vogliamo.<\/span><\/p>\n<p><a href=\"https:\/\/www.noidiqua.it\/Montale\/wp-content\/uploads\/2025\/07\/Daniel-Gialdini-2.png\" rel=\"wp-prettyPhoto[9074]\"><img loading=\"lazy\" decoding=\"async\" class=\"aligncenter size-full wp-image-9077\" src=\"https:\/\/www.noidiqua.it\/Montale\/wp-content\/uploads\/2025\/07\/Daniel-Gialdini-2.png\" alt=\"\" width=\"507\" height=\"380\" srcset=\"https:\/\/www.noidiqua.it\/Montale\/wp-content\/uploads\/2025\/07\/Daniel-Gialdini-2.png 507w, https:\/\/www.noidiqua.it\/Montale\/wp-content\/uploads\/2025\/07\/Daniel-Gialdini-2-300x225.png 300w\" sizes=\"auto, (max-width: 507px) 100vw, 507px\" \/><\/a><\/p>\n<p class=\"p1\" style=\"text-align: justify;\"><span class=\"s1\">E comunque, per concludere, ci basti pensare al fatto che il clima cambia, sempre, da sempre; solo che quelle mutazioni che si verificavano in 15.000 anni, adesso sono in moto nel volgere di appena un secolo. Insomma, bisogna essere attenti e curiosi, come gli alunni di Daniel. E magari porre anche pi\u00f9 considerazione a quegli strumenti che gi\u00e0 abbiamo, e che fanno molto, come il sistema di allerta delle <strong>Regione Toscana<\/strong>. Poi niente \u00e8 perfetto, ci mancherebbe, e qualche volta sembra che si stia gridando \u201cal lupo al lupo\u201d, e poi non succede niente. Sta a noi tenere l\u2019<strong>occhio vigile<\/strong>, perch\u00e9 le nuvole alle volte hanno l\u2019aspetto della pecora o del corvo, altre invece sono un lupo nero a tutti gli effetti, e quando il lupo \u00e8 arrivato ormai non scappi pi\u00f9.<\/span><\/p>\n<p>&nbsp;<\/p>\n<p class=\"p1\"><i>Foto sopra: la nevicata a Montale nel 2009<\/i><\/p>","protected":false},"excerpt":{"rendered":"<p>di Marco Bagnoli giugno 2025 Daniel Gialdini ha 32 anni, vive da sempre a Montale e da sempre ha una passione che lo anima: la meteorologia. Gi\u00e0 all\u2019et\u00e0 di sei anni un bel giorno lo cercavano, ed era fuori a guardar cadere la neve. Lui ancora non lo sapeva, ma quello stupore innamorato per [&hellip;]<\/p>","protected":false},"author":3,"featured_media":0,"comment_status":"open","ping_status":"open","sticky":false,"template":"","format":"standard","meta":{"footnotes":""},"categories":[7,13,170],"tags":[4590,4592,4586,4594,4595,4588,4596,4597,4587,4589,995,4591,4598,485,4593],"class_list":["post-9074","post","type-post","status-publish","format-standard","hentry","category-mt","category-personaggi-qt","category-persone-e-personaggi","tag-cambiamento-climatico","tag-cementificazione-selvaggia","tag-daniel-gialdini","tag-fenomeni-estremi","tag-fronti-temporaleschi","tag-geologo","tag-inquinamento","tag-meteo-pop","tag-meteorologia","tag-modelli-climatici","tag-mt","tag-mostro-gigantesco","tag-occhio-vigile","tag-regione-toscana","tag-rilevazione-personale"],"yoast_head":"<!-- This site is optimized with the Yoast SEO plugin v25.5 - https:\/\/yoast.com\/wordpress\/plugins\/seo\/ -->\n<title>Daniel Gialdini - La meteorologia, la scuola e il cambiamento climatico - Noi di Qua Testata giornalistica e di attualit\u00e0 di Agliana, Montale e Quarrata.<\/title>\n<meta name=\"robots\" content=\"index, follow, max-snippet:-1, max-image-preview:large, max-video-preview:-1\" \/>\n<link rel=\"canonical\" href=\"https:\/\/www.noidiqua.it\/Montale\/daniel-gialdini-la-meteorologia-la-scuola-e-il-cambiamento-climatico\/\" \/>\n<meta property=\"og:locale\" content=\"it_IT\" \/>\n<meta property=\"og:type\" content=\"article\" \/>\n<meta property=\"og:title\" content=\"Daniel Gialdini - La meteorologia, la scuola e il cambiamento climatico - Noi di Qua Testata giornalistica e di attualit\u00e0 di Agliana, Montale e Quarrata.\" \/>\n<meta property=\"og:description\" content=\"di Marco Bagnoli giugno 2025 Daniel Gialdini ha 32 anni, vive da sempre a Montale e da sempre ha una passione che lo anima: la meteorologia. Gi\u00e0 all\u2019et\u00e0 di sei anni un bel giorno lo cercavano, ed era fuori a guardar cadere la neve. Lui ancora non lo sapeva, ma quello stupore innamorato per [&hellip;]\" \/>\n<meta property=\"og:url\" content=\"https:\/\/www.noidiqua.it\/Montale\/daniel-gialdini-la-meteorologia-la-scuola-e-il-cambiamento-climatico\/\" \/>\n<meta property=\"og:site_name\" content=\"Noi di Qua Testata giornalistica e di attualit\u00e0 di Agliana, Montale e Quarrata.\" \/>\n<meta property=\"article:publisher\" content=\"https:\/\/www.facebook.com\/noidiqua.trimestrale\/\" \/>\n<meta property=\"article:published_time\" content=\"2025-06-12T08:12:12+00:00\" \/>\n<meta property=\"article:modified_time\" content=\"2025-10-27T15:31:32+00:00\" \/>\n<meta property=\"og:image\" content=\"https:\/\/www.noidiqua.it\/Montale\/wp-content\/uploads\/2025\/07\/Daniel-Gialdini-1.png\" \/>\n\t<meta property=\"og:image:width\" content=\"506\" \/>\n\t<meta property=\"og:image:height\" content=\"384\" \/>\n\t<meta property=\"og:image:type\" content=\"image\/png\" \/>\n<meta name=\"author\" content=\"Marco Bagnoli\" \/>\n<meta name=\"twitter:label1\" content=\"Scritto da\" \/>\n\t<meta name=\"twitter:data1\" content=\"Marco Bagnoli\" \/>\n\t<meta name=\"twitter:label2\" content=\"Tempo di lettura stimato\" \/>\n\t<meta name=\"twitter:data2\" content=\"5 minuti\" \/>\n<script type=\"application\/ld+json\" class=\"yoast-schema-graph\">{\"@context\":\"https:\/\/schema.org\",\"@graph\":[{\"@type\":\"WebPage\",\"@id\":\"https:\/\/www.noidiqua.it\/Montale\/daniel-gialdini-la-meteorologia-la-scuola-e-il-cambiamento-climatico\/\",\"url\":\"https:\/\/www.noidiqua.it\/Montale\/daniel-gialdini-la-meteorologia-la-scuola-e-il-cambiamento-climatico\/\",\"name\":\"Daniel Gialdini - La meteorologia, la scuola e il cambiamento climatico - Noi di Qua Testata giornalistica e di attualit\u00e0 di Agliana, Montale e Quarrata.\",\"isPartOf\":{\"@id\":\"https:\/\/www.noidiqua.it\/Montale\/#website\"},\"primaryImageOfPage\":{\"@id\":\"https:\/\/www.noidiqua.it\/Montale\/daniel-gialdini-la-meteorologia-la-scuola-e-il-cambiamento-climatico\/#primaryimage\"},\"image\":{\"@id\":\"https:\/\/www.noidiqua.it\/Montale\/daniel-gialdini-la-meteorologia-la-scuola-e-il-cambiamento-climatico\/#primaryimage\"},\"thumbnailUrl\":\"https:\/\/www.noidiqua.it\/Montale\/wp-content\/uploads\/2025\/07\/Daniel-Gialdini-1.png\",\"datePublished\":\"2025-06-12T08:12:12+00:00\",\"dateModified\":\"2025-10-27T15:31:32+00:00\",\"author\":{\"@id\":\"https:\/\/www.noidiqua.it\/Montale\/#\/schema\/person\/4e183cb0c6d7951e716a876aa702e1a2\"},\"breadcrumb\":{\"@id\":\"https:\/\/www.noidiqua.it\/Montale\/daniel-gialdini-la-meteorologia-la-scuola-e-il-cambiamento-climatico\/#breadcrumb\"},\"inLanguage\":\"it-IT\",\"potentialAction\":[{\"@type\":\"ReadAction\",\"target\":[\"https:\/\/www.noidiqua.it\/Montale\/daniel-gialdini-la-meteorologia-la-scuola-e-il-cambiamento-climatico\/\"]}]},{\"@type\":\"ImageObject\",\"inLanguage\":\"it-IT\",\"@id\":\"https:\/\/www.noidiqua.it\/Montale\/daniel-gialdini-la-meteorologia-la-scuola-e-il-cambiamento-climatico\/#primaryimage\",\"url\":\"https:\/\/www.noidiqua.it\/Montale\/wp-content\/uploads\/2025\/07\/Daniel-Gialdini-1.png\",\"contentUrl\":\"https:\/\/www.noidiqua.it\/Montale\/wp-content\/uploads\/2025\/07\/Daniel-Gialdini-1.png\",\"width\":506,\"height\":384},{\"@type\":\"BreadcrumbList\",\"@id\":\"https:\/\/www.noidiqua.it\/Montale\/daniel-gialdini-la-meteorologia-la-scuola-e-il-cambiamento-climatico\/#breadcrumb\",\"itemListElement\":[{\"@type\":\"ListItem\",\"position\":1,\"name\":\"Home\",\"item\":\"https:\/\/www.noidiqua.it\/Montale\/\"},{\"@type\":\"ListItem\",\"position\":2,\"name\":\"Daniel Gialdini &#8211; La meteorologia, la scuola e il cambiamento climatico\"}]},{\"@type\":\"WebSite\",\"@id\":\"https:\/\/www.noidiqua.it\/Montale\/#website\",\"url\":\"https:\/\/www.noidiqua.it\/Montale\/\",\"name\":\"Noi di Qua Testata giornalistica e di attualit\u00e0 di Agliana, Montale e Quarrata.\",\"description\":\"Testata Giornalistica Quarrata Montale Agliana\",\"potentialAction\":[{\"@type\":\"SearchAction\",\"target\":{\"@type\":\"EntryPoint\",\"urlTemplate\":\"https:\/\/www.noidiqua.it\/Montale\/?s={search_term_string}\"},\"query-input\":{\"@type\":\"PropertyValueSpecification\",\"valueRequired\":true,\"valueName\":\"search_term_string\"}}],\"inLanguage\":\"it-IT\"},{\"@type\":\"Person\",\"@id\":\"https:\/\/www.noidiqua.it\/Montale\/#\/schema\/person\/4e183cb0c6d7951e716a876aa702e1a2\",\"name\":\"Marco Bagnoli\",\"image\":{\"@type\":\"ImageObject\",\"inLanguage\":\"it-IT\",\"@id\":\"https:\/\/www.noidiqua.it\/Montale\/#\/schema\/person\/image\/\",\"url\":\"https:\/\/secure.gravatar.com\/avatar\/73ace53724c50db9c48af54756f17b7cdb015a9d8d2c08c7e04e480539a94eee?s=96&d=mm&r=g\",\"contentUrl\":\"https:\/\/secure.gravatar.com\/avatar\/73ace53724c50db9c48af54756f17b7cdb015a9d8d2c08c7e04e480539a94eee?s=96&d=mm&r=g\",\"caption\":\"Marco Bagnoli\"},\"url\":\"https:\/\/www.noidiqua.it\/Montale\/author\/marco-bagnoli\/\"}]}<\/script>\n<!-- \/ Yoast SEO plugin. -->","yoast_head_json":{"title":"Daniel Gialdini - La meteorologia, la scuola e il cambiamento climatico - Noi di Qua Testata giornalistica e di attualit\u00e0 di Agliana, Montale e Quarrata.","robots":{"index":"index","follow":"follow","max-snippet":"max-snippet:-1","max-image-preview":"max-image-preview:large","max-video-preview":"max-video-preview:-1"},"canonical":"https:\/\/www.noidiqua.it\/Montale\/daniel-gialdini-la-meteorologia-la-scuola-e-il-cambiamento-climatico\/","og_locale":"it_IT","og_type":"article","og_title":"Daniel Gialdini - La meteorologia, la scuola e il cambiamento climatico - Noi di Qua Testata giornalistica e di attualit\u00e0 di Agliana, Montale e Quarrata.","og_description":"di Marco Bagnoli giugno 2025 Daniel Gialdini ha 32 anni, vive da sempre a Montale e da sempre ha una passione che lo anima: la meteorologia. Gi\u00e0 all\u2019et\u00e0 di sei anni un bel giorno lo cercavano, ed era fuori a guardar cadere la neve. Lui ancora non lo sapeva, ma quello stupore innamorato per [&hellip;]","og_url":"https:\/\/www.noidiqua.it\/Montale\/daniel-gialdini-la-meteorologia-la-scuola-e-il-cambiamento-climatico\/","og_site_name":"Noi di Qua Testata giornalistica e di attualit\u00e0 di Agliana, Montale e Quarrata.","article_publisher":"https:\/\/www.facebook.com\/noidiqua.trimestrale\/","article_published_time":"2025-06-12T08:12:12+00:00","article_modified_time":"2025-10-27T15:31:32+00:00","og_image":[{"width":506,"height":384,"url":"https:\/\/www.noidiqua.it\/Montale\/wp-content\/uploads\/2025\/07\/Daniel-Gialdini-1.png","type":"image\/png"}],"author":"Marco Bagnoli","twitter_misc":{"Scritto da":"Marco Bagnoli","Tempo di lettura stimato":"5 minuti"},"schema":{"@context":"https:\/\/schema.org","@graph":[{"@type":"WebPage","@id":"https:\/\/www.noidiqua.it\/Montale\/daniel-gialdini-la-meteorologia-la-scuola-e-il-cambiamento-climatico\/","url":"https:\/\/www.noidiqua.it\/Montale\/daniel-gialdini-la-meteorologia-la-scuola-e-il-cambiamento-climatico\/","name":"Daniel Gialdini - La meteorologia, la scuola e il cambiamento climatico - Noi di Qua Testata giornalistica e di attualit\u00e0 di Agliana, Montale e Quarrata.","isPartOf":{"@id":"https:\/\/www.noidiqua.it\/Montale\/#website"},"primaryImageOfPage":{"@id":"https:\/\/www.noidiqua.it\/Montale\/daniel-gialdini-la-meteorologia-la-scuola-e-il-cambiamento-climatico\/#primaryimage"},"image":{"@id":"https:\/\/www.noidiqua.it\/Montale\/daniel-gialdini-la-meteorologia-la-scuola-e-il-cambiamento-climatico\/#primaryimage"},"thumbnailUrl":"https:\/\/www.noidiqua.it\/Montale\/wp-content\/uploads\/2025\/07\/Daniel-Gialdini-1.png","datePublished":"2025-06-12T08:12:12+00:00","dateModified":"2025-10-27T15:31:32+00:00","author":{"@id":"https:\/\/www.noidiqua.it\/Montale\/#\/schema\/person\/4e183cb0c6d7951e716a876aa702e1a2"},"breadcrumb":{"@id":"https:\/\/www.noidiqua.it\/Montale\/daniel-gialdini-la-meteorologia-la-scuola-e-il-cambiamento-climatico\/#breadcrumb"},"inLanguage":"it-IT","potentialAction":[{"@type":"ReadAction","target":["https:\/\/www.noidiqua.it\/Montale\/daniel-gialdini-la-meteorologia-la-scuola-e-il-cambiamento-climatico\/"]}]},{"@type":"ImageObject","inLanguage":"it-IT","@id":"https:\/\/www.noidiqua.it\/Montale\/daniel-gialdini-la-meteorologia-la-scuola-e-il-cambiamento-climatico\/#primaryimage","url":"https:\/\/www.noidiqua.it\/Montale\/wp-content\/uploads\/2025\/07\/Daniel-Gialdini-1.png","contentUrl":"https:\/\/www.noidiqua.it\/Montale\/wp-content\/uploads\/2025\/07\/Daniel-Gialdini-1.png","width":506,"height":384},{"@type":"BreadcrumbList","@id":"https:\/\/www.noidiqua.it\/Montale\/daniel-gialdini-la-meteorologia-la-scuola-e-il-cambiamento-climatico\/#breadcrumb","itemListElement":[{"@type":"ListItem","position":1,"name":"Home","item":"https:\/\/www.noidiqua.it\/Montale\/"},{"@type":"ListItem","position":2,"name":"Daniel Gialdini &#8211; La meteorologia, la scuola e il cambiamento climatico"}]},{"@type":"WebSite","@id":"https:\/\/www.noidiqua.it\/Montale\/#website","url":"https:\/\/www.noidiqua.it\/Montale\/","name":"Noi di Qua Testata giornalistica e di attualit\u00e0 di Agliana, Montale e Quarrata.","description":"Testata Giornalistica Quarrata Montale Agliana","potentialAction":[{"@type":"SearchAction","target":{"@type":"EntryPoint","urlTemplate":"https:\/\/www.noidiqua.it\/Montale\/?s={search_term_string}"},"query-input":{"@type":"PropertyValueSpecification","valueRequired":true,"valueName":"search_term_string"}}],"inLanguage":"it-IT"},{"@type":"Person","@id":"https:\/\/www.noidiqua.it\/Montale\/#\/schema\/person\/4e183cb0c6d7951e716a876aa702e1a2","name":"Marco Bagnoli","image":{"@type":"ImageObject","inLanguage":"it-IT","@id":"https:\/\/www.noidiqua.it\/Montale\/#\/schema\/person\/image\/","url":"https:\/\/secure.gravatar.com\/avatar\/73ace53724c50db9c48af54756f17b7cdb015a9d8d2c08c7e04e480539a94eee?s=96&d=mm&r=g","contentUrl":"https:\/\/secure.gravatar.com\/avatar\/73ace53724c50db9c48af54756f17b7cdb015a9d8d2c08c7e04e480539a94eee?s=96&d=mm&r=g","caption":"Marco Bagnoli"},"url":"https:\/\/www.noidiqua.it\/Montale\/author\/marco-bagnoli\/"}]}},"_links":{"self":[{"href":"https:\/\/www.noidiqua.it\/Montale\/wp-json\/wp\/v2\/posts\/9074","targetHints":{"allow":["GET"]}}],"collection":[{"href":"https:\/\/www.noidiqua.it\/Montale\/wp-json\/wp\/v2\/posts"}],"about":[{"href":"https:\/\/www.noidiqua.it\/Montale\/wp-json\/wp\/v2\/types\/post"}],"author":[{"embeddable":true,"href":"https:\/\/www.noidiqua.it\/Montale\/wp-json\/wp\/v2\/users\/3"}],"replies":[{"embeddable":true,"href":"https:\/\/www.noidiqua.it\/Montale\/wp-json\/wp\/v2\/comments?post=9074"}],"version-history":[{"count":2,"href":"https:\/\/www.noidiqua.it\/Montale\/wp-json\/wp\/v2\/posts\/9074\/revisions"}],"predecessor-version":[{"id":9079,"href":"https:\/\/www.noidiqua.it\/Montale\/wp-json\/wp\/v2\/posts\/9074\/revisions\/9079"}],"wp:attachment":[{"href":"https:\/\/www.noidiqua.it\/Montale\/wp-json\/wp\/v2\/media?parent=9074"}],"wp:term":[{"taxonomy":"category","embeddable":true,"href":"https:\/\/www.noidiqua.it\/Montale\/wp-json\/wp\/v2\/categories?post=9074"},{"taxonomy":"post_tag","embeddable":true,"href":"https:\/\/www.noidiqua.it\/Montale\/wp-json\/wp\/v2\/tags?post=9074"}],"curies":[{"name":"wp","href":"https:\/\/api.w.org\/{rel}","templated":true}]}}