{"id":9080,"date":"2025-06-12T10:21:12","date_gmt":"2025-06-12T08:21:12","guid":{"rendered":"https:\/\/www.noidiqua.it\/Montale\/?p=9080"},"modified":"2025-10-27T16:30:56","modified_gmt":"2025-10-27T15:30:56","slug":"filippo-borselli-dalla-nasa-a-parigi-un-ricercatore-davanguardia-tra-fotoni-e-qubit","status":"publish","type":"post","link":"https:\/\/www.noidiqua.it\/Montale\/filippo-borselli-dalla-nasa-a-parigi-un-ricercatore-davanguardia-tra-fotoni-e-qubit\/","title":{"rendered":"Filippo Borselli &#8211; dalla Nasa a Parigi: un ricercatore d&#8217;avanguardia tra fotoni e qubit"},"content":{"rendered":"<p><em>di Giacomo Bini. Foto: <a href=\"http:\/\/www.bellinigabriele.it\">Gabriele Bellini<\/a><\/em><\/p>\n<p><em>giugno 2025<\/em><\/p>\n<p><a href=\"https:\/\/www.noidiqua.it\/Montale\/wp-content\/uploads\/2025\/07\/borselli-1.png\" rel=\"wp-prettyPhoto[9080]\"><img loading=\"lazy\" decoding=\"async\" class=\"aligncenter size-full wp-image-9081\" src=\"https:\/\/www.noidiqua.it\/Montale\/wp-content\/uploads\/2025\/07\/borselli-1.png\" alt=\"\" width=\"507\" height=\"387\" srcset=\"https:\/\/www.noidiqua.it\/Montale\/wp-content\/uploads\/2025\/07\/borselli-1.png 507w, https:\/\/www.noidiqua.it\/Montale\/wp-content\/uploads\/2025\/07\/borselli-1-300x229.png 300w\" sizes=\"auto, (max-width: 507px) 100vw, 507px\" \/><\/a><\/p>\n<p class=\"p1\" style=\"text-align: justify;\">Da <strong>Vienna<\/strong> alla <strong>Nasa<\/strong> e dalla Nasa a <strong>Parigi<\/strong>, in una societ\u00e0 che fa ricerca di avanguardia nel campo della memoria quantistica, una delle frontiere pi\u00f9 avanzate della scienza e della tecnologia contemporanea.<\/p>\n<p class=\"p1\" style=\"text-align: justify;\"><strong>Filippo Borselli<\/strong>, 35 anni di Montale, \u00e8 un giovane scienziato ormai proiettato in quel giro internazionale di centri di ricerca dai quali usciranno, e in parte sono gi\u00e0 uscite, <strong>soluzioni tecnologiche<\/strong> rivoluzionarie e fino a poco tempo fa inimmaginabili. Borselli lavora a una rete di comunicazione, di raccolta e trasmissione dati innovativa, pi\u00f9 veloce e pi\u00f9 sicura rispetto all\u2019attuale internet, una rete basata sui principi della fisica quantistica, cio\u00e8 sui \u201c<strong>qubit<\/strong>\u201d, ovvero particelle quantistiche, anzich\u00e9 sui tradizionali \u201cbit\u201d. La societ\u00e0 Welinq di Parigi, dove lavora, produce una memoria quantistica gi\u00e0 commercializzabile e tra le pi\u00f9 avanzate al mondo. Quando Filippo ne parla, nello studio della casa di famiglia in una delle sue rare visite a Montale, si esprime con la pacatezza e la chiarezza di chi padroneggia perfettamente una materia molto difficile. Ascoltandolo si ha quasi l\u2019impressione che i processi da lui studiati siano perfino semplici: si tratta di <strong>intrappolare<\/strong> un <strong>fotone<\/strong>, che trasporta i qubit, e rilasciarlo quando arriva un altro fotone in modo che avvenga un fenomeno chiamato sincronizzazione. I lettori ci perdoneranno l\u2019approssimazione ma solo chi conosce la <strong>fisica quantistica<\/strong> come Filippo potrebbe spiegarlo in modo corretto.<\/p>\n<p><a href=\"https:\/\/www.noidiqua.it\/Montale\/wp-content\/uploads\/2025\/07\/borselli-2.png\" rel=\"wp-prettyPhoto[9080]\"><img loading=\"lazy\" decoding=\"async\" class=\"aligncenter size-full wp-image-9082\" src=\"https:\/\/www.noidiqua.it\/Montale\/wp-content\/uploads\/2025\/07\/borselli-2.png\" alt=\"\" width=\"289\" height=\"391\" srcset=\"https:\/\/www.noidiqua.it\/Montale\/wp-content\/uploads\/2025\/07\/borselli-2.png 289w, https:\/\/www.noidiqua.it\/Montale\/wp-content\/uploads\/2025\/07\/borselli-2-222x300.png 222w\" sizes=\"auto, (max-width: 289px) 100vw, 289px\" \/><\/a><\/p>\n<p class=\"p1\" style=\"text-align: justify;\">Il nostro concittadino ha frequentato il liceo scientifico di Pistoia e poi si \u00e8 iscritto a fisica all\u2019Universit\u00e0 di Firenze dove ha scoperto il fascino della fisica atomica. <i>\u00abMi ha subito interessato la possibilit\u00e0 di agire sugli atomi con i laser e attraverso questa tecnica la capacit\u00e0 di manipolare gli stati atomici\u00bb <\/i>ci spiega<i>. \u00abSono stato sempre attratto dall\u2019aspetto tecnologico anche nello studio della fisica\u00bb<\/i>. Filippo si \u00e8 <strong>laureato in fisica<\/strong> con il professor Guglielmo Tino, discutendo una tesi che verteva proprio su un <strong>interferometro atomico<\/strong> e su un sistema laser ad alta potenza. Dopo la laurea a Firenze, ha studiato per il dottorato a Vienna alla Technische Universitaet della capitale austriaca, dopodich\u00e9 ha ottenuto un contratto di ricerca ad un centro della Nasa a Pasadena negli Stati Uniti, dove ha trascorso un anno e mezzo prima di trasferirsi a Parigi nei laboratori della Welinq, una societ\u00e0 fondata nel 2022 in collegamento con l\u2019<strong>Universit\u00e0 della Sorbona<\/strong> e specializzata appunto in reti quantistiche.<\/p>\n<p class=\"p1\" style=\"text-align: justify;\"><i>\u00abCi sono applicazioni\u00bb <\/i>prosegue il giovane scienziato montalese <i>\u00abnelle quali questa rete basata sui qubit pu\u00f2 offrire vantaggi notevoli in termini di rapidit\u00e0 e anche e soprattutto in termini di sicurezza dei dati\u00bb<\/i>. Alcuni campi nei quali possono essere utilizzati i computer quantistici sono la ricerca farmacologica, la finanza e l\u2019intelligenza artificiale.<\/p>\n<p class=\"p1\" style=\"text-align: justify;\">Filippo \u00e8 stato a <strong>Montale<\/strong> pochi giorni, il tempo di abbracciare i genitori e i fratelli, di salutare gli amici e poi \u00e8 ripartito per Parigi, dove lo attende la frontiera della ricerca e dell\u2019<strong>innovazione tecnologica<\/strong> che lo ha sempre affascinato.<\/p>","protected":false},"excerpt":{"rendered":"<p>di Giacomo Bini. Foto: Gabriele Bellini giugno 2025 Da Vienna alla Nasa e dalla Nasa a Parigi, in una societ\u00e0 che fa ricerca di avanguardia nel campo della memoria quantistica, una delle frontiere pi\u00f9 avanzate della scienza e della tecnologia contemporanea. Filippo Borselli, 35 anni di Montale, \u00e8 un giovane scienziato ormai proiettato in [&hellip;]<\/p>","protected":false},"author":12,"featured_media":0,"comment_status":"open","ping_status":"open","sticky":false,"template":"","format":"standard","meta":{"footnotes":""},"categories":[7,13,170],"tags":[4602,4606,4605,4611,4609,4607,4608,995,4600,4601,4604,4603,4610,4599],"class_list":["post-9080","post","type-post","status-publish","format-standard","hentry","category-mt","category-personaggi-qt","category-persone-e-personaggi","tag-filippo-borselli","tag-fisica-quantistica","tag-fotone","tag-innovazione-tecnologica","tag-interferometro-atomico","tag-intrappolare","tag-laureato-in-fisica","tag-mt","tag-nasa","tag-parigi","tag-qubit","tag-soluzioni-tecnologiche","tag-universita-della-sorbona","tag-vienna"],"yoast_head":"<!-- This site is optimized with the Yoast SEO plugin v25.5 - https:\/\/yoast.com\/wordpress\/plugins\/seo\/ -->\n<title>Filippo Borselli - dalla Nasa a Parigi: un ricercatore d&#039;avanguardia tra fotoni e qubit - Noi di Qua Testata giornalistica e di attualit\u00e0 di Agliana, Montale e Quarrata.<\/title>\n<meta name=\"robots\" content=\"index, follow, max-snippet:-1, max-image-preview:large, max-video-preview:-1\" \/>\n<link rel=\"canonical\" href=\"https:\/\/www.noidiqua.it\/Montale\/filippo-borselli-dalla-nasa-a-parigi-un-ricercatore-davanguardia-tra-fotoni-e-qubit\/\" \/>\n<meta property=\"og:locale\" content=\"it_IT\" \/>\n<meta property=\"og:type\" content=\"article\" \/>\n<meta property=\"og:title\" content=\"Filippo Borselli - dalla Nasa a Parigi: un ricercatore d&#039;avanguardia tra fotoni e qubit - Noi di Qua Testata giornalistica e di attualit\u00e0 di Agliana, Montale e Quarrata.\" \/>\n<meta property=\"og:description\" content=\"di Giacomo Bini. Foto: Gabriele Bellini giugno 2025 Da Vienna alla Nasa e dalla Nasa a Parigi, in una societ\u00e0 che fa ricerca di avanguardia nel campo della memoria quantistica, una delle frontiere pi\u00f9 avanzate della scienza e della tecnologia contemporanea. Filippo Borselli, 35 anni di Montale, \u00e8 un giovane scienziato ormai proiettato in [&hellip;]\" \/>\n<meta property=\"og:url\" content=\"https:\/\/www.noidiqua.it\/Montale\/filippo-borselli-dalla-nasa-a-parigi-un-ricercatore-davanguardia-tra-fotoni-e-qubit\/\" \/>\n<meta property=\"og:site_name\" content=\"Noi di Qua Testata giornalistica e di attualit\u00e0 di Agliana, Montale e Quarrata.\" \/>\n<meta property=\"article:publisher\" content=\"https:\/\/www.facebook.com\/noidiqua.trimestrale\/\" \/>\n<meta property=\"article:published_time\" content=\"2025-06-12T08:21:12+00:00\" \/>\n<meta property=\"article:modified_time\" content=\"2025-10-27T15:30:56+00:00\" \/>\n<meta property=\"og:image\" content=\"https:\/\/www.noidiqua.it\/Montale\/wp-content\/uploads\/2025\/07\/borselli-1.png\" \/>\n\t<meta property=\"og:image:width\" content=\"507\" \/>\n\t<meta property=\"og:image:height\" content=\"387\" \/>\n\t<meta property=\"og:image:type\" content=\"image\/png\" \/>\n<meta name=\"author\" content=\"Giacomo Bini\" \/>\n<meta name=\"twitter:label1\" content=\"Scritto da\" \/>\n\t<meta name=\"twitter:data1\" content=\"Giacomo Bini\" \/>\n\t<meta name=\"twitter:label2\" content=\"Tempo di lettura stimato\" \/>\n\t<meta name=\"twitter:data2\" content=\"3 minuti\" \/>\n<script type=\"application\/ld+json\" class=\"yoast-schema-graph\">{\"@context\":\"https:\/\/schema.org\",\"@graph\":[{\"@type\":\"WebPage\",\"@id\":\"https:\/\/www.noidiqua.it\/Montale\/filippo-borselli-dalla-nasa-a-parigi-un-ricercatore-davanguardia-tra-fotoni-e-qubit\/\",\"url\":\"https:\/\/www.noidiqua.it\/Montale\/filippo-borselli-dalla-nasa-a-parigi-un-ricercatore-davanguardia-tra-fotoni-e-qubit\/\",\"name\":\"Filippo Borselli - dalla Nasa a Parigi: un ricercatore d'avanguardia tra fotoni e qubit - Noi di Qua Testata giornalistica e di attualit\u00e0 di Agliana, Montale e Quarrata.\",\"isPartOf\":{\"@id\":\"https:\/\/www.noidiqua.it\/Montale\/#website\"},\"primaryImageOfPage\":{\"@id\":\"https:\/\/www.noidiqua.it\/Montale\/filippo-borselli-dalla-nasa-a-parigi-un-ricercatore-davanguardia-tra-fotoni-e-qubit\/#primaryimage\"},\"image\":{\"@id\":\"https:\/\/www.noidiqua.it\/Montale\/filippo-borselli-dalla-nasa-a-parigi-un-ricercatore-davanguardia-tra-fotoni-e-qubit\/#primaryimage\"},\"thumbnailUrl\":\"https:\/\/www.noidiqua.it\/Montale\/wp-content\/uploads\/2025\/07\/borselli-1.png\",\"datePublished\":\"2025-06-12T08:21:12+00:00\",\"dateModified\":\"2025-10-27T15:30:56+00:00\",\"author\":{\"@id\":\"https:\/\/www.noidiqua.it\/Montale\/#\/schema\/person\/e2e6f44da50af0dae9c90ad168e471a4\"},\"breadcrumb\":{\"@id\":\"https:\/\/www.noidiqua.it\/Montale\/filippo-borselli-dalla-nasa-a-parigi-un-ricercatore-davanguardia-tra-fotoni-e-qubit\/#breadcrumb\"},\"inLanguage\":\"it-IT\",\"potentialAction\":[{\"@type\":\"ReadAction\",\"target\":[\"https:\/\/www.noidiqua.it\/Montale\/filippo-borselli-dalla-nasa-a-parigi-un-ricercatore-davanguardia-tra-fotoni-e-qubit\/\"]}]},{\"@type\":\"ImageObject\",\"inLanguage\":\"it-IT\",\"@id\":\"https:\/\/www.noidiqua.it\/Montale\/filippo-borselli-dalla-nasa-a-parigi-un-ricercatore-davanguardia-tra-fotoni-e-qubit\/#primaryimage\",\"url\":\"https:\/\/www.noidiqua.it\/Montale\/wp-content\/uploads\/2025\/07\/borselli-1.png\",\"contentUrl\":\"https:\/\/www.noidiqua.it\/Montale\/wp-content\/uploads\/2025\/07\/borselli-1.png\",\"width\":507,\"height\":387},{\"@type\":\"BreadcrumbList\",\"@id\":\"https:\/\/www.noidiqua.it\/Montale\/filippo-borselli-dalla-nasa-a-parigi-un-ricercatore-davanguardia-tra-fotoni-e-qubit\/#breadcrumb\",\"itemListElement\":[{\"@type\":\"ListItem\",\"position\":1,\"name\":\"Home\",\"item\":\"https:\/\/www.noidiqua.it\/Montale\/\"},{\"@type\":\"ListItem\",\"position\":2,\"name\":\"Filippo Borselli &#8211; dalla Nasa a Parigi: un ricercatore d&#8217;avanguardia tra fotoni e qubit\"}]},{\"@type\":\"WebSite\",\"@id\":\"https:\/\/www.noidiqua.it\/Montale\/#website\",\"url\":\"https:\/\/www.noidiqua.it\/Montale\/\",\"name\":\"Noi di Qua Testata giornalistica e di attualit\u00e0 di Agliana, Montale e Quarrata.\",\"description\":\"Testata Giornalistica Quarrata Montale Agliana\",\"potentialAction\":[{\"@type\":\"SearchAction\",\"target\":{\"@type\":\"EntryPoint\",\"urlTemplate\":\"https:\/\/www.noidiqua.it\/Montale\/?s={search_term_string}\"},\"query-input\":{\"@type\":\"PropertyValueSpecification\",\"valueRequired\":true,\"valueName\":\"search_term_string\"}}],\"inLanguage\":\"it-IT\"},{\"@type\":\"Person\",\"@id\":\"https:\/\/www.noidiqua.it\/Montale\/#\/schema\/person\/e2e6f44da50af0dae9c90ad168e471a4\",\"name\":\"Giacomo Bini\",\"image\":{\"@type\":\"ImageObject\",\"inLanguage\":\"it-IT\",\"@id\":\"https:\/\/www.noidiqua.it\/Montale\/#\/schema\/person\/image\/\",\"url\":\"https:\/\/secure.gravatar.com\/avatar\/e5c18ae41df5ae37397358f2c6046696187d51a120c5d0b8f0c49f7b606f46f4?s=96&d=mm&r=g\",\"contentUrl\":\"https:\/\/secure.gravatar.com\/avatar\/e5c18ae41df5ae37397358f2c6046696187d51a120c5d0b8f0c49f7b606f46f4?s=96&d=mm&r=g\",\"caption\":\"Giacomo Bini\"},\"url\":\"https:\/\/www.noidiqua.it\/Montale\/author\/giacomo-bini\/\"}]}<\/script>\n<!-- \/ Yoast SEO plugin. -->","yoast_head_json":{"title":"Filippo Borselli - dalla Nasa a Parigi: un ricercatore d'avanguardia tra fotoni e qubit - Noi di Qua Testata giornalistica e di attualit\u00e0 di Agliana, Montale e Quarrata.","robots":{"index":"index","follow":"follow","max-snippet":"max-snippet:-1","max-image-preview":"max-image-preview:large","max-video-preview":"max-video-preview:-1"},"canonical":"https:\/\/www.noidiqua.it\/Montale\/filippo-borselli-dalla-nasa-a-parigi-un-ricercatore-davanguardia-tra-fotoni-e-qubit\/","og_locale":"it_IT","og_type":"article","og_title":"Filippo Borselli - dalla Nasa a Parigi: un ricercatore d'avanguardia tra fotoni e qubit - Noi di Qua Testata giornalistica e di attualit\u00e0 di Agliana, Montale e Quarrata.","og_description":"di Giacomo Bini. Foto: Gabriele Bellini giugno 2025 Da Vienna alla Nasa e dalla Nasa a Parigi, in una societ\u00e0 che fa ricerca di avanguardia nel campo della memoria quantistica, una delle frontiere pi\u00f9 avanzate della scienza e della tecnologia contemporanea. Filippo Borselli, 35 anni di Montale, \u00e8 un giovane scienziato ormai proiettato in [&hellip;]","og_url":"https:\/\/www.noidiqua.it\/Montale\/filippo-borselli-dalla-nasa-a-parigi-un-ricercatore-davanguardia-tra-fotoni-e-qubit\/","og_site_name":"Noi di Qua Testata giornalistica e di attualit\u00e0 di Agliana, Montale e Quarrata.","article_publisher":"https:\/\/www.facebook.com\/noidiqua.trimestrale\/","article_published_time":"2025-06-12T08:21:12+00:00","article_modified_time":"2025-10-27T15:30:56+00:00","og_image":[{"width":507,"height":387,"url":"https:\/\/www.noidiqua.it\/Montale\/wp-content\/uploads\/2025\/07\/borselli-1.png","type":"image\/png"}],"author":"Giacomo Bini","twitter_misc":{"Scritto da":"Giacomo Bini","Tempo di lettura stimato":"3 minuti"},"schema":{"@context":"https:\/\/schema.org","@graph":[{"@type":"WebPage","@id":"https:\/\/www.noidiqua.it\/Montale\/filippo-borselli-dalla-nasa-a-parigi-un-ricercatore-davanguardia-tra-fotoni-e-qubit\/","url":"https:\/\/www.noidiqua.it\/Montale\/filippo-borselli-dalla-nasa-a-parigi-un-ricercatore-davanguardia-tra-fotoni-e-qubit\/","name":"Filippo Borselli - dalla Nasa a Parigi: un ricercatore d'avanguardia tra fotoni e qubit - Noi di Qua Testata giornalistica e di attualit\u00e0 di Agliana, Montale e Quarrata.","isPartOf":{"@id":"https:\/\/www.noidiqua.it\/Montale\/#website"},"primaryImageOfPage":{"@id":"https:\/\/www.noidiqua.it\/Montale\/filippo-borselli-dalla-nasa-a-parigi-un-ricercatore-davanguardia-tra-fotoni-e-qubit\/#primaryimage"},"image":{"@id":"https:\/\/www.noidiqua.it\/Montale\/filippo-borselli-dalla-nasa-a-parigi-un-ricercatore-davanguardia-tra-fotoni-e-qubit\/#primaryimage"},"thumbnailUrl":"https:\/\/www.noidiqua.it\/Montale\/wp-content\/uploads\/2025\/07\/borselli-1.png","datePublished":"2025-06-12T08:21:12+00:00","dateModified":"2025-10-27T15:30:56+00:00","author":{"@id":"https:\/\/www.noidiqua.it\/Montale\/#\/schema\/person\/e2e6f44da50af0dae9c90ad168e471a4"},"breadcrumb":{"@id":"https:\/\/www.noidiqua.it\/Montale\/filippo-borselli-dalla-nasa-a-parigi-un-ricercatore-davanguardia-tra-fotoni-e-qubit\/#breadcrumb"},"inLanguage":"it-IT","potentialAction":[{"@type":"ReadAction","target":["https:\/\/www.noidiqua.it\/Montale\/filippo-borselli-dalla-nasa-a-parigi-un-ricercatore-davanguardia-tra-fotoni-e-qubit\/"]}]},{"@type":"ImageObject","inLanguage":"it-IT","@id":"https:\/\/www.noidiqua.it\/Montale\/filippo-borselli-dalla-nasa-a-parigi-un-ricercatore-davanguardia-tra-fotoni-e-qubit\/#primaryimage","url":"https:\/\/www.noidiqua.it\/Montale\/wp-content\/uploads\/2025\/07\/borselli-1.png","contentUrl":"https:\/\/www.noidiqua.it\/Montale\/wp-content\/uploads\/2025\/07\/borselli-1.png","width":507,"height":387},{"@type":"BreadcrumbList","@id":"https:\/\/www.noidiqua.it\/Montale\/filippo-borselli-dalla-nasa-a-parigi-un-ricercatore-davanguardia-tra-fotoni-e-qubit\/#breadcrumb","itemListElement":[{"@type":"ListItem","position":1,"name":"Home","item":"https:\/\/www.noidiqua.it\/Montale\/"},{"@type":"ListItem","position":2,"name":"Filippo Borselli &#8211; dalla Nasa a Parigi: un ricercatore d&#8217;avanguardia tra fotoni e qubit"}]},{"@type":"WebSite","@id":"https:\/\/www.noidiqua.it\/Montale\/#website","url":"https:\/\/www.noidiqua.it\/Montale\/","name":"Noi di Qua Testata giornalistica e di attualit\u00e0 di Agliana, Montale e Quarrata.","description":"Testata Giornalistica Quarrata Montale Agliana","potentialAction":[{"@type":"SearchAction","target":{"@type":"EntryPoint","urlTemplate":"https:\/\/www.noidiqua.it\/Montale\/?s={search_term_string}"},"query-input":{"@type":"PropertyValueSpecification","valueRequired":true,"valueName":"search_term_string"}}],"inLanguage":"it-IT"},{"@type":"Person","@id":"https:\/\/www.noidiqua.it\/Montale\/#\/schema\/person\/e2e6f44da50af0dae9c90ad168e471a4","name":"Giacomo Bini","image":{"@type":"ImageObject","inLanguage":"it-IT","@id":"https:\/\/www.noidiqua.it\/Montale\/#\/schema\/person\/image\/","url":"https:\/\/secure.gravatar.com\/avatar\/e5c18ae41df5ae37397358f2c6046696187d51a120c5d0b8f0c49f7b606f46f4?s=96&d=mm&r=g","contentUrl":"https:\/\/secure.gravatar.com\/avatar\/e5c18ae41df5ae37397358f2c6046696187d51a120c5d0b8f0c49f7b606f46f4?s=96&d=mm&r=g","caption":"Giacomo Bini"},"url":"https:\/\/www.noidiqua.it\/Montale\/author\/giacomo-bini\/"}]}},"_links":{"self":[{"href":"https:\/\/www.noidiqua.it\/Montale\/wp-json\/wp\/v2\/posts\/9080","targetHints":{"allow":["GET"]}}],"collection":[{"href":"https:\/\/www.noidiqua.it\/Montale\/wp-json\/wp\/v2\/posts"}],"about":[{"href":"https:\/\/www.noidiqua.it\/Montale\/wp-json\/wp\/v2\/types\/post"}],"author":[{"embeddable":true,"href":"https:\/\/www.noidiqua.it\/Montale\/wp-json\/wp\/v2\/users\/12"}],"replies":[{"embeddable":true,"href":"https:\/\/www.noidiqua.it\/Montale\/wp-json\/wp\/v2\/comments?post=9080"}],"version-history":[{"count":1,"href":"https:\/\/www.noidiqua.it\/Montale\/wp-json\/wp\/v2\/posts\/9080\/revisions"}],"predecessor-version":[{"id":9083,"href":"https:\/\/www.noidiqua.it\/Montale\/wp-json\/wp\/v2\/posts\/9080\/revisions\/9083"}],"wp:attachment":[{"href":"https:\/\/www.noidiqua.it\/Montale\/wp-json\/wp\/v2\/media?parent=9080"}],"wp:term":[{"taxonomy":"category","embeddable":true,"href":"https:\/\/www.noidiqua.it\/Montale\/wp-json\/wp\/v2\/categories?post=9080"},{"taxonomy":"post_tag","embeddable":true,"href":"https:\/\/www.noidiqua.it\/Montale\/wp-json\/wp\/v2\/tags?post=9080"}],"curies":[{"name":"wp","href":"https:\/\/api.w.org\/{rel}","templated":true}]}}