{"id":9088,"date":"2025-06-12T10:38:03","date_gmt":"2025-06-12T08:38:03","guid":{"rendered":"https:\/\/www.noidiqua.it\/Montale\/?p=9088"},"modified":"2025-10-27T16:30:44","modified_gmt":"2025-10-27T15:30:44","slug":"tutte-le-donazioni-della-famiglia-nesti","status":"publish","type":"post","link":"https:\/\/www.noidiqua.it\/Montale\/tutte-le-donazioni-della-famiglia-nesti\/","title":{"rendered":"Tutte le donazioni della famiglia Nesti"},"content":{"rendered":"<p><em>di Giacomo Bini<\/em><\/p>\n<p><em>giugno 2025<\/em><\/p>\n<p><a href=\"https:\/\/www.noidiqua.it\/Montale\/wp-content\/uploads\/2025\/07\/famiglia-nesti-1.png\" rel=\"wp-prettyPhoto[9088]\"><img loading=\"lazy\" decoding=\"async\" class=\"aligncenter size-full wp-image-9089\" src=\"https:\/\/www.noidiqua.it\/Montale\/wp-content\/uploads\/2025\/07\/famiglia-nesti-1.png\" alt=\"\" width=\"498\" height=\"332\" srcset=\"https:\/\/www.noidiqua.it\/Montale\/wp-content\/uploads\/2025\/07\/famiglia-nesti-1.png 498w, https:\/\/www.noidiqua.it\/Montale\/wp-content\/uploads\/2025\/07\/famiglia-nesti-1-300x200.png 300w\" sizes=\"auto, (max-width: 498px) 100vw, 498px\" \/><\/a><\/p>\n<p class=\"p1\" style=\"text-align: justify;\"><span class=\"s1\">Il nome del maestro <strong>Enzo Nesti<\/strong>, una figura esemplare di insegnante e cittadino, \u00e8 tornato a risuonare con ammirazione e rispetto nelle <strong>sedi pubbliche<\/strong> del paese, perch\u00e9 la famiglia Nesti, in particolare il figlio Stefano e sua mamma Ilia, stanno facendo molto per la comunit\u00e0 di Montale in termini di donazioni e di contributi a iniziative culturali e sociali. Questo slancio di generosit\u00e0 \u00e8 profuso in memoria di colui che tutti a Montale hanno sempre chiamato, semplicemente, \u201c<strong>il maestro<\/strong>\u201d, perch\u00e9 per generazioni di montalesi identificava la sua persona con i valori educativi propri del suo lungo servizio di insegnante nella scuola elementare. <\/span><\/p>\n<p class=\"p1\" style=\"text-align: justify;\"><span class=\"s1\">L\u2019impulso fondamentale viene da <strong>Stefano Nesti<\/strong>, il figlio di Enzo, un imprenditore di grande successo, che ha compiuto la sua attivit\u00e0 specialmente all\u2019estero, in particolare nel Regno Unito e che \u00e8 restato legato alle sue radici montalesi e soprattutto \u00e8 mosso dall\u2019affetto filiale verso la mamma Ilia che, ultranovantenne e ancora molto in gamba, continua a risiedere nella casa di famiglia nel centro del paese. <a href=\"https:\/\/www.noidiqua.it\/Montale\/donazione-della-famiglia-nesti\/\">La donazione pi\u00f9 visibile \u00e8 stata il <strong>monumento<\/strong><\/a> nella piazza centrale del paese, realizzato in accordo con il Comune e dedicato ai caduti delle forze dell\u2019ordine e dei servitori dello stato, un\u2019opera realizzata da <strong>Emilio Isgr\u00f2<\/strong>, uno dei massimi artisti e poeti italiani contemporanei. L\u2019artista, intervenuto di persona l\u2019anno scorso, alla inaugurazione del monumento disse pubblicamente di aver compiuto volentieri quell\u2019opera per <strong>Montale<\/strong> proprio perch\u00e9 era dedicata ad un insegnante e ai valori della educazione e della cultura.<\/span><\/p>\n<p><a href=\"https:\/\/www.noidiqua.it\/Montale\/wp-content\/uploads\/2025\/07\/famiglia-nesti-2.png\" rel=\"wp-prettyPhoto[9088]\"><img loading=\"lazy\" decoding=\"async\" class=\"aligncenter size-full wp-image-9090\" src=\"https:\/\/www.noidiqua.it\/Montale\/wp-content\/uploads\/2025\/07\/famiglia-nesti-2.png\" alt=\"\" width=\"504\" height=\"458\" srcset=\"https:\/\/www.noidiqua.it\/Montale\/wp-content\/uploads\/2025\/07\/famiglia-nesti-2.png 504w, https:\/\/www.noidiqua.it\/Montale\/wp-content\/uploads\/2025\/07\/famiglia-nesti-2-300x273.png 300w\" sizes=\"auto, (max-width: 504px) 100vw, 504px\" \/><\/a><\/p>\n<p class=\"p1\" style=\"text-align: justify;\"><span class=\"s1\">La donazione della famiglia Nesti non si \u00e8 per\u00f2 fermata al monumento ma ha voluto estendersi al mondo della scuola e alle <strong>future generazioni<\/strong>, finanziando tre borse di studio all\u2019anno per dieci anni destinate a studenti di terza media per consentire loro di partecipare ad un soggiorno studio in Inghilterra, al fine di perfezionare la conoscenza della lingua inglese. Le prime tre <strong>borse di studio<\/strong> intitolate a Enzo Nesti, sono state consegnate nel corso della festa di fine anno scolastico nell\u2019auditorium della scuola media Giulio Cesare Melani, con una cerimonia a cui hanno partecipato il sindaco di Montale Ferdinando Betti, l\u2019assessore alla cultura Francesco Barontini (che ha letto le motivazioni), il presidente del consiglio comunale Tiziano Pierucci, il rappresentante della famiglia Nesti Francesco Mazzetti e il dirigente scolastico dell\u2019istituto comprensivo di Montale Mauro Guarducci.<span class=\"Apple-converted-space\">\u00a0 <\/span>I tre studenti premiati sono stati selezionati da una apposita commissione, in quanto autori dei migliori elaborati prodotti in un concorso a cui hanno partecipato tutti gli alunni delle classi terze della scuola. Il tema erano alcuni articoli della Costituzione Italiana, da trattare usando la tecnica delle cancellature caratteristica delle opere dell\u2019artista Emilio Isgr\u00f2, che tra l\u2019altro l\u2019anno scorso l\u2019aveva illustrata personalmente agli studenti montalesi, nel corso di una sua visita-lezione alla scuola Melani. I tre primi vincitori delle borse di studio sono:<strong> Leandro Meoni<\/strong> della classe 3C, <strong>Samantha Shehu<\/strong> della classe 3A e <strong>Martina Ghironi<\/strong> della classe 3A. I criteri di giudizio della commissione, che peraltro ha avuto un compito assai difficile dato l\u2019ottimo livello medio degli elaborati in concorso, hanno riguardato l\u2019originalit\u00e0, la correttezza dell\u2019uso della lingua italiana e la coerenza tra il testo e l\u2019immagine proposta dai candidati. I ragazzi premiati frequenteranno un soggiorno studio di quindici giorni, nel mese di luglio, in un college nei pressi della citt\u00e0 di Manchester. Alla consegna dei premi, hanno assistito tutti gli studenti delle terze e tutti hanno ricevuto i complimenti e i ringraziamenti da parte del sindaco e dei componenti della commissione giudicante. <\/span><\/p>\n<p class=\"p1\" style=\"text-align: justify;\"><span class=\"s1\">Il grazie della comunit\u00e0 montalese alla famiglia Nesti si \u00e8 espresso pubblicamente durante la festa delle Quarantore per iniziativa del Comitato Festeggiamenti con la consegna a Stefano Nesti del riconoscimento di \u201c<strong>cittadino dell\u2019anno<\/strong>\u201d. Assieme a lui, sul palco della festa di fronte a una piazza gremita di gente, c&#8217;erano la mamma Ilia e il figlio Lorenzo.\u00a0<\/span><\/p>\n<p>&nbsp;<\/p>\n<p>&nbsp;<\/p>\n<p>&nbsp;<\/p>\n<p><a href=\"https:\/\/www.noidiqua.it\/Montale\/wp-content\/uploads\/2025\/07\/enzo-nesti.png\" rel=\"wp-prettyPhoto[9088]\"><img loading=\"lazy\" decoding=\"async\" class=\"aligncenter size-full wp-image-9091\" src=\"https:\/\/www.noidiqua.it\/Montale\/wp-content\/uploads\/2025\/07\/enzo-nesti.png\" alt=\"\" width=\"500\" height=\"457\" srcset=\"https:\/\/www.noidiqua.it\/Montale\/wp-content\/uploads\/2025\/07\/enzo-nesti.png 500w, https:\/\/www.noidiqua.it\/Montale\/wp-content\/uploads\/2025\/07\/enzo-nesti-300x274.png 300w\" sizes=\"auto, (max-width: 500px) 100vw, 500px\" \/><\/a><\/p>\n<p class=\"p1\" style=\"text-align: justify;\"><span class=\"s1\">La figura del maestro Enzo Nesti, deceduto nel 2013 all\u2019et\u00e0 di 89 anni, \u00e8 stata ricordata durante la cerimonia di consegna delle borse di studio e anche in piazza durante la festa del paese, da uno dei suoi tanti ex alunni, <strong>Marco Gai<\/strong> che ha voluto sottolineare del maestro, oltre alle sue competenze e alla sua passione per l\u2019insegnamento, anche il grande buon cuore. <i>\u00abUn giorno che ero assente da scuola perch\u00e9 malato\u00bb<\/i> ha ricordato Marco Gai<i> \u00abfurono distribuite agli alunni della scuola delle casette Ina-casa e quando tornai a scuola non ce n\u2019erano pi\u00f9 e io quindi rimasi molto male essendo rimasto l\u2019unico privo di quel dono. Lo dissi al maestro e lui nei giorni successivi si adoper\u00f2, in silenzio ma attivamente, perch\u00e9 anche io ne potessi avere una di quelle casette Ina-casa e me la fece trovare a scuola. Un gesto semplice ma che testimonia quanto il maestro fosse buono e sensibile verso i suoi alunni ai quali ha insegnato molto in termini di istruzione ma soprattutto in termini di valori e di comportamento\u00bb<\/i>. Anche <strong>Francesco Mazzetti<\/strong>, in rappresentanza della famiglia Nesti, ha parlato del maestro durante la consegna delle borse di studio tratteggiandone la figura di insegnante dedito alla sua missione educativa e di cittadino sensibile e generoso. In effetti il maestro Nesti ha lasciato una traccia profonda non solo nell\u2019ambito educativo ma anche in quello della carit\u00e0 verso i pi\u00f9 poveri essendo stato per molti anni presidente della San Vincenzo de\u2019 Paoli di Montale, un\u2019associazione che aiuta le famiglie bisognose grazie alle offerte di benefattori tra i quali anche oggi continua ad esserci la famiglia Nesti.<\/span><\/p>","protected":false},"excerpt":{"rendered":"<p>di Giacomo Bini giugno 2025 Il nome del maestro Enzo Nesti, una figura esemplare di insegnante e cittadino, \u00e8 tornato a risuonare con ammirazione e rispetto nelle sedi pubbliche del paese, perch\u00e9 la famiglia Nesti, in particolare il figlio Stefano e sua mamma Ilia, stanno facendo molto per la comunit\u00e0 di Montale in termini [&hellip;]<\/p>","protected":false},"author":12,"featured_media":0,"comment_status":"open","ping_status":"open","sticky":false,"template":"","format":"standard","meta":{"footnotes":""},"categories":[31,7],"tags":[2532,4628,4186,4187,4629,4624,4621,4625,2083,4627,995,4623,4626,4620,4622],"class_list":["post-9088","post","type-post","status-publish","format-standard","hentry","category-storia-qt","category-mt","tag-borse-di-studio","tag-cittadino-dellanno","tag-emilio-isgro","tag-enzo-nesti","tag-francesco-mazzetti","tag-future-generazioni","tag-il-maestro","tag-leandro-meoni","tag-marco-gai","tag-martina-ghironi","tag-mt","tag-monumento","tag-samantha-shehu","tag-sedi-pubbliche","tag-stefano-nesti"],"yoast_head":"<!-- This site is optimized with the Yoast SEO plugin v25.5 - https:\/\/yoast.com\/wordpress\/plugins\/seo\/ -->\n<title>Tutte le donazioni della famiglia Nesti - Noi di Qua Testata giornalistica e di attualit\u00e0 di Agliana, Montale e Quarrata.<\/title>\n<meta name=\"robots\" content=\"index, follow, max-snippet:-1, max-image-preview:large, max-video-preview:-1\" \/>\n<link rel=\"canonical\" href=\"https:\/\/www.noidiqua.it\/Montale\/tutte-le-donazioni-della-famiglia-nesti\/\" \/>\n<meta property=\"og:locale\" content=\"it_IT\" \/>\n<meta property=\"og:type\" content=\"article\" \/>\n<meta property=\"og:title\" content=\"Tutte le donazioni della famiglia Nesti - Noi di Qua Testata giornalistica e di attualit\u00e0 di Agliana, Montale e Quarrata.\" \/>\n<meta property=\"og:description\" content=\"di Giacomo Bini giugno 2025 Il nome del maestro Enzo Nesti, una figura esemplare di insegnante e cittadino, \u00e8 tornato a risuonare con ammirazione e rispetto nelle sedi pubbliche del paese, perch\u00e9 la famiglia Nesti, in particolare il figlio Stefano e sua mamma Ilia, stanno facendo molto per la comunit\u00e0 di Montale in termini [&hellip;]\" \/>\n<meta property=\"og:url\" content=\"https:\/\/www.noidiqua.it\/Montale\/tutte-le-donazioni-della-famiglia-nesti\/\" \/>\n<meta property=\"og:site_name\" content=\"Noi di Qua Testata giornalistica e di attualit\u00e0 di Agliana, Montale e Quarrata.\" \/>\n<meta property=\"article:publisher\" content=\"https:\/\/www.facebook.com\/noidiqua.trimestrale\/\" \/>\n<meta property=\"article:published_time\" content=\"2025-06-12T08:38:03+00:00\" \/>\n<meta property=\"article:modified_time\" content=\"2025-10-27T15:30:44+00:00\" \/>\n<meta property=\"og:image\" content=\"https:\/\/www.noidiqua.it\/Montale\/wp-content\/uploads\/2025\/07\/famiglia-nesti-1.png\" \/>\n\t<meta property=\"og:image:width\" content=\"498\" \/>\n\t<meta property=\"og:image:height\" content=\"332\" \/>\n\t<meta property=\"og:image:type\" content=\"image\/png\" \/>\n<meta name=\"author\" content=\"Giacomo Bini\" \/>\n<meta name=\"twitter:label1\" content=\"Scritto da\" \/>\n\t<meta name=\"twitter:data1\" content=\"Giacomo Bini\" \/>\n\t<meta name=\"twitter:label2\" content=\"Tempo di lettura stimato\" \/>\n\t<meta name=\"twitter:data2\" content=\"6 minuti\" \/>\n<script type=\"application\/ld+json\" class=\"yoast-schema-graph\">{\"@context\":\"https:\/\/schema.org\",\"@graph\":[{\"@type\":\"WebPage\",\"@id\":\"https:\/\/www.noidiqua.it\/Montale\/tutte-le-donazioni-della-famiglia-nesti\/\",\"url\":\"https:\/\/www.noidiqua.it\/Montale\/tutte-le-donazioni-della-famiglia-nesti\/\",\"name\":\"Tutte le donazioni della famiglia Nesti - Noi di Qua Testata giornalistica e di attualit\u00e0 di Agliana, Montale e Quarrata.\",\"isPartOf\":{\"@id\":\"https:\/\/www.noidiqua.it\/Montale\/#website\"},\"primaryImageOfPage\":{\"@id\":\"https:\/\/www.noidiqua.it\/Montale\/tutte-le-donazioni-della-famiglia-nesti\/#primaryimage\"},\"image\":{\"@id\":\"https:\/\/www.noidiqua.it\/Montale\/tutte-le-donazioni-della-famiglia-nesti\/#primaryimage\"},\"thumbnailUrl\":\"https:\/\/www.noidiqua.it\/Montale\/wp-content\/uploads\/2025\/07\/famiglia-nesti-1.png\",\"datePublished\":\"2025-06-12T08:38:03+00:00\",\"dateModified\":\"2025-10-27T15:30:44+00:00\",\"author\":{\"@id\":\"https:\/\/www.noidiqua.it\/Montale\/#\/schema\/person\/e2e6f44da50af0dae9c90ad168e471a4\"},\"breadcrumb\":{\"@id\":\"https:\/\/www.noidiqua.it\/Montale\/tutte-le-donazioni-della-famiglia-nesti\/#breadcrumb\"},\"inLanguage\":\"it-IT\",\"potentialAction\":[{\"@type\":\"ReadAction\",\"target\":[\"https:\/\/www.noidiqua.it\/Montale\/tutte-le-donazioni-della-famiglia-nesti\/\"]}]},{\"@type\":\"ImageObject\",\"inLanguage\":\"it-IT\",\"@id\":\"https:\/\/www.noidiqua.it\/Montale\/tutte-le-donazioni-della-famiglia-nesti\/#primaryimage\",\"url\":\"https:\/\/www.noidiqua.it\/Montale\/wp-content\/uploads\/2025\/07\/famiglia-nesti-1.png\",\"contentUrl\":\"https:\/\/www.noidiqua.it\/Montale\/wp-content\/uploads\/2025\/07\/famiglia-nesti-1.png\",\"width\":498,\"height\":332},{\"@type\":\"BreadcrumbList\",\"@id\":\"https:\/\/www.noidiqua.it\/Montale\/tutte-le-donazioni-della-famiglia-nesti\/#breadcrumb\",\"itemListElement\":[{\"@type\":\"ListItem\",\"position\":1,\"name\":\"Home\",\"item\":\"https:\/\/www.noidiqua.it\/Montale\/\"},{\"@type\":\"ListItem\",\"position\":2,\"name\":\"Tutte le donazioni della famiglia Nesti\"}]},{\"@type\":\"WebSite\",\"@id\":\"https:\/\/www.noidiqua.it\/Montale\/#website\",\"url\":\"https:\/\/www.noidiqua.it\/Montale\/\",\"name\":\"Noi di Qua Testata giornalistica e di attualit\u00e0 di Agliana, Montale e Quarrata.\",\"description\":\"Testata Giornalistica Quarrata Montale Agliana\",\"potentialAction\":[{\"@type\":\"SearchAction\",\"target\":{\"@type\":\"EntryPoint\",\"urlTemplate\":\"https:\/\/www.noidiqua.it\/Montale\/?s={search_term_string}\"},\"query-input\":{\"@type\":\"PropertyValueSpecification\",\"valueRequired\":true,\"valueName\":\"search_term_string\"}}],\"inLanguage\":\"it-IT\"},{\"@type\":\"Person\",\"@id\":\"https:\/\/www.noidiqua.it\/Montale\/#\/schema\/person\/e2e6f44da50af0dae9c90ad168e471a4\",\"name\":\"Giacomo Bini\",\"image\":{\"@type\":\"ImageObject\",\"inLanguage\":\"it-IT\",\"@id\":\"https:\/\/www.noidiqua.it\/Montale\/#\/schema\/person\/image\/\",\"url\":\"https:\/\/secure.gravatar.com\/avatar\/e5c18ae41df5ae37397358f2c6046696187d51a120c5d0b8f0c49f7b606f46f4?s=96&d=mm&r=g\",\"contentUrl\":\"https:\/\/secure.gravatar.com\/avatar\/e5c18ae41df5ae37397358f2c6046696187d51a120c5d0b8f0c49f7b606f46f4?s=96&d=mm&r=g\",\"caption\":\"Giacomo Bini\"},\"url\":\"https:\/\/www.noidiqua.it\/Montale\/author\/giacomo-bini\/\"}]}<\/script>\n<!-- \/ Yoast SEO plugin. -->","yoast_head_json":{"title":"Tutte le donazioni della famiglia Nesti - Noi di Qua Testata giornalistica e di attualit\u00e0 di Agliana, Montale e Quarrata.","robots":{"index":"index","follow":"follow","max-snippet":"max-snippet:-1","max-image-preview":"max-image-preview:large","max-video-preview":"max-video-preview:-1"},"canonical":"https:\/\/www.noidiqua.it\/Montale\/tutte-le-donazioni-della-famiglia-nesti\/","og_locale":"it_IT","og_type":"article","og_title":"Tutte le donazioni della famiglia Nesti - Noi di Qua Testata giornalistica e di attualit\u00e0 di Agliana, Montale e Quarrata.","og_description":"di Giacomo Bini giugno 2025 Il nome del maestro Enzo Nesti, una figura esemplare di insegnante e cittadino, \u00e8 tornato a risuonare con ammirazione e rispetto nelle sedi pubbliche del paese, perch\u00e9 la famiglia Nesti, in particolare il figlio Stefano e sua mamma Ilia, stanno facendo molto per la comunit\u00e0 di Montale in termini [&hellip;]","og_url":"https:\/\/www.noidiqua.it\/Montale\/tutte-le-donazioni-della-famiglia-nesti\/","og_site_name":"Noi di Qua Testata giornalistica e di attualit\u00e0 di Agliana, Montale e Quarrata.","article_publisher":"https:\/\/www.facebook.com\/noidiqua.trimestrale\/","article_published_time":"2025-06-12T08:38:03+00:00","article_modified_time":"2025-10-27T15:30:44+00:00","og_image":[{"width":498,"height":332,"url":"https:\/\/www.noidiqua.it\/Montale\/wp-content\/uploads\/2025\/07\/famiglia-nesti-1.png","type":"image\/png"}],"author":"Giacomo Bini","twitter_misc":{"Scritto da":"Giacomo Bini","Tempo di lettura stimato":"6 minuti"},"schema":{"@context":"https:\/\/schema.org","@graph":[{"@type":"WebPage","@id":"https:\/\/www.noidiqua.it\/Montale\/tutte-le-donazioni-della-famiglia-nesti\/","url":"https:\/\/www.noidiqua.it\/Montale\/tutte-le-donazioni-della-famiglia-nesti\/","name":"Tutte le donazioni della famiglia Nesti - Noi di Qua Testata giornalistica e di attualit\u00e0 di Agliana, Montale e Quarrata.","isPartOf":{"@id":"https:\/\/www.noidiqua.it\/Montale\/#website"},"primaryImageOfPage":{"@id":"https:\/\/www.noidiqua.it\/Montale\/tutte-le-donazioni-della-famiglia-nesti\/#primaryimage"},"image":{"@id":"https:\/\/www.noidiqua.it\/Montale\/tutte-le-donazioni-della-famiglia-nesti\/#primaryimage"},"thumbnailUrl":"https:\/\/www.noidiqua.it\/Montale\/wp-content\/uploads\/2025\/07\/famiglia-nesti-1.png","datePublished":"2025-06-12T08:38:03+00:00","dateModified":"2025-10-27T15:30:44+00:00","author":{"@id":"https:\/\/www.noidiqua.it\/Montale\/#\/schema\/person\/e2e6f44da50af0dae9c90ad168e471a4"},"breadcrumb":{"@id":"https:\/\/www.noidiqua.it\/Montale\/tutte-le-donazioni-della-famiglia-nesti\/#breadcrumb"},"inLanguage":"it-IT","potentialAction":[{"@type":"ReadAction","target":["https:\/\/www.noidiqua.it\/Montale\/tutte-le-donazioni-della-famiglia-nesti\/"]}]},{"@type":"ImageObject","inLanguage":"it-IT","@id":"https:\/\/www.noidiqua.it\/Montale\/tutte-le-donazioni-della-famiglia-nesti\/#primaryimage","url":"https:\/\/www.noidiqua.it\/Montale\/wp-content\/uploads\/2025\/07\/famiglia-nesti-1.png","contentUrl":"https:\/\/www.noidiqua.it\/Montale\/wp-content\/uploads\/2025\/07\/famiglia-nesti-1.png","width":498,"height":332},{"@type":"BreadcrumbList","@id":"https:\/\/www.noidiqua.it\/Montale\/tutte-le-donazioni-della-famiglia-nesti\/#breadcrumb","itemListElement":[{"@type":"ListItem","position":1,"name":"Home","item":"https:\/\/www.noidiqua.it\/Montale\/"},{"@type":"ListItem","position":2,"name":"Tutte le donazioni della famiglia Nesti"}]},{"@type":"WebSite","@id":"https:\/\/www.noidiqua.it\/Montale\/#website","url":"https:\/\/www.noidiqua.it\/Montale\/","name":"Noi di Qua Testata giornalistica e di attualit\u00e0 di Agliana, Montale e Quarrata.","description":"Testata Giornalistica Quarrata Montale Agliana","potentialAction":[{"@type":"SearchAction","target":{"@type":"EntryPoint","urlTemplate":"https:\/\/www.noidiqua.it\/Montale\/?s={search_term_string}"},"query-input":{"@type":"PropertyValueSpecification","valueRequired":true,"valueName":"search_term_string"}}],"inLanguage":"it-IT"},{"@type":"Person","@id":"https:\/\/www.noidiqua.it\/Montale\/#\/schema\/person\/e2e6f44da50af0dae9c90ad168e471a4","name":"Giacomo Bini","image":{"@type":"ImageObject","inLanguage":"it-IT","@id":"https:\/\/www.noidiqua.it\/Montale\/#\/schema\/person\/image\/","url":"https:\/\/secure.gravatar.com\/avatar\/e5c18ae41df5ae37397358f2c6046696187d51a120c5d0b8f0c49f7b606f46f4?s=96&d=mm&r=g","contentUrl":"https:\/\/secure.gravatar.com\/avatar\/e5c18ae41df5ae37397358f2c6046696187d51a120c5d0b8f0c49f7b606f46f4?s=96&d=mm&r=g","caption":"Giacomo Bini"},"url":"https:\/\/www.noidiqua.it\/Montale\/author\/giacomo-bini\/"}]}},"_links":{"self":[{"href":"https:\/\/www.noidiqua.it\/Montale\/wp-json\/wp\/v2\/posts\/9088","targetHints":{"allow":["GET"]}}],"collection":[{"href":"https:\/\/www.noidiqua.it\/Montale\/wp-json\/wp\/v2\/posts"}],"about":[{"href":"https:\/\/www.noidiqua.it\/Montale\/wp-json\/wp\/v2\/types\/post"}],"author":[{"embeddable":true,"href":"https:\/\/www.noidiqua.it\/Montale\/wp-json\/wp\/v2\/users\/12"}],"replies":[{"embeddable":true,"href":"https:\/\/www.noidiqua.it\/Montale\/wp-json\/wp\/v2\/comments?post=9088"}],"version-history":[{"count":2,"href":"https:\/\/www.noidiqua.it\/Montale\/wp-json\/wp\/v2\/posts\/9088\/revisions"}],"predecessor-version":[{"id":9130,"href":"https:\/\/www.noidiqua.it\/Montale\/wp-json\/wp\/v2\/posts\/9088\/revisions\/9130"}],"wp:attachment":[{"href":"https:\/\/www.noidiqua.it\/Montale\/wp-json\/wp\/v2\/media?parent=9088"}],"wp:term":[{"taxonomy":"category","embeddable":true,"href":"https:\/\/www.noidiqua.it\/Montale\/wp-json\/wp\/v2\/categories?post=9088"},{"taxonomy":"post_tag","embeddable":true,"href":"https:\/\/www.noidiqua.it\/Montale\/wp-json\/wp\/v2\/tags?post=9088"}],"curies":[{"name":"wp","href":"https:\/\/api.w.org\/{rel}","templated":true}]}}