{"id":9105,"date":"2025-06-12T11:05:48","date_gmt":"2025-06-12T09:05:48","guid":{"rendered":"https:\/\/www.noidiqua.it\/Montale\/?p=9105"},"modified":"2025-10-27T16:32:26","modified_gmt":"2025-10-27T15:32:26","slug":"ancora-disagi-alla-viabilita-verso-pontenuovo","status":"publish","type":"post","link":"https:\/\/www.noidiqua.it\/Montale\/ancora-disagi-alla-viabilita-verso-pontenuovo\/","title":{"rendered":"Ancora disagi alla viabilit\u00e0 verso Pontenuovo"},"content":{"rendered":"<p><em>di Giacomo Bini<\/em><\/p>\n<p><em>giugno 2025<\/em><\/p>\n<p><a href=\"https:\/\/www.noidiqua.it\/Montale\/wp-content\/uploads\/2025\/07\/ponte-pontenuovo_.png\" rel=\"wp-prettyPhoto[9105]\"><img loading=\"lazy\" decoding=\"async\" class=\"aligncenter size-full wp-image-9106\" src=\"https:\/\/www.noidiqua.it\/Montale\/wp-content\/uploads\/2025\/07\/ponte-pontenuovo_.png\" alt=\"\" width=\"500\" height=\"363\" srcset=\"https:\/\/www.noidiqua.it\/Montale\/wp-content\/uploads\/2025\/07\/ponte-pontenuovo_.png 500w, https:\/\/www.noidiqua.it\/Montale\/wp-content\/uploads\/2025\/07\/ponte-pontenuovo_-300x218.png 300w\" sizes=\"auto, (max-width: 500px) 100vw, 500px\" \/><\/a><\/p>\n<p class=\"p1\" style=\"text-align: justify;\">La <strong>chiusura<\/strong> del <strong>ponte<\/strong> sulla <strong>Bure<\/strong> a <strong>Pontenuovo<\/strong>,<span class=\"Apple-converted-space\">\u00a0 <\/span>per i lavori di consolidamento della struttura, \u00e8 durata otto mesi, dal 23 ottobre del 2024 alla notte tra sabato 14 e domenica 15 giugno, quando il ponte \u00e8 stato riaperto anche se solo a senso unico alternato regolato da <strong>semaforo<\/strong> e limitatamente ai veicoli di peso inferiore a 3,5 tonnellate. L\u2019attuale situazione \u00e8 destinata a durare fino alla fine della seconda fase dei lavori, riguardante la parte sottostante della struttura e in particolare la sistemazione di una <strong>spalla lesionata<\/strong> sul lato est della struttura. Sui tempi di questo secondo intervento difficile fare previsioni.<span class=\"Apple-converted-space\">\u00a0 <\/span>Si parla di tre mesi ma il punto interrogativo \u00e8 d\u2019obbligo, vista la serie di rinvii e di date scadenze disattese che ha caratterizzato la fase dei lavori da poco conclusa. Il primo termine per la riapertura del ponte era stato posto al 20 dicembre 2024, due mesi dopo l\u2019inizio del cantiere, poi \u00e8 stato spostato al 28 febbraio, poi al 28 marzo e infine \u201csine die\u201d, cio\u00e8 senza una data precisa ma con la dizione \u201cfino al termine delle lavorazioni\u201d.<\/p>\n<p class=\"p1\" style=\"text-align: justify;\">In questo lungo periodo i disagi sono stati enormi e forse la parola \u201c<strong>disagi<\/strong>\u201d \u00e8 anche troppo debole per descrivere l\u2019effetto devastante che ha avuto questa interruzione della <strong>strada provinciale montalese<\/strong>, sulla vita di migliaia di cittadini. L\u2019abitato del Pontenuovo \u00e8 rimasto spaccato in due. Non si poteva andare da una parte all\u2019altra del ponte neanche a piedi. La gente era esasperata e non solo i residenti ma anche i familiari degli alunni della scuola della frazione, spesso residenti in zone di Pistoia dall\u2019altra parte della citt\u00e0. I residenti di Santomato e di Pontenuovo sono rimasti, e sono tutt\u2019ora, senza <strong>trasporto pubblico<\/strong>. Gli utenti della provinciale montalese hanno dovuto utilizzare stradine alternative del tutto inadeguate, come quella che attraversa <strong>Chiesina Montalese<\/strong> o la via <strong>Sopra Bure<\/strong> rimasta a lungo piena di buche e al limite dell\u2019impraticabilit\u00e0. Gravissimi i disagi anche per i residenti di Chiesina, oppressi dal traffico, e per gli abitanti di Montale che hanno avuto le linee dei bus dimezzate e un allungamento enorme dei tempi di percorrenza per andare a Pistoia.<\/p>\n<p class=\"p1\" style=\"text-align: justify;\">Le cause dei ritardi sono state molteplici. Dapprima c\u2019\u00e8 stato il problema dei <strong>sottoservizi<\/strong>, linee telefoniche e una condotta idrica con una falla da cui veniva una grossa perdita, che sono emersi solo a cantiere avviato e non prima. Poi la gettata, eseguita finalmente in primavera, non \u00e8 risultato conforme ai parametri del capitolato ed \u00e8 stata necessaria una seconda verifica del calcestruzzo. Poi \u00e8 stato necessario un monitoraggio della spalletta lesionata da parte di un esperto esterno.<span class=\"Apple-converted-space\">\u00a0 <\/span>La lunghezza dei tempi e il mancato rispetto delle scadenze ha minato anche la fiducia dei cittadini verso le <strong>istituzioni locali<\/strong>.<\/p>","protected":false},"excerpt":{"rendered":"<p>di Giacomo Bini giugno 2025 La chiusura del ponte sulla Bure a Pontenuovo,\u00a0 per i lavori di consolidamento della struttura, \u00e8 durata otto mesi, dal 23 ottobre del 2024 alla notte tra sabato 14 e domenica 15 giugno, quando il ponte \u00e8 stato riaperto anche se solo a senso unico alternato regolato da semaforo [&hellip;]<\/p>","protected":false},"author":12,"featured_media":0,"comment_status":"open","ping_status":"open","sticky":false,"template":"","format":"standard","meta":{"footnotes":""},"categories":[7,18],"tags":[1476,4659,4656,4658,4662,4657,4276,4655,4660,4661,4654,4275,890],"class_list":["post-9105","post","type-post","status-publish","format-standard","hentry","category-mt","category-territorio-qt","tag-bure","tag-chiesina-montalese","tag-chiusura","tag-disagi","tag-istituzioni-locali","tag-ponte","tag-pontenuovo","tag-semaforo","tag-sopra-bure","tag-sottoservizi","tag-spalla-lesionata","tag-strada-provinciale-montalese","tag-trasporto-pubblico"],"yoast_head":"<!-- This site is optimized with the Yoast SEO plugin v25.5 - https:\/\/yoast.com\/wordpress\/plugins\/seo\/ -->\n<title>Ancora disagi alla viabilit\u00e0 verso Pontenuovo - Noi di Qua Testata giornalistica e di attualit\u00e0 di Agliana, Montale e Quarrata.<\/title>\n<meta name=\"robots\" content=\"index, follow, max-snippet:-1, max-image-preview:large, max-video-preview:-1\" \/>\n<link rel=\"canonical\" href=\"https:\/\/www.noidiqua.it\/Montale\/ancora-disagi-alla-viabilita-verso-pontenuovo\/\" \/>\n<meta property=\"og:locale\" content=\"it_IT\" \/>\n<meta property=\"og:type\" content=\"article\" \/>\n<meta property=\"og:title\" content=\"Ancora disagi alla viabilit\u00e0 verso Pontenuovo - Noi di Qua Testata giornalistica e di attualit\u00e0 di Agliana, Montale e Quarrata.\" \/>\n<meta property=\"og:description\" content=\"di Giacomo Bini giugno 2025 La chiusura del ponte sulla Bure a Pontenuovo,\u00a0 per i lavori di consolidamento della struttura, \u00e8 durata otto mesi, dal 23 ottobre del 2024 alla notte tra sabato 14 e domenica 15 giugno, quando il ponte \u00e8 stato riaperto anche se solo a senso unico alternato regolato da semaforo [&hellip;]\" \/>\n<meta property=\"og:url\" content=\"https:\/\/www.noidiqua.it\/Montale\/ancora-disagi-alla-viabilita-verso-pontenuovo\/\" \/>\n<meta property=\"og:site_name\" content=\"Noi di Qua Testata giornalistica e di attualit\u00e0 di Agliana, Montale e Quarrata.\" \/>\n<meta property=\"article:publisher\" content=\"https:\/\/www.facebook.com\/noidiqua.trimestrale\/\" \/>\n<meta property=\"article:published_time\" content=\"2025-06-12T09:05:48+00:00\" \/>\n<meta property=\"article:modified_time\" content=\"2025-10-27T15:32:26+00:00\" \/>\n<meta property=\"og:image\" content=\"https:\/\/www.noidiqua.it\/Montale\/wp-content\/uploads\/2025\/07\/ponte-pontenuovo_.png\" \/>\n\t<meta property=\"og:image:width\" content=\"500\" \/>\n\t<meta property=\"og:image:height\" content=\"363\" \/>\n\t<meta property=\"og:image:type\" content=\"image\/png\" \/>\n<meta name=\"author\" content=\"Giacomo Bini\" \/>\n<meta name=\"twitter:label1\" content=\"Scritto da\" \/>\n\t<meta name=\"twitter:data1\" content=\"Giacomo Bini\" \/>\n\t<meta name=\"twitter:label2\" content=\"Tempo di lettura stimato\" \/>\n\t<meta name=\"twitter:data2\" content=\"3 minuti\" \/>\n<script type=\"application\/ld+json\" class=\"yoast-schema-graph\">{\"@context\":\"https:\/\/schema.org\",\"@graph\":[{\"@type\":\"WebPage\",\"@id\":\"https:\/\/www.noidiqua.it\/Montale\/ancora-disagi-alla-viabilita-verso-pontenuovo\/\",\"url\":\"https:\/\/www.noidiqua.it\/Montale\/ancora-disagi-alla-viabilita-verso-pontenuovo\/\",\"name\":\"Ancora disagi alla viabilit\u00e0 verso Pontenuovo - Noi di Qua Testata giornalistica e di attualit\u00e0 di Agliana, Montale e Quarrata.\",\"isPartOf\":{\"@id\":\"https:\/\/www.noidiqua.it\/Montale\/#website\"},\"primaryImageOfPage\":{\"@id\":\"https:\/\/www.noidiqua.it\/Montale\/ancora-disagi-alla-viabilita-verso-pontenuovo\/#primaryimage\"},\"image\":{\"@id\":\"https:\/\/www.noidiqua.it\/Montale\/ancora-disagi-alla-viabilita-verso-pontenuovo\/#primaryimage\"},\"thumbnailUrl\":\"https:\/\/www.noidiqua.it\/Montale\/wp-content\/uploads\/2025\/07\/ponte-pontenuovo_.png\",\"datePublished\":\"2025-06-12T09:05:48+00:00\",\"dateModified\":\"2025-10-27T15:32:26+00:00\",\"author\":{\"@id\":\"https:\/\/www.noidiqua.it\/Montale\/#\/schema\/person\/e2e6f44da50af0dae9c90ad168e471a4\"},\"breadcrumb\":{\"@id\":\"https:\/\/www.noidiqua.it\/Montale\/ancora-disagi-alla-viabilita-verso-pontenuovo\/#breadcrumb\"},\"inLanguage\":\"it-IT\",\"potentialAction\":[{\"@type\":\"ReadAction\",\"target\":[\"https:\/\/www.noidiqua.it\/Montale\/ancora-disagi-alla-viabilita-verso-pontenuovo\/\"]}]},{\"@type\":\"ImageObject\",\"inLanguage\":\"it-IT\",\"@id\":\"https:\/\/www.noidiqua.it\/Montale\/ancora-disagi-alla-viabilita-verso-pontenuovo\/#primaryimage\",\"url\":\"https:\/\/www.noidiqua.it\/Montale\/wp-content\/uploads\/2025\/07\/ponte-pontenuovo_.png\",\"contentUrl\":\"https:\/\/www.noidiqua.it\/Montale\/wp-content\/uploads\/2025\/07\/ponte-pontenuovo_.png\",\"width\":500,\"height\":363},{\"@type\":\"BreadcrumbList\",\"@id\":\"https:\/\/www.noidiqua.it\/Montale\/ancora-disagi-alla-viabilita-verso-pontenuovo\/#breadcrumb\",\"itemListElement\":[{\"@type\":\"ListItem\",\"position\":1,\"name\":\"Home\",\"item\":\"https:\/\/www.noidiqua.it\/Montale\/\"},{\"@type\":\"ListItem\",\"position\":2,\"name\":\"Ancora disagi alla viabilit\u00e0 verso Pontenuovo\"}]},{\"@type\":\"WebSite\",\"@id\":\"https:\/\/www.noidiqua.it\/Montale\/#website\",\"url\":\"https:\/\/www.noidiqua.it\/Montale\/\",\"name\":\"Noi di Qua Testata giornalistica e di attualit\u00e0 di Agliana, Montale e Quarrata.\",\"description\":\"Testata Giornalistica Quarrata Montale Agliana\",\"potentialAction\":[{\"@type\":\"SearchAction\",\"target\":{\"@type\":\"EntryPoint\",\"urlTemplate\":\"https:\/\/www.noidiqua.it\/Montale\/?s={search_term_string}\"},\"query-input\":{\"@type\":\"PropertyValueSpecification\",\"valueRequired\":true,\"valueName\":\"search_term_string\"}}],\"inLanguage\":\"it-IT\"},{\"@type\":\"Person\",\"@id\":\"https:\/\/www.noidiqua.it\/Montale\/#\/schema\/person\/e2e6f44da50af0dae9c90ad168e471a4\",\"name\":\"Giacomo Bini\",\"image\":{\"@type\":\"ImageObject\",\"inLanguage\":\"it-IT\",\"@id\":\"https:\/\/www.noidiqua.it\/Montale\/#\/schema\/person\/image\/\",\"url\":\"https:\/\/secure.gravatar.com\/avatar\/e5c18ae41df5ae37397358f2c6046696187d51a120c5d0b8f0c49f7b606f46f4?s=96&d=mm&r=g\",\"contentUrl\":\"https:\/\/secure.gravatar.com\/avatar\/e5c18ae41df5ae37397358f2c6046696187d51a120c5d0b8f0c49f7b606f46f4?s=96&d=mm&r=g\",\"caption\":\"Giacomo Bini\"},\"url\":\"https:\/\/www.noidiqua.it\/Montale\/author\/giacomo-bini\/\"}]}<\/script>\n<!-- \/ Yoast SEO plugin. -->","yoast_head_json":{"title":"Ancora disagi alla viabilit\u00e0 verso Pontenuovo - Noi di Qua Testata giornalistica e di attualit\u00e0 di Agliana, Montale e Quarrata.","robots":{"index":"index","follow":"follow","max-snippet":"max-snippet:-1","max-image-preview":"max-image-preview:large","max-video-preview":"max-video-preview:-1"},"canonical":"https:\/\/www.noidiqua.it\/Montale\/ancora-disagi-alla-viabilita-verso-pontenuovo\/","og_locale":"it_IT","og_type":"article","og_title":"Ancora disagi alla viabilit\u00e0 verso Pontenuovo - Noi di Qua Testata giornalistica e di attualit\u00e0 di Agliana, Montale e Quarrata.","og_description":"di Giacomo Bini giugno 2025 La chiusura del ponte sulla Bure a Pontenuovo,\u00a0 per i lavori di consolidamento della struttura, \u00e8 durata otto mesi, dal 23 ottobre del 2024 alla notte tra sabato 14 e domenica 15 giugno, quando il ponte \u00e8 stato riaperto anche se solo a senso unico alternato regolato da semaforo [&hellip;]","og_url":"https:\/\/www.noidiqua.it\/Montale\/ancora-disagi-alla-viabilita-verso-pontenuovo\/","og_site_name":"Noi di Qua Testata giornalistica e di attualit\u00e0 di Agliana, Montale e Quarrata.","article_publisher":"https:\/\/www.facebook.com\/noidiqua.trimestrale\/","article_published_time":"2025-06-12T09:05:48+00:00","article_modified_time":"2025-10-27T15:32:26+00:00","og_image":[{"width":500,"height":363,"url":"https:\/\/www.noidiqua.it\/Montale\/wp-content\/uploads\/2025\/07\/ponte-pontenuovo_.png","type":"image\/png"}],"author":"Giacomo Bini","twitter_misc":{"Scritto da":"Giacomo Bini","Tempo di lettura stimato":"3 minuti"},"schema":{"@context":"https:\/\/schema.org","@graph":[{"@type":"WebPage","@id":"https:\/\/www.noidiqua.it\/Montale\/ancora-disagi-alla-viabilita-verso-pontenuovo\/","url":"https:\/\/www.noidiqua.it\/Montale\/ancora-disagi-alla-viabilita-verso-pontenuovo\/","name":"Ancora disagi alla viabilit\u00e0 verso Pontenuovo - Noi di Qua Testata giornalistica e di attualit\u00e0 di Agliana, Montale e Quarrata.","isPartOf":{"@id":"https:\/\/www.noidiqua.it\/Montale\/#website"},"primaryImageOfPage":{"@id":"https:\/\/www.noidiqua.it\/Montale\/ancora-disagi-alla-viabilita-verso-pontenuovo\/#primaryimage"},"image":{"@id":"https:\/\/www.noidiqua.it\/Montale\/ancora-disagi-alla-viabilita-verso-pontenuovo\/#primaryimage"},"thumbnailUrl":"https:\/\/www.noidiqua.it\/Montale\/wp-content\/uploads\/2025\/07\/ponte-pontenuovo_.png","datePublished":"2025-06-12T09:05:48+00:00","dateModified":"2025-10-27T15:32:26+00:00","author":{"@id":"https:\/\/www.noidiqua.it\/Montale\/#\/schema\/person\/e2e6f44da50af0dae9c90ad168e471a4"},"breadcrumb":{"@id":"https:\/\/www.noidiqua.it\/Montale\/ancora-disagi-alla-viabilita-verso-pontenuovo\/#breadcrumb"},"inLanguage":"it-IT","potentialAction":[{"@type":"ReadAction","target":["https:\/\/www.noidiqua.it\/Montale\/ancora-disagi-alla-viabilita-verso-pontenuovo\/"]}]},{"@type":"ImageObject","inLanguage":"it-IT","@id":"https:\/\/www.noidiqua.it\/Montale\/ancora-disagi-alla-viabilita-verso-pontenuovo\/#primaryimage","url":"https:\/\/www.noidiqua.it\/Montale\/wp-content\/uploads\/2025\/07\/ponte-pontenuovo_.png","contentUrl":"https:\/\/www.noidiqua.it\/Montale\/wp-content\/uploads\/2025\/07\/ponte-pontenuovo_.png","width":500,"height":363},{"@type":"BreadcrumbList","@id":"https:\/\/www.noidiqua.it\/Montale\/ancora-disagi-alla-viabilita-verso-pontenuovo\/#breadcrumb","itemListElement":[{"@type":"ListItem","position":1,"name":"Home","item":"https:\/\/www.noidiqua.it\/Montale\/"},{"@type":"ListItem","position":2,"name":"Ancora disagi alla viabilit\u00e0 verso Pontenuovo"}]},{"@type":"WebSite","@id":"https:\/\/www.noidiqua.it\/Montale\/#website","url":"https:\/\/www.noidiqua.it\/Montale\/","name":"Noi di Qua Testata giornalistica e di attualit\u00e0 di Agliana, Montale e Quarrata.","description":"Testata Giornalistica Quarrata Montale Agliana","potentialAction":[{"@type":"SearchAction","target":{"@type":"EntryPoint","urlTemplate":"https:\/\/www.noidiqua.it\/Montale\/?s={search_term_string}"},"query-input":{"@type":"PropertyValueSpecification","valueRequired":true,"valueName":"search_term_string"}}],"inLanguage":"it-IT"},{"@type":"Person","@id":"https:\/\/www.noidiqua.it\/Montale\/#\/schema\/person\/e2e6f44da50af0dae9c90ad168e471a4","name":"Giacomo Bini","image":{"@type":"ImageObject","inLanguage":"it-IT","@id":"https:\/\/www.noidiqua.it\/Montale\/#\/schema\/person\/image\/","url":"https:\/\/secure.gravatar.com\/avatar\/e5c18ae41df5ae37397358f2c6046696187d51a120c5d0b8f0c49f7b606f46f4?s=96&d=mm&r=g","contentUrl":"https:\/\/secure.gravatar.com\/avatar\/e5c18ae41df5ae37397358f2c6046696187d51a120c5d0b8f0c49f7b606f46f4?s=96&d=mm&r=g","caption":"Giacomo Bini"},"url":"https:\/\/www.noidiqua.it\/Montale\/author\/giacomo-bini\/"}]}},"_links":{"self":[{"href":"https:\/\/www.noidiqua.it\/Montale\/wp-json\/wp\/v2\/posts\/9105","targetHints":{"allow":["GET"]}}],"collection":[{"href":"https:\/\/www.noidiqua.it\/Montale\/wp-json\/wp\/v2\/posts"}],"about":[{"href":"https:\/\/www.noidiqua.it\/Montale\/wp-json\/wp\/v2\/types\/post"}],"author":[{"embeddable":true,"href":"https:\/\/www.noidiqua.it\/Montale\/wp-json\/wp\/v2\/users\/12"}],"replies":[{"embeddable":true,"href":"https:\/\/www.noidiqua.it\/Montale\/wp-json\/wp\/v2\/comments?post=9105"}],"version-history":[{"count":1,"href":"https:\/\/www.noidiqua.it\/Montale\/wp-json\/wp\/v2\/posts\/9105\/revisions"}],"predecessor-version":[{"id":9107,"href":"https:\/\/www.noidiqua.it\/Montale\/wp-json\/wp\/v2\/posts\/9105\/revisions\/9107"}],"wp:attachment":[{"href":"https:\/\/www.noidiqua.it\/Montale\/wp-json\/wp\/v2\/media?parent=9105"}],"wp:term":[{"taxonomy":"category","embeddable":true,"href":"https:\/\/www.noidiqua.it\/Montale\/wp-json\/wp\/v2\/categories?post=9105"},{"taxonomy":"post_tag","embeddable":true,"href":"https:\/\/www.noidiqua.it\/Montale\/wp-json\/wp\/v2\/tags?post=9105"}],"curies":[{"name":"wp","href":"https:\/\/api.w.org\/{rel}","templated":true}]}}