{"id":9112,"date":"2025-06-12T11:24:29","date_gmt":"2025-06-12T09:24:29","guid":{"rendered":"https:\/\/www.noidiqua.it\/Montale\/?p=9112"},"modified":"2025-10-27T16:50:28","modified_gmt":"2025-10-27T15:50:28","slug":"caporalato-un-dramma-anche-femminile","status":"publish","type":"post","link":"https:\/\/www.noidiqua.it\/Montale\/caporalato-un-dramma-anche-femminile\/","title":{"rendered":"Caporalato \u2013 un dramma anche femminile"},"content":{"rendered":"<p><em>di Serena Michelozzi<\/em><\/p>\n<p><em>giugno 2025<\/em><\/p>\n<p><a href=\"https:\/\/www.noidiqua.it\/Montale\/wp-content\/uploads\/2025\/07\/caporalato-femminile-2.png\" rel=\"wp-prettyPhoto[9112]\"><img loading=\"lazy\" decoding=\"async\" class=\"aligncenter size-full wp-image-9114\" src=\"https:\/\/www.noidiqua.it\/Montale\/wp-content\/uploads\/2025\/07\/caporalato-femminile-2.png\" alt=\"\" width=\"505\" height=\"363\" srcset=\"https:\/\/www.noidiqua.it\/Montale\/wp-content\/uploads\/2025\/07\/caporalato-femminile-2.png 505w, https:\/\/www.noidiqua.it\/Montale\/wp-content\/uploads\/2025\/07\/caporalato-femminile-2-300x216.png 300w\" sizes=\"auto, (max-width: 505px) 100vw, 505px\" \/><\/a><\/p>\n<p style=\"text-align: justify;\"><span class=\"s1\">Il\u00a0<strong>caporalato<\/strong>\u00a0\u00e8 un dramma che non ha solo un volto maschile, ma affligge in maniera profonda e spesso pi\u00f9 insidiosa anche le\u00a0<strong>donne<\/strong>, vittime di un sistema che le rende doppiamente vulnerabili.<\/span><\/p>\n<p class=\"p1\" style=\"text-align: justify;\"><span class=\"s1\">Di questo si \u00e8 parlato nel convegno organizzato dalla FIDAPA (<strong>Federazione Italiana Donne Arti Professioni Affari<\/strong>), Sezione Pistoia e Montecatini Terme, svoltosi recentemente in Palazzo De\u2019 Rossi a Pistoia. Ha moderato l\u2019incontro l\u2019Avv. Iole Vannucci, referente Legislazione Distretto Centro FIDAPA BPW e sono intervenuti il Professore Marco Omizzolo dell\u2019Universit\u00e0 Sapienza di Roma, la Dott.ssa Salom\u00e8 Archain, assegnista di ricerca del\u00a0<strong>Dipartimento di Scienze Giuridiche<\/strong>\u00a0dell\u2019Universit\u00e0 degli Studi di Firenze e il Dott. Fabrizio Nativi, direttore<strong>\u00a0Ispettorato del Lavoro<\/strong>\u00a0di Pistoia e Prato.<\/span><\/p>\n<p class=\"p1\" style=\"text-align: justify;\"><span class=\"s1\">Dicevamo che anche le donne, sia italiane che straniere, sono vittime del caporalato, e pure loro affrontano condizioni lavorative estremamente difficili, contraddistinte da\u00a0<strong>orari massacranti<\/strong>\u00a0e\u00a0<strong>salari inadeguati<\/strong>, oltre che da situazioni di violenza e ricatto, amplificate dalla loro totale dipendenza dai caporali e dall\u2019isolamento in cui operano. La paura di perdere un lavoro fondamentale per la loro sussistenza le espone a continui sfruttamenti, a cui si aggiunge il fatto che molte di loro sono madri, quindi in contemporanea devono gestire i\u00a0<strong>carichi familiari<\/strong>, occupandosi della cura dei figli e delle faccende domestiche in situazioni igienico-sanitarie spesso precarie.<\/span><\/p>\n<p><a href=\"https:\/\/www.noidiqua.it\/Montale\/wp-content\/uploads\/2025\/07\/Caporalato-femminile.png\" rel=\"wp-prettyPhoto[9112]\"><img loading=\"lazy\" decoding=\"async\" class=\"aligncenter size-full wp-image-9113\" src=\"https:\/\/www.noidiqua.it\/Montale\/wp-content\/uploads\/2025\/07\/Caporalato-femminile.png\" alt=\"\" width=\"499\" height=\"333\" srcset=\"https:\/\/www.noidiqua.it\/Montale\/wp-content\/uploads\/2025\/07\/Caporalato-femminile.png 499w, https:\/\/www.noidiqua.it\/Montale\/wp-content\/uploads\/2025\/07\/Caporalato-femminile-300x200.png 300w\" sizes=\"auto, (max-width: 499px) 100vw, 499px\" \/><\/a><\/p>\n<p class=\"p1\" style=\"text-align: justify;\"><span class=\"s1\">La<strong>\u00a0gravidanza<\/strong>, anzich\u00e9 rappresentare un periodo di protezione, diventa un ulteriore fattore di vulnerabilit\u00e0, costringendole a lavorare fino agli ultimi giorni o a subire licenziamenti ingiustificati. Questo dramma colpisce tutti quei settori in cui la\u00a0<strong>manodopera femminile<\/strong>\u00a0\u00e8 preponderante: quindi non solo il settore agricolo, ma anche quello tessile, i servizi di pulizia, l\u2019<strong>assistenza domiciliare<\/strong>\u00a0e persino la logistica. Nella nostra zona si sono registrati episodi nel settore delle confezioni; si pensi, ad esempio alle condizioni in cui versano molti lavoratori e le\u00a0<strong>lavoratrici cinesi<\/strong>\u00a0nei laboratori tessili.<\/span><\/p>\n<p class=\"p1\" style=\"text-align: justify;\"><span class=\"s1\">Il caporalato in Italia, sebbene regolamentato dal 1949, ha visto l\u2019introduzione del reato nel Codice Penale solo nel 2011 con l\u2019articolo 603 bis, successivamente rafforzato dalla Legge 199\/2016 riguardante l\u2019intermediazione illecita e lo<strong>\u00a0sfruttamento lavorativo<\/strong>, insieme a misure di sostegno per i lavoratori come l\u2019accesso al reddito di inclusione e la possibilit\u00e0 di richiedere asilo. Un progresso significativo \u00e8 avvenuto ad aprile 2025, quando la Cassazione ha emesso una sentenza storica nel processo \u201cSabr\u201d, riconoscendo esplicitamente il reato di \u201c<strong>riduzione in schiavit\u00f9<\/strong>\u201d (art. 600 c.p.) nel contesto del lavoro agricolo, elevando cos\u00ec la gravit\u00e0 del caporalato al massimo livello penale e superando la semplice intermediazione illecita di manodopera.<\/span><\/p>\n<p class=\"p1\" style=\"text-align: justify;\"><span class=\"s1\">Riconoscere la dimensione anche femminile di questo\u00a0<strong>dramma<\/strong>, non \u00e8 solo un atto di giustizia, ma un passo fondamentale per costruire una societ\u00e0 pi\u00f9 equa e rispettosa dei\u00a0<strong>diritti di tutti<\/strong>.<\/span><\/p>","protected":false},"excerpt":{"rendered":"<p>di Serena Michelozzi giugno 2025 Il\u00a0caporalato\u00a0\u00e8 un dramma che non ha solo un volto maschile, ma affligge in maniera profonda e spesso pi\u00f9 insidiosa anche le\u00a0donne, vittime di un sistema che le rende doppiamente vulnerabili. Di questo si \u00e8 parlato nel convegno organizzato dalla FIDAPA (Federazione Italiana Donne Arti Professioni Affari), Sezione Pistoia e [&hellip;]<\/p>","protected":false},"author":101011,"featured_media":0,"comment_status":"open","ping_status":"open","sticky":false,"template":"","format":"standard","meta":{"footnotes":""},"categories":[2980,7],"tags":[4686,4676,4683,4679,4691,4677,4690,4678,4684,4680,4687,4685,4681,4689,4682,4688],"class_list":["post-9112","post","type-post","status-publish","format-standard","hentry","category-il-diritto-di-tutti","category-mt","tag-assistenza-domiciliare","tag-caporalato","tag-carichi-familiari","tag-dipartimento-di-scienze-giuridiche","tag-diritti-di-tutti","tag-donne","tag-dramma","tag-federazione-italiana-donne-arti-professioni-affari","tag-gravidanza","tag-ispettorato-del-lavoro","tag-lavoratrici-cinesi","tag-manodopera-femminile","tag-orari-massacranti","tag-riduzione-in-schiavitu","tag-salari-inadeguati","tag-sfruttamento-lavorativo"],"yoast_head":"<!-- This site is optimized with the Yoast SEO plugin v25.5 - https:\/\/yoast.com\/wordpress\/plugins\/seo\/ -->\n<title>Caporalato \u2013 un dramma anche femminile - Noi di Qua Testata giornalistica e di attualit\u00e0 di Agliana, Montale e Quarrata.<\/title>\n<meta name=\"robots\" content=\"index, follow, max-snippet:-1, max-image-preview:large, max-video-preview:-1\" \/>\n<link rel=\"canonical\" href=\"https:\/\/www.noidiqua.it\/Montale\/caporalato-un-dramma-anche-femminile\/\" \/>\n<meta property=\"og:locale\" content=\"it_IT\" \/>\n<meta property=\"og:type\" content=\"article\" \/>\n<meta property=\"og:title\" content=\"Caporalato \u2013 un dramma anche femminile - Noi di Qua Testata giornalistica e di attualit\u00e0 di Agliana, Montale e Quarrata.\" \/>\n<meta property=\"og:description\" content=\"di Serena Michelozzi giugno 2025 Il\u00a0caporalato\u00a0\u00e8 un dramma che non ha solo un volto maschile, ma affligge in maniera profonda e spesso pi\u00f9 insidiosa anche le\u00a0donne, vittime di un sistema che le rende doppiamente vulnerabili. Di questo si \u00e8 parlato nel convegno organizzato dalla FIDAPA (Federazione Italiana Donne Arti Professioni Affari), Sezione Pistoia e [&hellip;]\" \/>\n<meta property=\"og:url\" content=\"https:\/\/www.noidiqua.it\/Montale\/caporalato-un-dramma-anche-femminile\/\" \/>\n<meta property=\"og:site_name\" content=\"Noi di Qua Testata giornalistica e di attualit\u00e0 di Agliana, Montale e Quarrata.\" \/>\n<meta property=\"article:publisher\" content=\"https:\/\/www.facebook.com\/noidiqua.trimestrale\/\" \/>\n<meta property=\"article:published_time\" content=\"2025-06-12T09:24:29+00:00\" \/>\n<meta property=\"article:modified_time\" content=\"2025-10-27T15:50:28+00:00\" \/>\n<meta property=\"og:image\" content=\"https:\/\/www.noidiqua.it\/Montale\/wp-content\/uploads\/2025\/07\/caporalato-femminile-2.png\" \/>\n\t<meta property=\"og:image:width\" content=\"505\" \/>\n\t<meta property=\"og:image:height\" content=\"363\" \/>\n\t<meta property=\"og:image:type\" content=\"image\/png\" \/>\n<meta name=\"author\" content=\"Serena Michelozzi\" \/>\n<meta name=\"twitter:label1\" content=\"Scritto da\" \/>\n\t<meta name=\"twitter:data1\" content=\"Serena Michelozzi\" \/>\n\t<meta name=\"twitter:label2\" content=\"Tempo di lettura stimato\" \/>\n\t<meta name=\"twitter:data2\" content=\"3 minuti\" \/>\n<script type=\"application\/ld+json\" class=\"yoast-schema-graph\">{\"@context\":\"https:\/\/schema.org\",\"@graph\":[{\"@type\":\"WebPage\",\"@id\":\"https:\/\/www.noidiqua.it\/Montale\/caporalato-un-dramma-anche-femminile\/\",\"url\":\"https:\/\/www.noidiqua.it\/Montale\/caporalato-un-dramma-anche-femminile\/\",\"name\":\"Caporalato \u2013 un dramma anche femminile - Noi di Qua Testata giornalistica e di attualit\u00e0 di Agliana, Montale e Quarrata.\",\"isPartOf\":{\"@id\":\"https:\/\/www.noidiqua.it\/Montale\/#website\"},\"primaryImageOfPage\":{\"@id\":\"https:\/\/www.noidiqua.it\/Montale\/caporalato-un-dramma-anche-femminile\/#primaryimage\"},\"image\":{\"@id\":\"https:\/\/www.noidiqua.it\/Montale\/caporalato-un-dramma-anche-femminile\/#primaryimage\"},\"thumbnailUrl\":\"https:\/\/www.noidiqua.it\/Montale\/wp-content\/uploads\/2025\/07\/caporalato-femminile-2.png\",\"datePublished\":\"2025-06-12T09:24:29+00:00\",\"dateModified\":\"2025-10-27T15:50:28+00:00\",\"author\":{\"@id\":\"https:\/\/www.noidiqua.it\/Montale\/#\/schema\/person\/4763a96f0bdf332cc8a55478dbeba163\"},\"breadcrumb\":{\"@id\":\"https:\/\/www.noidiqua.it\/Montale\/caporalato-un-dramma-anche-femminile\/#breadcrumb\"},\"inLanguage\":\"it-IT\",\"potentialAction\":[{\"@type\":\"ReadAction\",\"target\":[\"https:\/\/www.noidiqua.it\/Montale\/caporalato-un-dramma-anche-femminile\/\"]}]},{\"@type\":\"ImageObject\",\"inLanguage\":\"it-IT\",\"@id\":\"https:\/\/www.noidiqua.it\/Montale\/caporalato-un-dramma-anche-femminile\/#primaryimage\",\"url\":\"https:\/\/www.noidiqua.it\/Montale\/wp-content\/uploads\/2025\/07\/caporalato-femminile-2.png\",\"contentUrl\":\"https:\/\/www.noidiqua.it\/Montale\/wp-content\/uploads\/2025\/07\/caporalato-femminile-2.png\",\"width\":505,\"height\":363},{\"@type\":\"BreadcrumbList\",\"@id\":\"https:\/\/www.noidiqua.it\/Montale\/caporalato-un-dramma-anche-femminile\/#breadcrumb\",\"itemListElement\":[{\"@type\":\"ListItem\",\"position\":1,\"name\":\"Home\",\"item\":\"https:\/\/www.noidiqua.it\/Montale\/\"},{\"@type\":\"ListItem\",\"position\":2,\"name\":\"Caporalato \u2013 un dramma anche femminile\"}]},{\"@type\":\"WebSite\",\"@id\":\"https:\/\/www.noidiqua.it\/Montale\/#website\",\"url\":\"https:\/\/www.noidiqua.it\/Montale\/\",\"name\":\"Noi di Qua Testata giornalistica e di attualit\u00e0 di Agliana, Montale e Quarrata.\",\"description\":\"Testata Giornalistica Quarrata Montale Agliana\",\"potentialAction\":[{\"@type\":\"SearchAction\",\"target\":{\"@type\":\"EntryPoint\",\"urlTemplate\":\"https:\/\/www.noidiqua.it\/Montale\/?s={search_term_string}\"},\"query-input\":{\"@type\":\"PropertyValueSpecification\",\"valueRequired\":true,\"valueName\":\"search_term_string\"}}],\"inLanguage\":\"it-IT\"},{\"@type\":\"Person\",\"@id\":\"https:\/\/www.noidiqua.it\/Montale\/#\/schema\/person\/4763a96f0bdf332cc8a55478dbeba163\",\"name\":\"Serena Michelozzi\",\"image\":{\"@type\":\"ImageObject\",\"inLanguage\":\"it-IT\",\"@id\":\"https:\/\/www.noidiqua.it\/Montale\/#\/schema\/person\/image\/\",\"url\":\"https:\/\/secure.gravatar.com\/avatar\/a8efaab8953a1edb4943a89dbca993e803bf8bcf5221a8ff937a96a5b9914aab?s=96&d=mm&r=g\",\"contentUrl\":\"https:\/\/secure.gravatar.com\/avatar\/a8efaab8953a1edb4943a89dbca993e803bf8bcf5221a8ff937a96a5b9914aab?s=96&d=mm&r=g\",\"caption\":\"Serena Michelozzi\"},\"url\":\"https:\/\/www.noidiqua.it\/Montale\/author\/serena-michelozzi\/\"}]}<\/script>\n<!-- \/ Yoast SEO plugin. -->","yoast_head_json":{"title":"Caporalato \u2013 un dramma anche femminile - Noi di Qua Testata giornalistica e di attualit\u00e0 di Agliana, Montale e Quarrata.","robots":{"index":"index","follow":"follow","max-snippet":"max-snippet:-1","max-image-preview":"max-image-preview:large","max-video-preview":"max-video-preview:-1"},"canonical":"https:\/\/www.noidiqua.it\/Montale\/caporalato-un-dramma-anche-femminile\/","og_locale":"it_IT","og_type":"article","og_title":"Caporalato \u2013 un dramma anche femminile - Noi di Qua Testata giornalistica e di attualit\u00e0 di Agliana, Montale e Quarrata.","og_description":"di Serena Michelozzi giugno 2025 Il\u00a0caporalato\u00a0\u00e8 un dramma che non ha solo un volto maschile, ma affligge in maniera profonda e spesso pi\u00f9 insidiosa anche le\u00a0donne, vittime di un sistema che le rende doppiamente vulnerabili. Di questo si \u00e8 parlato nel convegno organizzato dalla FIDAPA (Federazione Italiana Donne Arti Professioni Affari), Sezione Pistoia e [&hellip;]","og_url":"https:\/\/www.noidiqua.it\/Montale\/caporalato-un-dramma-anche-femminile\/","og_site_name":"Noi di Qua Testata giornalistica e di attualit\u00e0 di Agliana, Montale e Quarrata.","article_publisher":"https:\/\/www.facebook.com\/noidiqua.trimestrale\/","article_published_time":"2025-06-12T09:24:29+00:00","article_modified_time":"2025-10-27T15:50:28+00:00","og_image":[{"width":505,"height":363,"url":"https:\/\/www.noidiqua.it\/Montale\/wp-content\/uploads\/2025\/07\/caporalato-femminile-2.png","type":"image\/png"}],"author":"Serena Michelozzi","twitter_misc":{"Scritto da":"Serena Michelozzi","Tempo di lettura stimato":"3 minuti"},"schema":{"@context":"https:\/\/schema.org","@graph":[{"@type":"WebPage","@id":"https:\/\/www.noidiqua.it\/Montale\/caporalato-un-dramma-anche-femminile\/","url":"https:\/\/www.noidiqua.it\/Montale\/caporalato-un-dramma-anche-femminile\/","name":"Caporalato \u2013 un dramma anche femminile - Noi di Qua Testata giornalistica e di attualit\u00e0 di Agliana, Montale e Quarrata.","isPartOf":{"@id":"https:\/\/www.noidiqua.it\/Montale\/#website"},"primaryImageOfPage":{"@id":"https:\/\/www.noidiqua.it\/Montale\/caporalato-un-dramma-anche-femminile\/#primaryimage"},"image":{"@id":"https:\/\/www.noidiqua.it\/Montale\/caporalato-un-dramma-anche-femminile\/#primaryimage"},"thumbnailUrl":"https:\/\/www.noidiqua.it\/Montale\/wp-content\/uploads\/2025\/07\/caporalato-femminile-2.png","datePublished":"2025-06-12T09:24:29+00:00","dateModified":"2025-10-27T15:50:28+00:00","author":{"@id":"https:\/\/www.noidiqua.it\/Montale\/#\/schema\/person\/4763a96f0bdf332cc8a55478dbeba163"},"breadcrumb":{"@id":"https:\/\/www.noidiqua.it\/Montale\/caporalato-un-dramma-anche-femminile\/#breadcrumb"},"inLanguage":"it-IT","potentialAction":[{"@type":"ReadAction","target":["https:\/\/www.noidiqua.it\/Montale\/caporalato-un-dramma-anche-femminile\/"]}]},{"@type":"ImageObject","inLanguage":"it-IT","@id":"https:\/\/www.noidiqua.it\/Montale\/caporalato-un-dramma-anche-femminile\/#primaryimage","url":"https:\/\/www.noidiqua.it\/Montale\/wp-content\/uploads\/2025\/07\/caporalato-femminile-2.png","contentUrl":"https:\/\/www.noidiqua.it\/Montale\/wp-content\/uploads\/2025\/07\/caporalato-femminile-2.png","width":505,"height":363},{"@type":"BreadcrumbList","@id":"https:\/\/www.noidiqua.it\/Montale\/caporalato-un-dramma-anche-femminile\/#breadcrumb","itemListElement":[{"@type":"ListItem","position":1,"name":"Home","item":"https:\/\/www.noidiqua.it\/Montale\/"},{"@type":"ListItem","position":2,"name":"Caporalato \u2013 un dramma anche femminile"}]},{"@type":"WebSite","@id":"https:\/\/www.noidiqua.it\/Montale\/#website","url":"https:\/\/www.noidiqua.it\/Montale\/","name":"Noi di Qua Testata giornalistica e di attualit\u00e0 di Agliana, Montale e Quarrata.","description":"Testata Giornalistica Quarrata Montale Agliana","potentialAction":[{"@type":"SearchAction","target":{"@type":"EntryPoint","urlTemplate":"https:\/\/www.noidiqua.it\/Montale\/?s={search_term_string}"},"query-input":{"@type":"PropertyValueSpecification","valueRequired":true,"valueName":"search_term_string"}}],"inLanguage":"it-IT"},{"@type":"Person","@id":"https:\/\/www.noidiqua.it\/Montale\/#\/schema\/person\/4763a96f0bdf332cc8a55478dbeba163","name":"Serena Michelozzi","image":{"@type":"ImageObject","inLanguage":"it-IT","@id":"https:\/\/www.noidiqua.it\/Montale\/#\/schema\/person\/image\/","url":"https:\/\/secure.gravatar.com\/avatar\/a8efaab8953a1edb4943a89dbca993e803bf8bcf5221a8ff937a96a5b9914aab?s=96&d=mm&r=g","contentUrl":"https:\/\/secure.gravatar.com\/avatar\/a8efaab8953a1edb4943a89dbca993e803bf8bcf5221a8ff937a96a5b9914aab?s=96&d=mm&r=g","caption":"Serena Michelozzi"},"url":"https:\/\/www.noidiqua.it\/Montale\/author\/serena-michelozzi\/"}]}},"_links":{"self":[{"href":"https:\/\/www.noidiqua.it\/Montale\/wp-json\/wp\/v2\/posts\/9112","targetHints":{"allow":["GET"]}}],"collection":[{"href":"https:\/\/www.noidiqua.it\/Montale\/wp-json\/wp\/v2\/posts"}],"about":[{"href":"https:\/\/www.noidiqua.it\/Montale\/wp-json\/wp\/v2\/types\/post"}],"author":[{"embeddable":true,"href":"https:\/\/www.noidiqua.it\/Montale\/wp-json\/wp\/v2\/users\/101011"}],"replies":[{"embeddable":true,"href":"https:\/\/www.noidiqua.it\/Montale\/wp-json\/wp\/v2\/comments?post=9112"}],"version-history":[{"count":1,"href":"https:\/\/www.noidiqua.it\/Montale\/wp-json\/wp\/v2\/posts\/9112\/revisions"}],"predecessor-version":[{"id":9115,"href":"https:\/\/www.noidiqua.it\/Montale\/wp-json\/wp\/v2\/posts\/9112\/revisions\/9115"}],"wp:attachment":[{"href":"https:\/\/www.noidiqua.it\/Montale\/wp-json\/wp\/v2\/media?parent=9112"}],"wp:term":[{"taxonomy":"category","embeddable":true,"href":"https:\/\/www.noidiqua.it\/Montale\/wp-json\/wp\/v2\/categories?post=9112"},{"taxonomy":"post_tag","embeddable":true,"href":"https:\/\/www.noidiqua.it\/Montale\/wp-json\/wp\/v2\/tags?post=9112"}],"curies":[{"name":"wp","href":"https:\/\/api.w.org\/{rel}","templated":true}]}}