{"id":9125,"date":"2025-06-12T11:40:38","date_gmt":"2025-06-12T09:40:38","guid":{"rendered":"https:\/\/www.noidiqua.it\/Montale\/?p=9125"},"modified":"2025-11-21T08:58:24","modified_gmt":"2025-11-21T07:58:24","slug":"bisogna-saper-perdere","status":"publish","type":"post","link":"https:\/\/www.noidiqua.it\/Montale\/bisogna-saper-perdere\/","title":{"rendered":"Bisogna saper perdere"},"content":{"rendered":"<p style=\"text-align: justify;\"><em>di Massimo Cappelli<\/em><\/p>\n<p style=\"text-align: justify;\"><em>giugno 2025<\/em><\/p>\n<p style=\"text-align: justify;\"><a href=\"https:\/\/www.noidiqua.it\/Montale\/wp-content\/uploads\/2018\/03\/Logo-Noidiqua.png\" rel=\"wp-prettyPhoto[9125]\"><img loading=\"lazy\" decoding=\"async\" class=\"aligncenter size-full wp-image-6511\" src=\"https:\/\/www.noidiqua.it\/Montale\/wp-content\/uploads\/2018\/03\/Logo-Noidiqua.png\" alt=\"\" width=\"488\" height=\"344\" srcset=\"https:\/\/www.noidiqua.it\/Montale\/wp-content\/uploads\/2018\/03\/Logo-Noidiqua.png 488w, https:\/\/www.noidiqua.it\/Montale\/wp-content\/uploads\/2018\/03\/Logo-Noidiqua-300x211.png 300w\" sizes=\"auto, (max-width: 488px) 100vw, 488px\" \/><\/a><\/p>\n<p style=\"text-align: justify;\"><span class=\"s1\">\u00c8 da un po\u2019 di tempo che mi risuona in testa una canzone che ascoltavo quando ero bambino, un successo cantato da<i>\u00a0Lucio Dalla<\/i>\u00a0e dai\u00a0<i>Rokes\u00a0<\/i>in un vecchio Sanremo del 1967, si intitolava:\u00a0<b>\u201cBisogna saper perdere\u201d<\/b>.<\/span><\/p>\n<p style=\"text-align: justify;\"><span class=\"s1\">Il brano faceva riferimento ad una disputa fra due amici innamorati della stessa ragazza che aveva gi\u00e0 fatto la sua scelta per uno di loro. Era tempo di grande fermento e di impegno sociale che spinse studenti, operai ed intellettuali ad unirsi e a contestare in nome della pace, contro la guerra del Vietnam in corso da anni. In quel periodo storico anche la musica, come ogni altra forma d\u2019arte, assecondava la contestazione, proprio come nel testo di questo brano, che con estrema semplicit\u00e0 fa riflettere su come sia possibile e facile gestire al meglio ogni incomprensione, affidandosi al buon senso, al dialogo e al compromesso, semplicemente non volendo\u2026\u00a0<b>vincere a tutti i costi<\/b>. Se al contrario vogliamo solo sopraffare gli avversari dando sfogo ai sentimenti pi\u00f9 negativi, lo scontro diventa inevitabile, e a seconda del potere che i contendenti hanno, una controversia insignificante pu\u00f2 assumere anche dimensioni gigantesche. Questo \u00e8 proprio quello che \u00e8 sempre successo nella storia dell\u2019uomo e che sta succedendo adesso a Gaza, in Ucraina e in ogni parte del mondo dove ancora oggi sono in corso sanguinosi e assurdi conflitti. I capi di Stato dei Paesi avversari anche se qualche volta si tolgono giacca, camicia bianca e cravatta e si fanno vedere in grigioverde o in mimetica, non vanno, e non andranno mai, al fonte a combattere, ci mandano i ragazzi di vent\u2019anni che il pi\u00f9 delle volte non sanno nemmeno perch\u00e9 si trovano l\u00ec. A morire.<\/span><\/p>\n<p style=\"text-align: justify;\"><span class=\"s1\">I potenti con le loro famiglie e la protezione della scorta invece si ritirano nei bunker, nelle stanze dei bottoni opportunamente blindate a prova di bomba da dove, per voler vincere a tutti i costi, mettono in atto crudeli e perverse strategie finalizzate ad annientare non solo obiettivi militari ma a uccidere civili, donne, e purtroppo anche tanti bambini. Pare che il mondo, per\u00f2, a differenza del Sessantotto, invece di contestare queste atrocit\u00e0, si stia abituando ad esse.<\/span><\/p>\n<p style=\"text-align: justify;\"><a href=\"https:\/\/www.noidiqua.it\/Montale\/wp-content\/uploads\/2025\/07\/rokes.png\" rel=\"wp-prettyPhoto[9125]\"><img loading=\"lazy\" decoding=\"async\" class=\"aligncenter size-full wp-image-9128\" src=\"https:\/\/www.noidiqua.it\/Montale\/wp-content\/uploads\/2025\/07\/rokes.png\" alt=\"\" width=\"320\" height=\"396\" srcset=\"https:\/\/www.noidiqua.it\/Montale\/wp-content\/uploads\/2025\/07\/rokes.png 320w, https:\/\/www.noidiqua.it\/Montale\/wp-content\/uploads\/2025\/07\/rokes-242x300.png 242w\" sizes=\"auto, (max-width: 320px) 100vw, 320px\" \/><\/a><\/p>\n<p style=\"text-align: justify;\"><span class=\"s1\">Eppure il concetto \u00e8 molto semplice, e la soluzione sta in quelle tre parole:\u00a0<b>\u201cBisogna\u2026 saper\u2026 perdere\u201d<\/b>. Bisogna cercare di provocare il male minore. \u00c8 necessario per\u00f2 fare uno, dieci, cento passi indietro, perch\u00e9 se si persegue unicamente l\u2019obiettivo del vincere, si rischia di non accorgersi di cosa sta succedendo attorno a noi e di non vedere i danni morali e materiali che ogni guerra produce ad entrambe le parti. Non ci sono vincitori, ci sono solo vinti, e insieme all\u2019odio sar\u00e0 sempre il male che trionfa. Sicuramente io sono l\u2019ultima persona degna di spiegare le Scritture, ma per l\u2019occasione prendo in prestito questa frase di Ges\u00f9 pronunciata durante \u201cil discorso della montagna\u201d e scritta nei Vangeli di Matteo e Luca, Il testo evangelico riporta:<i>\u201cAvete inteso che fu detto: Occhio per occhio e dente per dente; ma io vi dico di non opporvi al malvagio; anzi se uno ti percuote la guancia destra, tu porgigli anche l\u2019altra; e a chi ti vuol chiamare in giudizio per toglierti la tunica, tu lascia anche il mantello. E se uno ti costringer\u00e0 a fare un miglio, tu fanne con lui due [\u2026]\u201d<\/i><\/span><\/p>\n<p style=\"text-align: justify;\"><span class=\"s1\">Molto probabilmente porgere l\u2019altra guancia sar\u00e0 stato difficile anche per Lui, come uomo, ma l\u2019insegnamento \u00e8 perfetto quanto semplice: se alla violenza si risponde con la violenza non si finisce pi\u00f9, sarebbe come spengere un incendio con la benzina. Cosa diversa invece \u00e8 rispondere ad una provocazione con un gesto di profonda umilt\u00e0, destabilizzando l\u2019altra parte, interrompendo le sinapsi cerebrali e con esse le aspettative di chi cerca a tutti i costi il conflitto, annientando cos\u00ec sul nascere l\u2019inizio del progetto malvagio.\u00a0<\/span><span class=\"s1\">A me sembra che stiamo sfociando nell\u2019era dell\u2019indifferenza, del cinismo e dell\u2019arroganza. Prevale sempre di pi\u00f9\u00a0<i>\u201cl\u2019io\u201d,<\/i>\u00a0non\u00a0<i>\u201cil noi\u201d<\/i>, ed \u00e8 sempre pi\u00f9 importante\u00a0<i>\u201cl\u2019avere\u201d<\/i>\u00a0e non\u00a0<i>\u201cl\u2019essere\u201d<\/i>; uno, pi\u00f9 potente \u00e8, e pi\u00f9 rispetto merita, questo succede sia nella Societ\u00e0 che ai suoi vertici, dove si eleggono leader che promettono solo di tirar su muri, sia materiali che ideologici, e il consenso avuto \u00e8 proprio grazie a queste promesse, segno di una societ\u00e0 confusa e incurante del fatto che i muri chiudono fuori gli altri, ma in qualche modo imprigionano anche chi li tira su.<\/span><\/p>\n<p style=\"text-align: justify;\"><span class=\"s1\">Poi c\u2019\u00e8 l\u2019altro aspetto: La fuga! Quella dei potenti miliardari, coloro che nella vita (appunto)\u00a0<b>non hanno mai saputo e voluto perdere<\/b>: preparare la via di fuga pagando milioni di dollari per una gita nello spazio e, magari, in vista della fine del mondo, assicurarsi la salvezza su una base spaziale; una salvezza del tutto diversa da quella premessa da Colui che ha detto\u00a0<b>\u201cporgi l\u2019altra guancia\u201d<\/b>, ma anche molto diversa dal contenuto di quel vecchio brano di Sanremo del 1967:\u00a0<b>\u201cBisogna saper perdere\u201d<\/b>, allora cantata da due venticinquenni: Shel Shapiro e Lucio Dalla.<\/span><\/p>\n<p style=\"text-align: justify;\"><span class=\"s1\">Se ho infastidito qualcuno con l\u2019accostamento\u00a0<i>\u201cSanremo \u2013 Santo Vangelo\u201d<\/i>\u00a0me ne scuso, tuttavia una verit\u00e0 resta tale da qualsiasi parte essa provenga. Concludendo, credo che per mettere fine ai conflitti ci sia sempre meno bisogno di leader e di uomini potenti. C\u2019\u00e8 bisogno invece di maestri di vita, di persone illuminate che godano del rispetto dei loro seguaci, ma al contempo, abbiano l\u2019umilt\u00e0 di lavare i loro piedi. Questa, sarebbe un\u2019altra vera salvezza.<\/span><\/p>\n<p style=\"text-align: justify;\">","protected":false},"excerpt":{"rendered":"<p>di Massimo Cappelli giugno 2025 \u00c8 da un po\u2019 di tempo che mi risuona in testa una canzone che ascoltavo quando ero bambino, un successo cantato da\u00a0Lucio Dalla\u00a0e dai\u00a0Rokes\u00a0in un vecchio Sanremo del 1967, si intitolava:\u00a0\u201cBisogna saper perdere\u201d. Il brano faceva riferimento ad una disputa fra due amici innamorati della stessa ragazza che aveva [&hellip;]<\/p>","protected":false},"author":7,"featured_media":6511,"comment_status":"open","ping_status":"open","sticky":false,"template":"","format":"standard","meta":{"footnotes":""},"categories":[24,7],"tags":[4717,4715,59,4720,4721,4718,4719,2604,4722,2986,4716],"class_list":["post-9125","post","type-post","status-publish","format-standard","has-post-thumbnail","hentry","category-concludendo-qt","category-mt","tag-a-tutti-i-costi","tag-bisogna-saper-perdere","tag-concludendo","tag-gaza","tag-paesi-avversari","tag-potenti","tag-protezione","tag-sanremo","tag-santo-vangelo","tag-ucraina","tag-vincere"],"yoast_head":"<!-- This site is optimized with the Yoast SEO plugin v25.5 - https:\/\/yoast.com\/wordpress\/plugins\/seo\/ -->\n<title>Bisogna saper perdere - Noi di Qua Testata giornalistica e di attualit\u00e0 di Agliana, Montale e Quarrata.<\/title>\n<meta name=\"robots\" content=\"index, follow, max-snippet:-1, max-image-preview:large, max-video-preview:-1\" \/>\n<link rel=\"canonical\" href=\"https:\/\/www.noidiqua.it\/Montale\/bisogna-saper-perdere\/\" \/>\n<meta property=\"og:locale\" content=\"it_IT\" \/>\n<meta property=\"og:type\" content=\"article\" \/>\n<meta property=\"og:title\" content=\"Bisogna saper perdere - Noi di Qua Testata giornalistica e di attualit\u00e0 di Agliana, Montale e Quarrata.\" \/>\n<meta property=\"og:description\" content=\"di Massimo Cappelli giugno 2025 \u00c8 da un po\u2019 di tempo che mi risuona in testa una canzone che ascoltavo quando ero bambino, un successo cantato da\u00a0Lucio Dalla\u00a0e dai\u00a0Rokes\u00a0in un vecchio Sanremo del 1967, si intitolava:\u00a0\u201cBisogna saper perdere\u201d. Il brano faceva riferimento ad una disputa fra due amici innamorati della stessa ragazza che aveva [&hellip;]\" \/>\n<meta property=\"og:url\" content=\"https:\/\/www.noidiqua.it\/Montale\/bisogna-saper-perdere\/\" \/>\n<meta property=\"og:site_name\" content=\"Noi di Qua Testata giornalistica e di attualit\u00e0 di Agliana, Montale e Quarrata.\" \/>\n<meta property=\"article:publisher\" content=\"https:\/\/www.facebook.com\/noidiqua.trimestrale\/\" \/>\n<meta property=\"article:published_time\" content=\"2025-06-12T09:40:38+00:00\" \/>\n<meta property=\"article:modified_time\" content=\"2025-11-21T07:58:24+00:00\" \/>\n<meta property=\"og:image\" content=\"https:\/\/www.noidiqua.it\/Montale\/wp-content\/uploads\/2018\/03\/Logo-Noidiqua.png\" \/>\n\t<meta property=\"og:image:width\" content=\"488\" \/>\n\t<meta property=\"og:image:height\" content=\"344\" \/>\n\t<meta property=\"og:image:type\" content=\"image\/png\" \/>\n<meta name=\"author\" content=\"Massimo Cappelli\" \/>\n<meta name=\"twitter:label1\" content=\"Scritto da\" \/>\n\t<meta name=\"twitter:data1\" content=\"Massimo Cappelli\" \/>\n\t<meta name=\"twitter:label2\" content=\"Tempo di lettura stimato\" \/>\n\t<meta name=\"twitter:data2\" content=\"6 minuti\" \/>\n<script type=\"application\/ld+json\" class=\"yoast-schema-graph\">{\"@context\":\"https:\/\/schema.org\",\"@graph\":[{\"@type\":\"WebPage\",\"@id\":\"https:\/\/www.noidiqua.it\/Montale\/bisogna-saper-perdere\/\",\"url\":\"https:\/\/www.noidiqua.it\/Montale\/bisogna-saper-perdere\/\",\"name\":\"Bisogna saper perdere - Noi di Qua Testata giornalistica e di attualit\u00e0 di Agliana, Montale e Quarrata.\",\"isPartOf\":{\"@id\":\"https:\/\/www.noidiqua.it\/Montale\/#website\"},\"primaryImageOfPage\":{\"@id\":\"https:\/\/www.noidiqua.it\/Montale\/bisogna-saper-perdere\/#primaryimage\"},\"image\":{\"@id\":\"https:\/\/www.noidiqua.it\/Montale\/bisogna-saper-perdere\/#primaryimage\"},\"thumbnailUrl\":\"https:\/\/www.noidiqua.it\/Montale\/wp-content\/uploads\/2018\/03\/Logo-Noidiqua.png\",\"datePublished\":\"2025-06-12T09:40:38+00:00\",\"dateModified\":\"2025-11-21T07:58:24+00:00\",\"author\":{\"@id\":\"https:\/\/www.noidiqua.it\/Montale\/#\/schema\/person\/858b1b9db61101126e5ded39f94daedb\"},\"breadcrumb\":{\"@id\":\"https:\/\/www.noidiqua.it\/Montale\/bisogna-saper-perdere\/#breadcrumb\"},\"inLanguage\":\"it-IT\",\"potentialAction\":[{\"@type\":\"ReadAction\",\"target\":[\"https:\/\/www.noidiqua.it\/Montale\/bisogna-saper-perdere\/\"]}]},{\"@type\":\"ImageObject\",\"inLanguage\":\"it-IT\",\"@id\":\"https:\/\/www.noidiqua.it\/Montale\/bisogna-saper-perdere\/#primaryimage\",\"url\":\"https:\/\/www.noidiqua.it\/Montale\/wp-content\/uploads\/2018\/03\/Logo-Noidiqua.png\",\"contentUrl\":\"https:\/\/www.noidiqua.it\/Montale\/wp-content\/uploads\/2018\/03\/Logo-Noidiqua.png\",\"width\":488,\"height\":344},{\"@type\":\"BreadcrumbList\",\"@id\":\"https:\/\/www.noidiqua.it\/Montale\/bisogna-saper-perdere\/#breadcrumb\",\"itemListElement\":[{\"@type\":\"ListItem\",\"position\":1,\"name\":\"Home\",\"item\":\"https:\/\/www.noidiqua.it\/Montale\/\"},{\"@type\":\"ListItem\",\"position\":2,\"name\":\"Bisogna saper perdere\"}]},{\"@type\":\"WebSite\",\"@id\":\"https:\/\/www.noidiqua.it\/Montale\/#website\",\"url\":\"https:\/\/www.noidiqua.it\/Montale\/\",\"name\":\"Noi di Qua Testata giornalistica e di attualit\u00e0 di Agliana, Montale e Quarrata.\",\"description\":\"Testata Giornalistica Quarrata Montale Agliana\",\"potentialAction\":[{\"@type\":\"SearchAction\",\"target\":{\"@type\":\"EntryPoint\",\"urlTemplate\":\"https:\/\/www.noidiqua.it\/Montale\/?s={search_term_string}\"},\"query-input\":{\"@type\":\"PropertyValueSpecification\",\"valueRequired\":true,\"valueName\":\"search_term_string\"}}],\"inLanguage\":\"it-IT\"},{\"@type\":\"Person\",\"@id\":\"https:\/\/www.noidiqua.it\/Montale\/#\/schema\/person\/858b1b9db61101126e5ded39f94daedb\",\"name\":\"Massimo Cappelli\",\"image\":{\"@type\":\"ImageObject\",\"inLanguage\":\"it-IT\",\"@id\":\"https:\/\/www.noidiqua.it\/Montale\/#\/schema\/person\/image\/\",\"url\":\"https:\/\/secure.gravatar.com\/avatar\/0e7261535228aa9bb0417ab8f42f3fadaf8ce23bdfde46c689c43410a676cfa9?s=96&d=mm&r=g\",\"contentUrl\":\"https:\/\/secure.gravatar.com\/avatar\/0e7261535228aa9bb0417ab8f42f3fadaf8ce23bdfde46c689c43410a676cfa9?s=96&d=mm&r=g\",\"caption\":\"Massimo Cappelli\"},\"url\":\"https:\/\/www.noidiqua.it\/Montale\/author\/massimo-cappelli\/\"}]}<\/script>\n<!-- \/ Yoast SEO plugin. -->","yoast_head_json":{"title":"Bisogna saper perdere - Noi di Qua Testata giornalistica e di attualit\u00e0 di Agliana, Montale e Quarrata.","robots":{"index":"index","follow":"follow","max-snippet":"max-snippet:-1","max-image-preview":"max-image-preview:large","max-video-preview":"max-video-preview:-1"},"canonical":"https:\/\/www.noidiqua.it\/Montale\/bisogna-saper-perdere\/","og_locale":"it_IT","og_type":"article","og_title":"Bisogna saper perdere - Noi di Qua Testata giornalistica e di attualit\u00e0 di Agliana, Montale e Quarrata.","og_description":"di Massimo Cappelli giugno 2025 \u00c8 da un po\u2019 di tempo che mi risuona in testa una canzone che ascoltavo quando ero bambino, un successo cantato da\u00a0Lucio Dalla\u00a0e dai\u00a0Rokes\u00a0in un vecchio Sanremo del 1967, si intitolava:\u00a0\u201cBisogna saper perdere\u201d. Il brano faceva riferimento ad una disputa fra due amici innamorati della stessa ragazza che aveva [&hellip;]","og_url":"https:\/\/www.noidiqua.it\/Montale\/bisogna-saper-perdere\/","og_site_name":"Noi di Qua Testata giornalistica e di attualit\u00e0 di Agliana, Montale e Quarrata.","article_publisher":"https:\/\/www.facebook.com\/noidiqua.trimestrale\/","article_published_time":"2025-06-12T09:40:38+00:00","article_modified_time":"2025-11-21T07:58:24+00:00","og_image":[{"width":488,"height":344,"url":"https:\/\/www.noidiqua.it\/Montale\/wp-content\/uploads\/2018\/03\/Logo-Noidiqua.png","type":"image\/png"}],"author":"Massimo Cappelli","twitter_misc":{"Scritto da":"Massimo Cappelli","Tempo di lettura stimato":"6 minuti"},"schema":{"@context":"https:\/\/schema.org","@graph":[{"@type":"WebPage","@id":"https:\/\/www.noidiqua.it\/Montale\/bisogna-saper-perdere\/","url":"https:\/\/www.noidiqua.it\/Montale\/bisogna-saper-perdere\/","name":"Bisogna saper perdere - Noi di Qua Testata giornalistica e di attualit\u00e0 di Agliana, Montale e Quarrata.","isPartOf":{"@id":"https:\/\/www.noidiqua.it\/Montale\/#website"},"primaryImageOfPage":{"@id":"https:\/\/www.noidiqua.it\/Montale\/bisogna-saper-perdere\/#primaryimage"},"image":{"@id":"https:\/\/www.noidiqua.it\/Montale\/bisogna-saper-perdere\/#primaryimage"},"thumbnailUrl":"https:\/\/www.noidiqua.it\/Montale\/wp-content\/uploads\/2018\/03\/Logo-Noidiqua.png","datePublished":"2025-06-12T09:40:38+00:00","dateModified":"2025-11-21T07:58:24+00:00","author":{"@id":"https:\/\/www.noidiqua.it\/Montale\/#\/schema\/person\/858b1b9db61101126e5ded39f94daedb"},"breadcrumb":{"@id":"https:\/\/www.noidiqua.it\/Montale\/bisogna-saper-perdere\/#breadcrumb"},"inLanguage":"it-IT","potentialAction":[{"@type":"ReadAction","target":["https:\/\/www.noidiqua.it\/Montale\/bisogna-saper-perdere\/"]}]},{"@type":"ImageObject","inLanguage":"it-IT","@id":"https:\/\/www.noidiqua.it\/Montale\/bisogna-saper-perdere\/#primaryimage","url":"https:\/\/www.noidiqua.it\/Montale\/wp-content\/uploads\/2018\/03\/Logo-Noidiqua.png","contentUrl":"https:\/\/www.noidiqua.it\/Montale\/wp-content\/uploads\/2018\/03\/Logo-Noidiqua.png","width":488,"height":344},{"@type":"BreadcrumbList","@id":"https:\/\/www.noidiqua.it\/Montale\/bisogna-saper-perdere\/#breadcrumb","itemListElement":[{"@type":"ListItem","position":1,"name":"Home","item":"https:\/\/www.noidiqua.it\/Montale\/"},{"@type":"ListItem","position":2,"name":"Bisogna saper perdere"}]},{"@type":"WebSite","@id":"https:\/\/www.noidiqua.it\/Montale\/#website","url":"https:\/\/www.noidiqua.it\/Montale\/","name":"Noi di Qua Testata giornalistica e di attualit\u00e0 di Agliana, Montale e Quarrata.","description":"Testata Giornalistica Quarrata Montale Agliana","potentialAction":[{"@type":"SearchAction","target":{"@type":"EntryPoint","urlTemplate":"https:\/\/www.noidiqua.it\/Montale\/?s={search_term_string}"},"query-input":{"@type":"PropertyValueSpecification","valueRequired":true,"valueName":"search_term_string"}}],"inLanguage":"it-IT"},{"@type":"Person","@id":"https:\/\/www.noidiqua.it\/Montale\/#\/schema\/person\/858b1b9db61101126e5ded39f94daedb","name":"Massimo Cappelli","image":{"@type":"ImageObject","inLanguage":"it-IT","@id":"https:\/\/www.noidiqua.it\/Montale\/#\/schema\/person\/image\/","url":"https:\/\/secure.gravatar.com\/avatar\/0e7261535228aa9bb0417ab8f42f3fadaf8ce23bdfde46c689c43410a676cfa9?s=96&d=mm&r=g","contentUrl":"https:\/\/secure.gravatar.com\/avatar\/0e7261535228aa9bb0417ab8f42f3fadaf8ce23bdfde46c689c43410a676cfa9?s=96&d=mm&r=g","caption":"Massimo Cappelli"},"url":"https:\/\/www.noidiqua.it\/Montale\/author\/massimo-cappelli\/"}]}},"_links":{"self":[{"href":"https:\/\/www.noidiqua.it\/Montale\/wp-json\/wp\/v2\/posts\/9125","targetHints":{"allow":["GET"]}}],"collection":[{"href":"https:\/\/www.noidiqua.it\/Montale\/wp-json\/wp\/v2\/posts"}],"about":[{"href":"https:\/\/www.noidiqua.it\/Montale\/wp-json\/wp\/v2\/types\/post"}],"author":[{"embeddable":true,"href":"https:\/\/www.noidiqua.it\/Montale\/wp-json\/wp\/v2\/users\/7"}],"replies":[{"embeddable":true,"href":"https:\/\/www.noidiqua.it\/Montale\/wp-json\/wp\/v2\/comments?post=9125"}],"version-history":[{"count":4,"href":"https:\/\/www.noidiqua.it\/Montale\/wp-json\/wp\/v2\/posts\/9125\/revisions"}],"predecessor-version":[{"id":9227,"href":"https:\/\/www.noidiqua.it\/Montale\/wp-json\/wp\/v2\/posts\/9125\/revisions\/9227"}],"wp:featuredmedia":[{"embeddable":true,"href":"https:\/\/www.noidiqua.it\/Montale\/wp-json\/wp\/v2\/media\/6511"}],"wp:attachment":[{"href":"https:\/\/www.noidiqua.it\/Montale\/wp-json\/wp\/v2\/media?parent=9125"}],"wp:term":[{"taxonomy":"category","embeddable":true,"href":"https:\/\/www.noidiqua.it\/Montale\/wp-json\/wp\/v2\/categories?post=9125"},{"taxonomy":"post_tag","embeddable":true,"href":"https:\/\/www.noidiqua.it\/Montale\/wp-json\/wp\/v2\/tags?post=9125"}],"curies":[{"name":"wp","href":"https:\/\/api.w.org\/{rel}","templated":true}]}}