{"id":9137,"date":"2025-09-05T11:43:44","date_gmt":"2025-09-05T09:43:44","guid":{"rendered":"https:\/\/www.noidiqua.it\/Montale\/?p=9137"},"modified":"2025-10-27T16:49:51","modified_gmt":"2025-10-27T15:49:51","slug":"lo-scava-traccia-per-ombrelli","status":"publish","type":"post","link":"https:\/\/www.noidiqua.it\/Montale\/lo-scava-traccia-per-ombrelli\/","title":{"rendered":"Lo scava traccia per ombrelli"},"content":{"rendered":"<p><em>di David Colzi. Ph: Foto Olympia<\/em><\/p>\n<p><em>settembre 2025<\/em><\/p>\n<p><a href=\"https:\/\/www.noidiqua.it\/Montale\/wp-content\/uploads\/2025\/10\/scava-traccia-1.png\" rel=\"wp-prettyPhoto[9137]\"><img loading=\"lazy\" decoding=\"async\" class=\"aligncenter size-full wp-image-9138\" src=\"https:\/\/www.noidiqua.it\/Montale\/wp-content\/uploads\/2025\/10\/scava-traccia-1.png\" alt=\"\" width=\"516\" height=\"365\" srcset=\"https:\/\/www.noidiqua.it\/Montale\/wp-content\/uploads\/2025\/10\/scava-traccia-1.png 516w, https:\/\/www.noidiqua.it\/Montale\/wp-content\/uploads\/2025\/10\/scava-traccia-1-300x212.png 300w\" sizes=\"auto, (max-width: 516px) 100vw, 516px\" \/><\/a><\/p>\n<p style=\"text-align: justify;\"><span class=\"s1\">Continua la nostra visita all&#8217;interno del Museo etno-demo-antropologico <strong>Casa di Zela<\/strong> di Quarrata, sempre alla ricerca di oggetti curiosi, appartenenti al nostro passato recente. Ad aiutarci in questo viaggio c&#8217;\u00e8 ancora una volta <strong>Ernesto Franchi<\/strong>, responsabile e guida del plesso.<\/span><\/p>\n<p class=\"p1\" style=\"text-align: justify;\"><span class=\"s1\">Si tratta indubbiamente di uno degli oggetti pi\u00f9 strani che si possono trovare a Casa di Zela. Al primo sguardo pu\u00f2 sembrare una piccola macina, oppure un affila coltelli. Invece la sua funzione era particolarissima, perch\u00e9 serviva per scavare, tramite un piccolo disco dentato azionato a manovella, una <strong>scanalatura<\/strong> lungo l&#8217;asta dell&#8217;ombrello, nella quale veniva poi inserita una guida in ferro con due molle. La funzione di quest&#8217;ultime era di bloccare o sbloccare il collare interno che reggeva le stecche. Il meccanismo cos\u00ec composto consentiva all&#8217;ombrello di aprirsi e richiudersi.<\/span><\/p>\n<p class=\"p1\" style=\"text-align: justify;\"><span class=\"s1\">Questa spiegazione minimamente tecnica risulter\u00e0 sorprendente, ma anche i pi\u00f9 banali oggetti quotidiani hanno una loro <strong>tecnologia<\/strong> precisa, che talvolta \u00e8 mutata ben poco nel tempo.\u00a0<\/span><\/p>\n<p><a href=\"https:\/\/www.noidiqua.it\/Montale\/wp-content\/uploads\/2025\/10\/scava-traccia-2.png\" rel=\"wp-prettyPhoto[9137]\"><img loading=\"lazy\" decoding=\"async\" class=\"aligncenter size-full wp-image-9139\" src=\"https:\/\/www.noidiqua.it\/Montale\/wp-content\/uploads\/2025\/10\/scava-traccia-2.png\" alt=\"\" width=\"321\" height=\"397\" srcset=\"https:\/\/www.noidiqua.it\/Montale\/wp-content\/uploads\/2025\/10\/scava-traccia-2.png 321w, https:\/\/www.noidiqua.it\/Montale\/wp-content\/uploads\/2025\/10\/scava-traccia-2-243x300.png 243w\" sizes=\"auto, (max-width: 321px) 100vw, 321px\" \/><\/a><\/p>\n<p style=\"text-align: justify;\"><span class=\"s1\">Il nostro \u201cscava traccia\u201d \u00e8 un utensile talmente particolare che, nonostante si trovi a Casa di Zela da pi\u00f9 di dieci anni, nessun visitatore, giovane o anziano che fosse, \u00e8 mai riuscito a indovinarne la funzione, nonostante gli indizi forniti dalle guide. Chiaramente ora il mistero \u00e8 stato risolto, quindi si dovranno trovare nuove stranezze per sfidare la <strong>curiosit\u00e0<\/strong> e l&#8217;intelligenza degli avventori; ma al museo gli esempi certo non mancano. A proposito: chiedete a Ernesto di mostrarvi \u201cla <strong>Pappagalla<\/strong>\u201d&#8230; rimarrete sorpresi!<\/span><\/p>","protected":false},"excerpt":{"rendered":"<p>di David Colzi. Ph: Foto Olympia settembre 2025 Continua la nostra visita all&#8217;interno del Museo etno-demo-antropologico Casa di Zela di Quarrata, sempre alla ricerca di oggetti curiosi, appartenenti al nostro passato recente. Ad aiutarci in questo viaggio c&#8217;\u00e8 ancora una volta Ernesto Franchi, responsabile e guida del plesso. Si tratta indubbiamente di uno degli [&hellip;]<\/p>","protected":false},"author":5,"featured_media":0,"comment_status":"open","ping_status":"open","sticky":false,"template":"","format":"standard","meta":{"footnotes":""},"categories":[4370,7],"tags":[4376,63,4377,4734,4733,1636],"class_list":["post-9137","post","type-post","status-publish","format-standard","hentry","category-chincaglierie","category-mt","tag-casa-di-zela","tag-curiosita","tag-ernesto-franchi","tag-pappagalla","tag-scanalatura","tag-tecnologia"],"yoast_head":"<!-- This site is optimized with the Yoast SEO plugin v25.5 - https:\/\/yoast.com\/wordpress\/plugins\/seo\/ -->\n<title>Lo scava traccia per ombrelli - Noi di Qua Testata giornalistica e di attualit\u00e0 di Agliana, Montale e Quarrata.<\/title>\n<meta name=\"robots\" content=\"index, follow, max-snippet:-1, max-image-preview:large, max-video-preview:-1\" \/>\n<link rel=\"canonical\" href=\"https:\/\/www.noidiqua.it\/Montale\/lo-scava-traccia-per-ombrelli\/\" \/>\n<meta property=\"og:locale\" content=\"it_IT\" \/>\n<meta property=\"og:type\" content=\"article\" \/>\n<meta property=\"og:title\" content=\"Lo scava traccia per ombrelli - Noi di Qua Testata giornalistica e di attualit\u00e0 di Agliana, Montale e Quarrata.\" \/>\n<meta property=\"og:description\" content=\"di David Colzi. Ph: Foto Olympia settembre 2025 Continua la nostra visita all&#8217;interno del Museo etno-demo-antropologico Casa di Zela di Quarrata, sempre alla ricerca di oggetti curiosi, appartenenti al nostro passato recente. Ad aiutarci in questo viaggio c&#8217;\u00e8 ancora una volta Ernesto Franchi, responsabile e guida del plesso. Si tratta indubbiamente di uno degli [&hellip;]\" \/>\n<meta property=\"og:url\" content=\"https:\/\/www.noidiqua.it\/Montale\/lo-scava-traccia-per-ombrelli\/\" \/>\n<meta property=\"og:site_name\" content=\"Noi di Qua Testata giornalistica e di attualit\u00e0 di Agliana, Montale e Quarrata.\" \/>\n<meta property=\"article:publisher\" content=\"https:\/\/www.facebook.com\/noidiqua.trimestrale\/\" \/>\n<meta property=\"article:published_time\" content=\"2025-09-05T09:43:44+00:00\" \/>\n<meta property=\"article:modified_time\" content=\"2025-10-27T15:49:51+00:00\" \/>\n<meta property=\"og:image\" content=\"https:\/\/www.noidiqua.it\/Montale\/wp-content\/uploads\/2025\/10\/scava-traccia-1.png\" \/>\n\t<meta property=\"og:image:width\" content=\"516\" \/>\n\t<meta property=\"og:image:height\" content=\"365\" \/>\n\t<meta property=\"og:image:type\" content=\"image\/png\" \/>\n<meta name=\"author\" content=\"David Colzi\" \/>\n<meta name=\"twitter:label1\" content=\"Scritto da\" \/>\n\t<meta name=\"twitter:data1\" content=\"David Colzi\" \/>\n\t<meta name=\"twitter:label2\" content=\"Tempo di lettura stimato\" \/>\n\t<meta name=\"twitter:data2\" content=\"2 minuti\" \/>\n<script type=\"application\/ld+json\" class=\"yoast-schema-graph\">{\"@context\":\"https:\/\/schema.org\",\"@graph\":[{\"@type\":\"WebPage\",\"@id\":\"https:\/\/www.noidiqua.it\/Montale\/lo-scava-traccia-per-ombrelli\/\",\"url\":\"https:\/\/www.noidiqua.it\/Montale\/lo-scava-traccia-per-ombrelli\/\",\"name\":\"Lo scava traccia per ombrelli - Noi di Qua Testata giornalistica e di attualit\u00e0 di Agliana, Montale e Quarrata.\",\"isPartOf\":{\"@id\":\"https:\/\/www.noidiqua.it\/Montale\/#website\"},\"primaryImageOfPage\":{\"@id\":\"https:\/\/www.noidiqua.it\/Montale\/lo-scava-traccia-per-ombrelli\/#primaryimage\"},\"image\":{\"@id\":\"https:\/\/www.noidiqua.it\/Montale\/lo-scava-traccia-per-ombrelli\/#primaryimage\"},\"thumbnailUrl\":\"https:\/\/www.noidiqua.it\/Montale\/wp-content\/uploads\/2025\/10\/scava-traccia-1.png\",\"datePublished\":\"2025-09-05T09:43:44+00:00\",\"dateModified\":\"2025-10-27T15:49:51+00:00\",\"author\":{\"@id\":\"https:\/\/www.noidiqua.it\/Montale\/#\/schema\/person\/3b45dd21eb2367c177b6a6d35c868ccc\"},\"breadcrumb\":{\"@id\":\"https:\/\/www.noidiqua.it\/Montale\/lo-scava-traccia-per-ombrelli\/#breadcrumb\"},\"inLanguage\":\"it-IT\",\"potentialAction\":[{\"@type\":\"ReadAction\",\"target\":[\"https:\/\/www.noidiqua.it\/Montale\/lo-scava-traccia-per-ombrelli\/\"]}]},{\"@type\":\"ImageObject\",\"inLanguage\":\"it-IT\",\"@id\":\"https:\/\/www.noidiqua.it\/Montale\/lo-scava-traccia-per-ombrelli\/#primaryimage\",\"url\":\"https:\/\/www.noidiqua.it\/Montale\/wp-content\/uploads\/2025\/10\/scava-traccia-1.png\",\"contentUrl\":\"https:\/\/www.noidiqua.it\/Montale\/wp-content\/uploads\/2025\/10\/scava-traccia-1.png\",\"width\":516,\"height\":365},{\"@type\":\"BreadcrumbList\",\"@id\":\"https:\/\/www.noidiqua.it\/Montale\/lo-scava-traccia-per-ombrelli\/#breadcrumb\",\"itemListElement\":[{\"@type\":\"ListItem\",\"position\":1,\"name\":\"Home\",\"item\":\"https:\/\/www.noidiqua.it\/Montale\/\"},{\"@type\":\"ListItem\",\"position\":2,\"name\":\"Lo scava traccia per ombrelli\"}]},{\"@type\":\"WebSite\",\"@id\":\"https:\/\/www.noidiqua.it\/Montale\/#website\",\"url\":\"https:\/\/www.noidiqua.it\/Montale\/\",\"name\":\"Noi di Qua Testata giornalistica e di attualit\u00e0 di Agliana, Montale e Quarrata.\",\"description\":\"Testata Giornalistica Quarrata Montale Agliana\",\"potentialAction\":[{\"@type\":\"SearchAction\",\"target\":{\"@type\":\"EntryPoint\",\"urlTemplate\":\"https:\/\/www.noidiqua.it\/Montale\/?s={search_term_string}\"},\"query-input\":{\"@type\":\"PropertyValueSpecification\",\"valueRequired\":true,\"valueName\":\"search_term_string\"}}],\"inLanguage\":\"it-IT\"},{\"@type\":\"Person\",\"@id\":\"https:\/\/www.noidiqua.it\/Montale\/#\/schema\/person\/3b45dd21eb2367c177b6a6d35c868ccc\",\"name\":\"David Colzi\",\"image\":{\"@type\":\"ImageObject\",\"inLanguage\":\"it-IT\",\"@id\":\"https:\/\/www.noidiqua.it\/Montale\/#\/schema\/person\/image\/\",\"url\":\"https:\/\/secure.gravatar.com\/avatar\/515ac68c0075b78a8243a0f28e5a361c9b5c466a1d6912ac3919ddd928c4db8c?s=96&d=mm&r=g\",\"contentUrl\":\"https:\/\/secure.gravatar.com\/avatar\/515ac68c0075b78a8243a0f28e5a361c9b5c466a1d6912ac3919ddd928c4db8c?s=96&d=mm&r=g\",\"caption\":\"David Colzi\"},\"url\":\"https:\/\/www.noidiqua.it\/Montale\/author\/david-colzi\/\"}]}<\/script>\n<!-- \/ Yoast SEO plugin. -->","yoast_head_json":{"title":"Lo scava traccia per ombrelli - Noi di Qua Testata giornalistica e di attualit\u00e0 di Agliana, Montale e Quarrata.","robots":{"index":"index","follow":"follow","max-snippet":"max-snippet:-1","max-image-preview":"max-image-preview:large","max-video-preview":"max-video-preview:-1"},"canonical":"https:\/\/www.noidiqua.it\/Montale\/lo-scava-traccia-per-ombrelli\/","og_locale":"it_IT","og_type":"article","og_title":"Lo scava traccia per ombrelli - Noi di Qua Testata giornalistica e di attualit\u00e0 di Agliana, Montale e Quarrata.","og_description":"di David Colzi. Ph: Foto Olympia settembre 2025 Continua la nostra visita all&#8217;interno del Museo etno-demo-antropologico Casa di Zela di Quarrata, sempre alla ricerca di oggetti curiosi, appartenenti al nostro passato recente. Ad aiutarci in questo viaggio c&#8217;\u00e8 ancora una volta Ernesto Franchi, responsabile e guida del plesso. Si tratta indubbiamente di uno degli [&hellip;]","og_url":"https:\/\/www.noidiqua.it\/Montale\/lo-scava-traccia-per-ombrelli\/","og_site_name":"Noi di Qua Testata giornalistica e di attualit\u00e0 di Agliana, Montale e Quarrata.","article_publisher":"https:\/\/www.facebook.com\/noidiqua.trimestrale\/","article_published_time":"2025-09-05T09:43:44+00:00","article_modified_time":"2025-10-27T15:49:51+00:00","og_image":[{"width":516,"height":365,"url":"https:\/\/www.noidiqua.it\/Montale\/wp-content\/uploads\/2025\/10\/scava-traccia-1.png","type":"image\/png"}],"author":"David Colzi","twitter_misc":{"Scritto da":"David Colzi","Tempo di lettura stimato":"2 minuti"},"schema":{"@context":"https:\/\/schema.org","@graph":[{"@type":"WebPage","@id":"https:\/\/www.noidiqua.it\/Montale\/lo-scava-traccia-per-ombrelli\/","url":"https:\/\/www.noidiqua.it\/Montale\/lo-scava-traccia-per-ombrelli\/","name":"Lo scava traccia per ombrelli - Noi di Qua Testata giornalistica e di attualit\u00e0 di Agliana, Montale e Quarrata.","isPartOf":{"@id":"https:\/\/www.noidiqua.it\/Montale\/#website"},"primaryImageOfPage":{"@id":"https:\/\/www.noidiqua.it\/Montale\/lo-scava-traccia-per-ombrelli\/#primaryimage"},"image":{"@id":"https:\/\/www.noidiqua.it\/Montale\/lo-scava-traccia-per-ombrelli\/#primaryimage"},"thumbnailUrl":"https:\/\/www.noidiqua.it\/Montale\/wp-content\/uploads\/2025\/10\/scava-traccia-1.png","datePublished":"2025-09-05T09:43:44+00:00","dateModified":"2025-10-27T15:49:51+00:00","author":{"@id":"https:\/\/www.noidiqua.it\/Montale\/#\/schema\/person\/3b45dd21eb2367c177b6a6d35c868ccc"},"breadcrumb":{"@id":"https:\/\/www.noidiqua.it\/Montale\/lo-scava-traccia-per-ombrelli\/#breadcrumb"},"inLanguage":"it-IT","potentialAction":[{"@type":"ReadAction","target":["https:\/\/www.noidiqua.it\/Montale\/lo-scava-traccia-per-ombrelli\/"]}]},{"@type":"ImageObject","inLanguage":"it-IT","@id":"https:\/\/www.noidiqua.it\/Montale\/lo-scava-traccia-per-ombrelli\/#primaryimage","url":"https:\/\/www.noidiqua.it\/Montale\/wp-content\/uploads\/2025\/10\/scava-traccia-1.png","contentUrl":"https:\/\/www.noidiqua.it\/Montale\/wp-content\/uploads\/2025\/10\/scava-traccia-1.png","width":516,"height":365},{"@type":"BreadcrumbList","@id":"https:\/\/www.noidiqua.it\/Montale\/lo-scava-traccia-per-ombrelli\/#breadcrumb","itemListElement":[{"@type":"ListItem","position":1,"name":"Home","item":"https:\/\/www.noidiqua.it\/Montale\/"},{"@type":"ListItem","position":2,"name":"Lo scava traccia per ombrelli"}]},{"@type":"WebSite","@id":"https:\/\/www.noidiqua.it\/Montale\/#website","url":"https:\/\/www.noidiqua.it\/Montale\/","name":"Noi di Qua Testata giornalistica e di attualit\u00e0 di Agliana, Montale e Quarrata.","description":"Testata Giornalistica Quarrata Montale Agliana","potentialAction":[{"@type":"SearchAction","target":{"@type":"EntryPoint","urlTemplate":"https:\/\/www.noidiqua.it\/Montale\/?s={search_term_string}"},"query-input":{"@type":"PropertyValueSpecification","valueRequired":true,"valueName":"search_term_string"}}],"inLanguage":"it-IT"},{"@type":"Person","@id":"https:\/\/www.noidiqua.it\/Montale\/#\/schema\/person\/3b45dd21eb2367c177b6a6d35c868ccc","name":"David Colzi","image":{"@type":"ImageObject","inLanguage":"it-IT","@id":"https:\/\/www.noidiqua.it\/Montale\/#\/schema\/person\/image\/","url":"https:\/\/secure.gravatar.com\/avatar\/515ac68c0075b78a8243a0f28e5a361c9b5c466a1d6912ac3919ddd928c4db8c?s=96&d=mm&r=g","contentUrl":"https:\/\/secure.gravatar.com\/avatar\/515ac68c0075b78a8243a0f28e5a361c9b5c466a1d6912ac3919ddd928c4db8c?s=96&d=mm&r=g","caption":"David Colzi"},"url":"https:\/\/www.noidiqua.it\/Montale\/author\/david-colzi\/"}]}},"_links":{"self":[{"href":"https:\/\/www.noidiqua.it\/Montale\/wp-json\/wp\/v2\/posts\/9137","targetHints":{"allow":["GET"]}}],"collection":[{"href":"https:\/\/www.noidiqua.it\/Montale\/wp-json\/wp\/v2\/posts"}],"about":[{"href":"https:\/\/www.noidiqua.it\/Montale\/wp-json\/wp\/v2\/types\/post"}],"author":[{"embeddable":true,"href":"https:\/\/www.noidiqua.it\/Montale\/wp-json\/wp\/v2\/users\/5"}],"replies":[{"embeddable":true,"href":"https:\/\/www.noidiqua.it\/Montale\/wp-json\/wp\/v2\/comments?post=9137"}],"version-history":[{"count":2,"href":"https:\/\/www.noidiqua.it\/Montale\/wp-json\/wp\/v2\/posts\/9137\/revisions"}],"predecessor-version":[{"id":9222,"href":"https:\/\/www.noidiqua.it\/Montale\/wp-json\/wp\/v2\/posts\/9137\/revisions\/9222"}],"wp:attachment":[{"href":"https:\/\/www.noidiqua.it\/Montale\/wp-json\/wp\/v2\/media?parent=9137"}],"wp:term":[{"taxonomy":"category","embeddable":true,"href":"https:\/\/www.noidiqua.it\/Montale\/wp-json\/wp\/v2\/categories?post=9137"},{"taxonomy":"post_tag","embeddable":true,"href":"https:\/\/www.noidiqua.it\/Montale\/wp-json\/wp\/v2\/tags?post=9137"}],"curies":[{"name":"wp","href":"https:\/\/api.w.org\/{rel}","templated":true}]}}