{"id":9141,"date":"2025-09-05T11:51:09","date_gmt":"2025-09-05T09:51:09","guid":{"rendered":"https:\/\/www.noidiqua.it\/Montale\/?p=9141"},"modified":"2025-12-22T16:47:42","modified_gmt":"2025-12-22T15:47:42","slug":"festa-della-pesca-un-grandissimo-successo","status":"publish","type":"post","link":"https:\/\/www.noidiqua.it\/Montale\/festa-della-pesca-un-grandissimo-successo\/","title":{"rendered":"Festa della Pesca &#8211; un grandissimo successo"},"content":{"rendered":"<p><em>di Giacomo Bini<\/em><\/p>\n<p><em>settembre 2025<\/em><\/p>\n<p><a href=\"https:\/\/www.noidiqua.it\/Montale\/wp-content\/uploads\/2025\/10\/Festa-della-Pesca.png\" rel=\"wp-prettyPhoto[9141]\"><img loading=\"lazy\" decoding=\"async\" class=\"aligncenter wp-image-9142\" src=\"https:\/\/www.noidiqua.it\/Montale\/wp-content\/uploads\/2025\/10\/Festa-della-Pesca.png\" alt=\"\" width=\"467\" height=\"348\" srcset=\"https:\/\/www.noidiqua.it\/Montale\/wp-content\/uploads\/2025\/10\/Festa-della-Pesca.png 509w, https:\/\/www.noidiqua.it\/Montale\/wp-content\/uploads\/2025\/10\/Festa-della-Pesca-300x223.png 300w\" sizes=\"auto, (max-width: 467px) 100vw, 467px\" \/><\/a><\/p>\n<p class=\"p1\" style=\"text-align: justify;\"><span class=\"s1\">Una delle novit\u00e0 pi\u00f9 interessanti degli ultimi mesi \u00e8 stata la <strong>Festa della Pesca<\/strong>, organizzata dall\u2019<strong>Associazione Commercianti Montalesi<\/strong> con la collaborazione di Confcommercio, del Centro Commerciale Naturale di Montale, del Comune di Montale che ha patrocinato l\u2019iniziativa oltre che di Toscana promozione turistica, Chianti Mutua Ets e Vivo Societ\u00e0 agricola che ha curato l\u2019allestimento del verde. <\/span><\/p>\n<p class=\"p1\" style=\"text-align: justify;\"><span class=\"s1\">La festa ha avuto un grandissimo <strong>successo<\/strong> come partecipazione e gradimento del pubblico e l\u2019organizzazione \u00e8 stata di notevole qualit\u00e0. Uno degli scopi, pienamente raggiunto, era valorizzare e mettere in evidenza una <strong>coltivazione<\/strong>, quella delle pesche, che da molto tempo caratterizza la realt\u00e0 <strong>economica montalese<\/strong> e attira visitatori anche dai centri vicini. Ma la giornata ha avuto soprattutto la finalit\u00e0 di mettere in piazza le eccellenze commerciali di Montale cos\u00ec come era avvenuto nel primo evento organizzato dall\u2019Associazione Commercianti Montalesi, vale a dire \u201c<strong>Montale sotto Natale<\/strong>\u201d all\u2019inizio di dicembre 2024. La riuscita della Festa della Pesca incoraggia l\u2019Associazione Commercianti Montalesi ad andare avanti nel suo programma di dare vita al paese e di fare emergere le qualit\u00e0 imprenditoriali e produttive che possono attrarre l\u2019interesse del pubblico e di costituire momenti di ritrovo e di aggregazione che abbiano anche un valore sociale. L\u2019Associazione Commercianti Montalesi \u00e8 un esempio di come l\u2019unione faccia la forza anche nel commercio e di come l\u2019<strong>entusiasmo<\/strong> e la <strong>passione<\/strong> degli esercenti possa essere un volano di sviluppo per tutta la collettivit\u00e0. <\/span><\/p>\n<p class=\"p1\" style=\"text-align: justify;\"><span class=\"s1\">A conclusione di questa notizia, la redazione di Noidiqua intende colmare una lacuna che si \u00e8 verificata nel precedente numero della rivista. L\u2019elenco dei commercianti che aderiscono all\u2019Associazione, una cinquantina in tutto, che abbiamo pubblicato a fianco nell\u2019articolo di presentazione della Festa della Pesca, era mancante di due esercizi commerciali: la cartoleria <strong>Il Grillo Parlante<\/strong> e la <strong>gelateria Olmechi<\/strong>. Ci scusiamo con i lettori della omissione e stavolta speriamo di aver colmato la lacuna. <\/span><\/p>","protected":false},"excerpt":{"rendered":"<p>di Giacomo Bini settembre 2025 Una delle novit\u00e0 pi\u00f9 interessanti degli ultimi mesi \u00e8 stata la Festa della Pesca, organizzata dall\u2019Associazione Commercianti Montalesi con la collaborazione di Confcommercio, del Centro Commerciale Naturale di Montale, del Comune di Montale che ha patrocinato l\u2019iniziativa oltre che di Toscana promozione turistica, Chianti Mutua Ets e Vivo Societ\u00e0 [&hellip;]<\/p>","protected":false},"author":12,"featured_media":0,"comment_status":"open","ping_status":"open","sticky":false,"template":"","format":"standard","meta":{"footnotes":""},"categories":[2621,7],"tags":[4539,4737,4738,4739,4735,4741,4740,4540,1558,4736],"class_list":["post-9141","post","type-post","status-publish","format-standard","hentry","category-da-sottolineare","category-mt","tag-associazione-commercianti-montalesi","tag-coltivazione","tag-economica-montalese","tag-entusiasmo","tag-festa-della-pesca","tag-gelateria-olmechi","tag-il-grillo-parlante","tag-montale-sotto-natale","tag-passione","tag-successo"],"yoast_head":"<!-- This site is optimized with the Yoast SEO plugin v25.5 - https:\/\/yoast.com\/wordpress\/plugins\/seo\/ -->\n<title>Festa della Pesca - un grandissimo successo - Noi di Qua Testata giornalistica e di attualit\u00e0 di Agliana, Montale e Quarrata.<\/title>\n<meta name=\"robots\" content=\"index, follow, max-snippet:-1, max-image-preview:large, max-video-preview:-1\" \/>\n<link rel=\"canonical\" href=\"https:\/\/www.noidiqua.it\/Montale\/festa-della-pesca-un-grandissimo-successo\/\" \/>\n<meta property=\"og:locale\" content=\"it_IT\" \/>\n<meta property=\"og:type\" content=\"article\" \/>\n<meta property=\"og:title\" content=\"Festa della Pesca - un grandissimo successo - Noi di Qua Testata giornalistica e di attualit\u00e0 di Agliana, Montale e Quarrata.\" \/>\n<meta property=\"og:description\" content=\"di Giacomo Bini settembre 2025 Una delle novit\u00e0 pi\u00f9 interessanti degli ultimi mesi \u00e8 stata la Festa della Pesca, organizzata dall\u2019Associazione Commercianti Montalesi con la collaborazione di Confcommercio, del Centro Commerciale Naturale di Montale, del Comune di Montale che ha patrocinato l\u2019iniziativa oltre che di Toscana promozione turistica, Chianti Mutua Ets e Vivo Societ\u00e0 [&hellip;]\" \/>\n<meta property=\"og:url\" content=\"https:\/\/www.noidiqua.it\/Montale\/festa-della-pesca-un-grandissimo-successo\/\" \/>\n<meta property=\"og:site_name\" content=\"Noi di Qua Testata giornalistica e di attualit\u00e0 di Agliana, Montale e Quarrata.\" \/>\n<meta property=\"article:publisher\" content=\"https:\/\/www.facebook.com\/noidiqua.trimestrale\/\" \/>\n<meta property=\"article:published_time\" content=\"2025-09-05T09:51:09+00:00\" \/>\n<meta property=\"article:modified_time\" content=\"2025-12-22T15:47:42+00:00\" \/>\n<meta property=\"og:image\" content=\"https:\/\/www.noidiqua.it\/Montale\/wp-content\/uploads\/2025\/10\/Festa-della-Pesca.png\" \/>\n\t<meta property=\"og:image:width\" content=\"509\" \/>\n\t<meta property=\"og:image:height\" content=\"379\" \/>\n\t<meta property=\"og:image:type\" content=\"image\/png\" \/>\n<meta name=\"author\" content=\"Giacomo Bini\" \/>\n<meta name=\"twitter:label1\" content=\"Scritto da\" \/>\n\t<meta name=\"twitter:data1\" content=\"Giacomo Bini\" \/>\n\t<meta name=\"twitter:label2\" content=\"Tempo di lettura stimato\" \/>\n\t<meta name=\"twitter:data2\" content=\"2 minuti\" \/>\n<script type=\"application\/ld+json\" class=\"yoast-schema-graph\">{\"@context\":\"https:\/\/schema.org\",\"@graph\":[{\"@type\":\"WebPage\",\"@id\":\"https:\/\/www.noidiqua.it\/Montale\/festa-della-pesca-un-grandissimo-successo\/\",\"url\":\"https:\/\/www.noidiqua.it\/Montale\/festa-della-pesca-un-grandissimo-successo\/\",\"name\":\"Festa della Pesca - un grandissimo successo - Noi di Qua Testata giornalistica e di attualit\u00e0 di Agliana, Montale e Quarrata.\",\"isPartOf\":{\"@id\":\"https:\/\/www.noidiqua.it\/Montale\/#website\"},\"primaryImageOfPage\":{\"@id\":\"https:\/\/www.noidiqua.it\/Montale\/festa-della-pesca-un-grandissimo-successo\/#primaryimage\"},\"image\":{\"@id\":\"https:\/\/www.noidiqua.it\/Montale\/festa-della-pesca-un-grandissimo-successo\/#primaryimage\"},\"thumbnailUrl\":\"https:\/\/www.noidiqua.it\/Montale\/wp-content\/uploads\/2025\/10\/Festa-della-Pesca.png\",\"datePublished\":\"2025-09-05T09:51:09+00:00\",\"dateModified\":\"2025-12-22T15:47:42+00:00\",\"author\":{\"@id\":\"https:\/\/www.noidiqua.it\/Montale\/#\/schema\/person\/e2e6f44da50af0dae9c90ad168e471a4\"},\"breadcrumb\":{\"@id\":\"https:\/\/www.noidiqua.it\/Montale\/festa-della-pesca-un-grandissimo-successo\/#breadcrumb\"},\"inLanguage\":\"it-IT\",\"potentialAction\":[{\"@type\":\"ReadAction\",\"target\":[\"https:\/\/www.noidiqua.it\/Montale\/festa-della-pesca-un-grandissimo-successo\/\"]}]},{\"@type\":\"ImageObject\",\"inLanguage\":\"it-IT\",\"@id\":\"https:\/\/www.noidiqua.it\/Montale\/festa-della-pesca-un-grandissimo-successo\/#primaryimage\",\"url\":\"https:\/\/www.noidiqua.it\/Montale\/wp-content\/uploads\/2025\/10\/Festa-della-Pesca.png\",\"contentUrl\":\"https:\/\/www.noidiqua.it\/Montale\/wp-content\/uploads\/2025\/10\/Festa-della-Pesca.png\",\"width\":509,\"height\":379},{\"@type\":\"BreadcrumbList\",\"@id\":\"https:\/\/www.noidiqua.it\/Montale\/festa-della-pesca-un-grandissimo-successo\/#breadcrumb\",\"itemListElement\":[{\"@type\":\"ListItem\",\"position\":1,\"name\":\"Home\",\"item\":\"https:\/\/www.noidiqua.it\/Montale\/\"},{\"@type\":\"ListItem\",\"position\":2,\"name\":\"Festa della Pesca &#8211; un grandissimo successo\"}]},{\"@type\":\"WebSite\",\"@id\":\"https:\/\/www.noidiqua.it\/Montale\/#website\",\"url\":\"https:\/\/www.noidiqua.it\/Montale\/\",\"name\":\"Noi di Qua Testata giornalistica e di attualit\u00e0 di Agliana, Montale e Quarrata.\",\"description\":\"Testata Giornalistica Quarrata Montale Agliana\",\"potentialAction\":[{\"@type\":\"SearchAction\",\"target\":{\"@type\":\"EntryPoint\",\"urlTemplate\":\"https:\/\/www.noidiqua.it\/Montale\/?s={search_term_string}\"},\"query-input\":{\"@type\":\"PropertyValueSpecification\",\"valueRequired\":true,\"valueName\":\"search_term_string\"}}],\"inLanguage\":\"it-IT\"},{\"@type\":\"Person\",\"@id\":\"https:\/\/www.noidiqua.it\/Montale\/#\/schema\/person\/e2e6f44da50af0dae9c90ad168e471a4\",\"name\":\"Giacomo Bini\",\"image\":{\"@type\":\"ImageObject\",\"inLanguage\":\"it-IT\",\"@id\":\"https:\/\/www.noidiqua.it\/Montale\/#\/schema\/person\/image\/\",\"url\":\"https:\/\/secure.gravatar.com\/avatar\/e5c18ae41df5ae37397358f2c6046696187d51a120c5d0b8f0c49f7b606f46f4?s=96&d=mm&r=g\",\"contentUrl\":\"https:\/\/secure.gravatar.com\/avatar\/e5c18ae41df5ae37397358f2c6046696187d51a120c5d0b8f0c49f7b606f46f4?s=96&d=mm&r=g\",\"caption\":\"Giacomo Bini\"},\"url\":\"https:\/\/www.noidiqua.it\/Montale\/author\/giacomo-bini\/\"}]}<\/script>\n<!-- \/ Yoast SEO plugin. -->","yoast_head_json":{"title":"Festa della Pesca - un grandissimo successo - Noi di Qua Testata giornalistica e di attualit\u00e0 di Agliana, Montale e Quarrata.","robots":{"index":"index","follow":"follow","max-snippet":"max-snippet:-1","max-image-preview":"max-image-preview:large","max-video-preview":"max-video-preview:-1"},"canonical":"https:\/\/www.noidiqua.it\/Montale\/festa-della-pesca-un-grandissimo-successo\/","og_locale":"it_IT","og_type":"article","og_title":"Festa della Pesca - un grandissimo successo - Noi di Qua Testata giornalistica e di attualit\u00e0 di Agliana, Montale e Quarrata.","og_description":"di Giacomo Bini settembre 2025 Una delle novit\u00e0 pi\u00f9 interessanti degli ultimi mesi \u00e8 stata la Festa della Pesca, organizzata dall\u2019Associazione Commercianti Montalesi con la collaborazione di Confcommercio, del Centro Commerciale Naturale di Montale, del Comune di Montale che ha patrocinato l\u2019iniziativa oltre che di Toscana promozione turistica, Chianti Mutua Ets e Vivo Societ\u00e0 [&hellip;]","og_url":"https:\/\/www.noidiqua.it\/Montale\/festa-della-pesca-un-grandissimo-successo\/","og_site_name":"Noi di Qua Testata giornalistica e di attualit\u00e0 di Agliana, Montale e Quarrata.","article_publisher":"https:\/\/www.facebook.com\/noidiqua.trimestrale\/","article_published_time":"2025-09-05T09:51:09+00:00","article_modified_time":"2025-12-22T15:47:42+00:00","og_image":[{"width":509,"height":379,"url":"https:\/\/www.noidiqua.it\/Montale\/wp-content\/uploads\/2025\/10\/Festa-della-Pesca.png","type":"image\/png"}],"author":"Giacomo Bini","twitter_misc":{"Scritto da":"Giacomo Bini","Tempo di lettura stimato":"2 minuti"},"schema":{"@context":"https:\/\/schema.org","@graph":[{"@type":"WebPage","@id":"https:\/\/www.noidiqua.it\/Montale\/festa-della-pesca-un-grandissimo-successo\/","url":"https:\/\/www.noidiqua.it\/Montale\/festa-della-pesca-un-grandissimo-successo\/","name":"Festa della Pesca - un grandissimo successo - Noi di Qua Testata giornalistica e di attualit\u00e0 di Agliana, Montale e Quarrata.","isPartOf":{"@id":"https:\/\/www.noidiqua.it\/Montale\/#website"},"primaryImageOfPage":{"@id":"https:\/\/www.noidiqua.it\/Montale\/festa-della-pesca-un-grandissimo-successo\/#primaryimage"},"image":{"@id":"https:\/\/www.noidiqua.it\/Montale\/festa-della-pesca-un-grandissimo-successo\/#primaryimage"},"thumbnailUrl":"https:\/\/www.noidiqua.it\/Montale\/wp-content\/uploads\/2025\/10\/Festa-della-Pesca.png","datePublished":"2025-09-05T09:51:09+00:00","dateModified":"2025-12-22T15:47:42+00:00","author":{"@id":"https:\/\/www.noidiqua.it\/Montale\/#\/schema\/person\/e2e6f44da50af0dae9c90ad168e471a4"},"breadcrumb":{"@id":"https:\/\/www.noidiqua.it\/Montale\/festa-della-pesca-un-grandissimo-successo\/#breadcrumb"},"inLanguage":"it-IT","potentialAction":[{"@type":"ReadAction","target":["https:\/\/www.noidiqua.it\/Montale\/festa-della-pesca-un-grandissimo-successo\/"]}]},{"@type":"ImageObject","inLanguage":"it-IT","@id":"https:\/\/www.noidiqua.it\/Montale\/festa-della-pesca-un-grandissimo-successo\/#primaryimage","url":"https:\/\/www.noidiqua.it\/Montale\/wp-content\/uploads\/2025\/10\/Festa-della-Pesca.png","contentUrl":"https:\/\/www.noidiqua.it\/Montale\/wp-content\/uploads\/2025\/10\/Festa-della-Pesca.png","width":509,"height":379},{"@type":"BreadcrumbList","@id":"https:\/\/www.noidiqua.it\/Montale\/festa-della-pesca-un-grandissimo-successo\/#breadcrumb","itemListElement":[{"@type":"ListItem","position":1,"name":"Home","item":"https:\/\/www.noidiqua.it\/Montale\/"},{"@type":"ListItem","position":2,"name":"Festa della Pesca &#8211; un grandissimo successo"}]},{"@type":"WebSite","@id":"https:\/\/www.noidiqua.it\/Montale\/#website","url":"https:\/\/www.noidiqua.it\/Montale\/","name":"Noi di Qua Testata giornalistica e di attualit\u00e0 di Agliana, Montale e Quarrata.","description":"Testata Giornalistica Quarrata Montale Agliana","potentialAction":[{"@type":"SearchAction","target":{"@type":"EntryPoint","urlTemplate":"https:\/\/www.noidiqua.it\/Montale\/?s={search_term_string}"},"query-input":{"@type":"PropertyValueSpecification","valueRequired":true,"valueName":"search_term_string"}}],"inLanguage":"it-IT"},{"@type":"Person","@id":"https:\/\/www.noidiqua.it\/Montale\/#\/schema\/person\/e2e6f44da50af0dae9c90ad168e471a4","name":"Giacomo Bini","image":{"@type":"ImageObject","inLanguage":"it-IT","@id":"https:\/\/www.noidiqua.it\/Montale\/#\/schema\/person\/image\/","url":"https:\/\/secure.gravatar.com\/avatar\/e5c18ae41df5ae37397358f2c6046696187d51a120c5d0b8f0c49f7b606f46f4?s=96&d=mm&r=g","contentUrl":"https:\/\/secure.gravatar.com\/avatar\/e5c18ae41df5ae37397358f2c6046696187d51a120c5d0b8f0c49f7b606f46f4?s=96&d=mm&r=g","caption":"Giacomo Bini"},"url":"https:\/\/www.noidiqua.it\/Montale\/author\/giacomo-bini\/"}]}},"_links":{"self":[{"href":"https:\/\/www.noidiqua.it\/Montale\/wp-json\/wp\/v2\/posts\/9141","targetHints":{"allow":["GET"]}}],"collection":[{"href":"https:\/\/www.noidiqua.it\/Montale\/wp-json\/wp\/v2\/posts"}],"about":[{"href":"https:\/\/www.noidiqua.it\/Montale\/wp-json\/wp\/v2\/types\/post"}],"author":[{"embeddable":true,"href":"https:\/\/www.noidiqua.it\/Montale\/wp-json\/wp\/v2\/users\/12"}],"replies":[{"embeddable":true,"href":"https:\/\/www.noidiqua.it\/Montale\/wp-json\/wp\/v2\/comments?post=9141"}],"version-history":[{"count":3,"href":"https:\/\/www.noidiqua.it\/Montale\/wp-json\/wp\/v2\/posts\/9141\/revisions"}],"predecessor-version":[{"id":9213,"href":"https:\/\/www.noidiqua.it\/Montale\/wp-json\/wp\/v2\/posts\/9141\/revisions\/9213"}],"wp:attachment":[{"href":"https:\/\/www.noidiqua.it\/Montale\/wp-json\/wp\/v2\/media?parent=9141"}],"wp:term":[{"taxonomy":"category","embeddable":true,"href":"https:\/\/www.noidiqua.it\/Montale\/wp-json\/wp\/v2\/categories?post=9141"},{"taxonomy":"post_tag","embeddable":true,"href":"https:\/\/www.noidiqua.it\/Montale\/wp-json\/wp\/v2\/tags?post=9141"}],"curies":[{"name":"wp","href":"https:\/\/api.w.org\/{rel}","templated":true}]}}