{"id":9152,"date":"2025-09-05T12:12:32","date_gmt":"2025-09-05T10:12:32","guid":{"rendered":"https:\/\/www.noidiqua.it\/Montale\/?p=9152"},"modified":"2025-12-22T16:47:07","modified_gmt":"2025-12-22T15:47:07","slug":"amedeo-pippoli-un-fotografo-con-lo-zaino-in-spalla","status":"publish","type":"post","link":"https:\/\/www.noidiqua.it\/Montale\/amedeo-pippoli-un-fotografo-con-lo-zaino-in-spalla\/","title":{"rendered":"Amedeo Pippoli &#8211; un fotografo con lo zaino in spalla"},"content":{"rendered":"<p><em>di Serena Michelozzi<\/em><\/p>\n<p><em>settembre 2025<\/em><\/p>\n<p><a href=\"https:\/\/www.noidiqua.it\/Montale\/wp-content\/uploads\/2025\/10\/Pippoli-1.png\" rel=\"wp-prettyPhoto[9152]\"><img loading=\"lazy\" decoding=\"async\" class=\"aligncenter size-full wp-image-9153\" src=\"https:\/\/www.noidiqua.it\/Montale\/wp-content\/uploads\/2025\/10\/Pippoli-1.png\" alt=\"\" width=\"500\" height=\"332\" srcset=\"https:\/\/www.noidiqua.it\/Montale\/wp-content\/uploads\/2025\/10\/Pippoli-1.png 500w, https:\/\/www.noidiqua.it\/Montale\/wp-content\/uploads\/2025\/10\/Pippoli-1-300x199.png 300w\" sizes=\"auto, (max-width: 500px) 100vw, 500px\" \/><\/a><\/p>\n<p class=\"p1\" style=\"text-align: justify;\"><strong>Amedeo Pippoli<\/strong> \u00e8 da sempre stato affascinato dalla <strong>fotografia<\/strong>: <i>\u00abFin dagli anni &#8217;80 ho avuto diverse <strong>compattine<\/strong> a rullino, le cui foto venivano sviluppate dal fotografo e si potevano vedere solo dopo una settimana. Dopo l&#8217;iniziale entusiasmo per l&#8217;attesa e la visione, quelle foto insieme ai negativi, finivano in una scatola dentro un cassetto. Un po&#8217; triste? Assolutamente no. Perch\u00e9 aprire quella scatola anni dopo d\u00e0 il vero senso della fotografia: &#8220;un fotogramma eterno mentre tutto scorre&#8221;. Ogni <strong>immagine<\/strong>, infatti, scaturisce una miriade di riflessioni e ricordi\u00bb<\/i> ci spiega Amedeo, <strong>fotografo montalese<\/strong>.<\/p>\n<p><a href=\"https:\/\/www.noidiqua.it\/Montale\/wp-content\/uploads\/2025\/10\/Pippoli-3.png\" rel=\"wp-prettyPhoto[9152]\"><img loading=\"lazy\" decoding=\"async\" class=\"aligncenter size-full wp-image-9156\" src=\"https:\/\/www.noidiqua.it\/Montale\/wp-content\/uploads\/2025\/10\/Pippoli-3.png\" alt=\"\" width=\"500\" height=\"333\" srcset=\"https:\/\/www.noidiqua.it\/Montale\/wp-content\/uploads\/2025\/10\/Pippoli-3.png 500w, https:\/\/www.noidiqua.it\/Montale\/wp-content\/uploads\/2025\/10\/Pippoli-3-300x200.png 300w\" sizes=\"auto, (max-width: 500px) 100vw, 500px\" \/><\/a><\/p>\n<p class=\"p1\" style=\"text-align: justify;\">Il nostro Amedeo ama viaggiare con lo <strong>zaino in spalla<\/strong> e trovare ispirazione nei luoghi e nelle situazioni che gli si presentano, nonch\u00e9 dagli eventi e dalle stagioni che pi\u00f9 lo colpiscono. Predilige fotografare paesaggi, borghi medievali, citt\u00e0 e, quando capita, anche la <strong>street photography<\/strong>. Amedeo \u00e8 da sempre innamorato di <strong>Venezia<\/strong> e <strong>Firenze<\/strong>, citt\u00e0 che lo hanno affascinato fin da prima che avesse la sua prima compattina. Osservando gli scatti che Amedeo ci ha gentilmente messo a disposizione a corredo del presente articolo, si pu\u00f2 osservare come gli stessi siano surreali e particolarmente evocativi. L\u2019<strong>irripetibilit\u00e0<\/strong> del momento e dell\u2019attimo \u00e8 insita in ognuno di essi.<\/p>\n<p class=\"p2\" style=\"text-align: justify;\"><a href=\"https:\/\/www.noidiqua.it\/Montale\/wp-content\/uploads\/2025\/10\/Pippoli-4.png\" rel=\"wp-prettyPhoto[9152]\"><img loading=\"lazy\" decoding=\"async\" class=\"aligncenter size-full wp-image-9154\" src=\"https:\/\/www.noidiqua.it\/Montale\/wp-content\/uploads\/2025\/10\/Pippoli-4.png\" alt=\"\" width=\"500\" height=\"333\" srcset=\"https:\/\/www.noidiqua.it\/Montale\/wp-content\/uploads\/2025\/10\/Pippoli-4.png 500w, https:\/\/www.noidiqua.it\/Montale\/wp-content\/uploads\/2025\/10\/Pippoli-4-300x200.png 300w\" sizes=\"auto, (max-width: 500px) 100vw, 500px\" \/><\/a><\/p>\n<p class=\"p1\" style=\"text-align: justify;\">La fotografia \u00e8 cambiata moltissimo negli anni, passando in un batter d\u2019occhio dal <strong>rullino<\/strong> al <strong>digitale<\/strong>: <i>\u00abSiamo passati dai rullini da 36 pose, con 36 foto in una scatola, al digitale. Oggi scattiamo migliaia di foto, ma la &#8220;scatola nel cassetto&#8221; \u00e8 vuota, o contiene al massimo 2 o 3 schede SD che, tra qualche anno, potrebbero non funzionare pi\u00f9. \u00c8 un&#8217;evoluzione che mi fa riflettere\u00bb<\/i> ci spiega Amedeo.<\/p>\n<p class=\"p1\" style=\"text-align: justify;\">Nonostante il forte ed il rapido cambiamento della fotografia negli ultimi anni, la passione di Amedeo \u00e8 comunque rimasta immutata: <i>\u00abContinuer\u00f2 a girare qui nei dintorni, con qualche uscita fotografica insieme al Gruppo &#8220;<strong>Obiettivi Montalesi<\/strong>&#8220;. Mi piacerebbe tornare a Venezia in notturna; ci siamo gi\u00e0 stati tre volte, ma ci manca ancora la parte orientale. E magari, in una mezza giornata libera, fare un salto a Firenze in treno. La voglia di catturare nuovi momenti non si ferma mai\u00bb<\/i> conclude il nostro fotografo.<\/p>\n<p><a href=\"https:\/\/www.noidiqua.it\/Montale\/wp-content\/uploads\/2025\/10\/Pippoli-2.png\" rel=\"wp-prettyPhoto[9152]\"><img loading=\"lazy\" decoding=\"async\" class=\"aligncenter size-full wp-image-9155\" src=\"https:\/\/www.noidiqua.it\/Montale\/wp-content\/uploads\/2025\/10\/Pippoli-2.png\" alt=\"\" width=\"500\" height=\"332\" srcset=\"https:\/\/www.noidiqua.it\/Montale\/wp-content\/uploads\/2025\/10\/Pippoli-2.png 500w, https:\/\/www.noidiqua.it\/Montale\/wp-content\/uploads\/2025\/10\/Pippoli-2-300x199.png 300w\" sizes=\"auto, (max-width: 500px) 100vw, 500px\" \/><\/a><\/p>","protected":false},"excerpt":{"rendered":"<p>di Serena Michelozzi settembre 2025 Amedeo Pippoli \u00e8 da sempre stato affascinato dalla fotografia: \u00abFin dagli anni &#8217;80 ho avuto diverse compattine a rullino, le cui foto venivano sviluppate dal fotografo e si potevano vedere solo dopo una settimana. Dopo l&#8217;iniziale entusiasmo per l&#8217;attesa e la visione, quelle foto insieme ai negativi, finivano in [&hellip;]<\/p>","protected":false},"author":101011,"featured_media":0,"comment_status":"open","ping_status":"open","sticky":false,"template":"","format":"standard","meta":{"footnotes":""},"categories":[23,7],"tags":[2632,4752,4759,597,76,4760,4753,4756,3853,4758,4755,4757,4754],"class_list":["post-9152","post","type-post","status-publish","format-standard","hentry","category-arte-artigianato-qt","category-mt","tag-amedeo-pippoli","tag-compattine","tag-digitale","tag-firenze","tag-fotografia","tag-fotografo-montalese","tag-immagine","tag-irripetibilita","tag-obiettivi-montalesi","tag-rullino","tag-street-photography","tag-venezia","tag-zaino-in-spalla"],"yoast_head":"<!-- This site is optimized with the Yoast SEO plugin v25.5 - https:\/\/yoast.com\/wordpress\/plugins\/seo\/ -->\n<title>Amedeo Pippoli - un fotografo con lo zaino in spalla - Noi di Qua Testata giornalistica e di attualit\u00e0 di Agliana, Montale e Quarrata.<\/title>\n<meta name=\"robots\" content=\"index, follow, max-snippet:-1, max-image-preview:large, max-video-preview:-1\" \/>\n<link rel=\"canonical\" href=\"https:\/\/www.noidiqua.it\/Montale\/amedeo-pippoli-un-fotografo-con-lo-zaino-in-spalla\/\" \/>\n<meta property=\"og:locale\" content=\"it_IT\" \/>\n<meta property=\"og:type\" content=\"article\" \/>\n<meta property=\"og:title\" content=\"Amedeo Pippoli - un fotografo con lo zaino in spalla - Noi di Qua Testata giornalistica e di attualit\u00e0 di Agliana, Montale e Quarrata.\" \/>\n<meta property=\"og:description\" content=\"di Serena Michelozzi settembre 2025 Amedeo Pippoli \u00e8 da sempre stato affascinato dalla fotografia: \u00abFin dagli anni &#8217;80 ho avuto diverse compattine a rullino, le cui foto venivano sviluppate dal fotografo e si potevano vedere solo dopo una settimana. Dopo l&#8217;iniziale entusiasmo per l&#8217;attesa e la visione, quelle foto insieme ai negativi, finivano in [&hellip;]\" \/>\n<meta property=\"og:url\" content=\"https:\/\/www.noidiqua.it\/Montale\/amedeo-pippoli-un-fotografo-con-lo-zaino-in-spalla\/\" \/>\n<meta property=\"og:site_name\" content=\"Noi di Qua Testata giornalistica e di attualit\u00e0 di Agliana, Montale e Quarrata.\" \/>\n<meta property=\"article:publisher\" content=\"https:\/\/www.facebook.com\/noidiqua.trimestrale\/\" \/>\n<meta property=\"article:published_time\" content=\"2025-09-05T10:12:32+00:00\" \/>\n<meta property=\"article:modified_time\" content=\"2025-12-22T15:47:07+00:00\" \/>\n<meta property=\"og:image\" content=\"https:\/\/www.noidiqua.it\/Montale\/wp-content\/uploads\/2025\/10\/Pippoli-1.png\" \/>\n\t<meta property=\"og:image:width\" content=\"500\" \/>\n\t<meta property=\"og:image:height\" content=\"332\" \/>\n\t<meta property=\"og:image:type\" content=\"image\/png\" \/>\n<meta name=\"author\" content=\"Serena Michelozzi\" \/>\n<meta name=\"twitter:label1\" content=\"Scritto da\" \/>\n\t<meta name=\"twitter:data1\" content=\"Serena Michelozzi\" \/>\n\t<meta name=\"twitter:label2\" content=\"Tempo di lettura stimato\" \/>\n\t<meta name=\"twitter:data2\" content=\"3 minuti\" \/>\n<script type=\"application\/ld+json\" class=\"yoast-schema-graph\">{\"@context\":\"https:\/\/schema.org\",\"@graph\":[{\"@type\":\"WebPage\",\"@id\":\"https:\/\/www.noidiqua.it\/Montale\/amedeo-pippoli-un-fotografo-con-lo-zaino-in-spalla\/\",\"url\":\"https:\/\/www.noidiqua.it\/Montale\/amedeo-pippoli-un-fotografo-con-lo-zaino-in-spalla\/\",\"name\":\"Amedeo Pippoli - un fotografo con lo zaino in spalla - Noi di Qua Testata giornalistica e di attualit\u00e0 di Agliana, Montale e Quarrata.\",\"isPartOf\":{\"@id\":\"https:\/\/www.noidiqua.it\/Montale\/#website\"},\"primaryImageOfPage\":{\"@id\":\"https:\/\/www.noidiqua.it\/Montale\/amedeo-pippoli-un-fotografo-con-lo-zaino-in-spalla\/#primaryimage\"},\"image\":{\"@id\":\"https:\/\/www.noidiqua.it\/Montale\/amedeo-pippoli-un-fotografo-con-lo-zaino-in-spalla\/#primaryimage\"},\"thumbnailUrl\":\"https:\/\/www.noidiqua.it\/Montale\/wp-content\/uploads\/2025\/10\/Pippoli-1.png\",\"datePublished\":\"2025-09-05T10:12:32+00:00\",\"dateModified\":\"2025-12-22T15:47:07+00:00\",\"author\":{\"@id\":\"https:\/\/www.noidiqua.it\/Montale\/#\/schema\/person\/4763a96f0bdf332cc8a55478dbeba163\"},\"breadcrumb\":{\"@id\":\"https:\/\/www.noidiqua.it\/Montale\/amedeo-pippoli-un-fotografo-con-lo-zaino-in-spalla\/#breadcrumb\"},\"inLanguage\":\"it-IT\",\"potentialAction\":[{\"@type\":\"ReadAction\",\"target\":[\"https:\/\/www.noidiqua.it\/Montale\/amedeo-pippoli-un-fotografo-con-lo-zaino-in-spalla\/\"]}]},{\"@type\":\"ImageObject\",\"inLanguage\":\"it-IT\",\"@id\":\"https:\/\/www.noidiqua.it\/Montale\/amedeo-pippoli-un-fotografo-con-lo-zaino-in-spalla\/#primaryimage\",\"url\":\"https:\/\/www.noidiqua.it\/Montale\/wp-content\/uploads\/2025\/10\/Pippoli-1.png\",\"contentUrl\":\"https:\/\/www.noidiqua.it\/Montale\/wp-content\/uploads\/2025\/10\/Pippoli-1.png\",\"width\":500,\"height\":332},{\"@type\":\"BreadcrumbList\",\"@id\":\"https:\/\/www.noidiqua.it\/Montale\/amedeo-pippoli-un-fotografo-con-lo-zaino-in-spalla\/#breadcrumb\",\"itemListElement\":[{\"@type\":\"ListItem\",\"position\":1,\"name\":\"Home\",\"item\":\"https:\/\/www.noidiqua.it\/Montale\/\"},{\"@type\":\"ListItem\",\"position\":2,\"name\":\"Amedeo Pippoli &#8211; un fotografo con lo zaino in spalla\"}]},{\"@type\":\"WebSite\",\"@id\":\"https:\/\/www.noidiqua.it\/Montale\/#website\",\"url\":\"https:\/\/www.noidiqua.it\/Montale\/\",\"name\":\"Noi di Qua Testata giornalistica e di attualit\u00e0 di Agliana, Montale e Quarrata.\",\"description\":\"Testata Giornalistica Quarrata Montale Agliana\",\"potentialAction\":[{\"@type\":\"SearchAction\",\"target\":{\"@type\":\"EntryPoint\",\"urlTemplate\":\"https:\/\/www.noidiqua.it\/Montale\/?s={search_term_string}\"},\"query-input\":{\"@type\":\"PropertyValueSpecification\",\"valueRequired\":true,\"valueName\":\"search_term_string\"}}],\"inLanguage\":\"it-IT\"},{\"@type\":\"Person\",\"@id\":\"https:\/\/www.noidiqua.it\/Montale\/#\/schema\/person\/4763a96f0bdf332cc8a55478dbeba163\",\"name\":\"Serena Michelozzi\",\"image\":{\"@type\":\"ImageObject\",\"inLanguage\":\"it-IT\",\"@id\":\"https:\/\/www.noidiqua.it\/Montale\/#\/schema\/person\/image\/\",\"url\":\"https:\/\/secure.gravatar.com\/avatar\/a8efaab8953a1edb4943a89dbca993e803bf8bcf5221a8ff937a96a5b9914aab?s=96&d=mm&r=g\",\"contentUrl\":\"https:\/\/secure.gravatar.com\/avatar\/a8efaab8953a1edb4943a89dbca993e803bf8bcf5221a8ff937a96a5b9914aab?s=96&d=mm&r=g\",\"caption\":\"Serena Michelozzi\"},\"url\":\"https:\/\/www.noidiqua.it\/Montale\/author\/serena-michelozzi\/\"}]}<\/script>\n<!-- \/ Yoast SEO plugin. -->","yoast_head_json":{"title":"Amedeo Pippoli - un fotografo con lo zaino in spalla - Noi di Qua Testata giornalistica e di attualit\u00e0 di Agliana, Montale e Quarrata.","robots":{"index":"index","follow":"follow","max-snippet":"max-snippet:-1","max-image-preview":"max-image-preview:large","max-video-preview":"max-video-preview:-1"},"canonical":"https:\/\/www.noidiqua.it\/Montale\/amedeo-pippoli-un-fotografo-con-lo-zaino-in-spalla\/","og_locale":"it_IT","og_type":"article","og_title":"Amedeo Pippoli - un fotografo con lo zaino in spalla - Noi di Qua Testata giornalistica e di attualit\u00e0 di Agliana, Montale e Quarrata.","og_description":"di Serena Michelozzi settembre 2025 Amedeo Pippoli \u00e8 da sempre stato affascinato dalla fotografia: \u00abFin dagli anni &#8217;80 ho avuto diverse compattine a rullino, le cui foto venivano sviluppate dal fotografo e si potevano vedere solo dopo una settimana. Dopo l&#8217;iniziale entusiasmo per l&#8217;attesa e la visione, quelle foto insieme ai negativi, finivano in [&hellip;]","og_url":"https:\/\/www.noidiqua.it\/Montale\/amedeo-pippoli-un-fotografo-con-lo-zaino-in-spalla\/","og_site_name":"Noi di Qua Testata giornalistica e di attualit\u00e0 di Agliana, Montale e Quarrata.","article_publisher":"https:\/\/www.facebook.com\/noidiqua.trimestrale\/","article_published_time":"2025-09-05T10:12:32+00:00","article_modified_time":"2025-12-22T15:47:07+00:00","og_image":[{"width":500,"height":332,"url":"https:\/\/www.noidiqua.it\/Montale\/wp-content\/uploads\/2025\/10\/Pippoli-1.png","type":"image\/png"}],"author":"Serena Michelozzi","twitter_misc":{"Scritto da":"Serena Michelozzi","Tempo di lettura stimato":"3 minuti"},"schema":{"@context":"https:\/\/schema.org","@graph":[{"@type":"WebPage","@id":"https:\/\/www.noidiqua.it\/Montale\/amedeo-pippoli-un-fotografo-con-lo-zaino-in-spalla\/","url":"https:\/\/www.noidiqua.it\/Montale\/amedeo-pippoli-un-fotografo-con-lo-zaino-in-spalla\/","name":"Amedeo Pippoli - un fotografo con lo zaino in spalla - Noi di Qua Testata giornalistica e di attualit\u00e0 di Agliana, Montale e Quarrata.","isPartOf":{"@id":"https:\/\/www.noidiqua.it\/Montale\/#website"},"primaryImageOfPage":{"@id":"https:\/\/www.noidiqua.it\/Montale\/amedeo-pippoli-un-fotografo-con-lo-zaino-in-spalla\/#primaryimage"},"image":{"@id":"https:\/\/www.noidiqua.it\/Montale\/amedeo-pippoli-un-fotografo-con-lo-zaino-in-spalla\/#primaryimage"},"thumbnailUrl":"https:\/\/www.noidiqua.it\/Montale\/wp-content\/uploads\/2025\/10\/Pippoli-1.png","datePublished":"2025-09-05T10:12:32+00:00","dateModified":"2025-12-22T15:47:07+00:00","author":{"@id":"https:\/\/www.noidiqua.it\/Montale\/#\/schema\/person\/4763a96f0bdf332cc8a55478dbeba163"},"breadcrumb":{"@id":"https:\/\/www.noidiqua.it\/Montale\/amedeo-pippoli-un-fotografo-con-lo-zaino-in-spalla\/#breadcrumb"},"inLanguage":"it-IT","potentialAction":[{"@type":"ReadAction","target":["https:\/\/www.noidiqua.it\/Montale\/amedeo-pippoli-un-fotografo-con-lo-zaino-in-spalla\/"]}]},{"@type":"ImageObject","inLanguage":"it-IT","@id":"https:\/\/www.noidiqua.it\/Montale\/amedeo-pippoli-un-fotografo-con-lo-zaino-in-spalla\/#primaryimage","url":"https:\/\/www.noidiqua.it\/Montale\/wp-content\/uploads\/2025\/10\/Pippoli-1.png","contentUrl":"https:\/\/www.noidiqua.it\/Montale\/wp-content\/uploads\/2025\/10\/Pippoli-1.png","width":500,"height":332},{"@type":"BreadcrumbList","@id":"https:\/\/www.noidiqua.it\/Montale\/amedeo-pippoli-un-fotografo-con-lo-zaino-in-spalla\/#breadcrumb","itemListElement":[{"@type":"ListItem","position":1,"name":"Home","item":"https:\/\/www.noidiqua.it\/Montale\/"},{"@type":"ListItem","position":2,"name":"Amedeo Pippoli &#8211; un fotografo con lo zaino in spalla"}]},{"@type":"WebSite","@id":"https:\/\/www.noidiqua.it\/Montale\/#website","url":"https:\/\/www.noidiqua.it\/Montale\/","name":"Noi di Qua Testata giornalistica e di attualit\u00e0 di Agliana, Montale e Quarrata.","description":"Testata Giornalistica Quarrata Montale Agliana","potentialAction":[{"@type":"SearchAction","target":{"@type":"EntryPoint","urlTemplate":"https:\/\/www.noidiqua.it\/Montale\/?s={search_term_string}"},"query-input":{"@type":"PropertyValueSpecification","valueRequired":true,"valueName":"search_term_string"}}],"inLanguage":"it-IT"},{"@type":"Person","@id":"https:\/\/www.noidiqua.it\/Montale\/#\/schema\/person\/4763a96f0bdf332cc8a55478dbeba163","name":"Serena Michelozzi","image":{"@type":"ImageObject","inLanguage":"it-IT","@id":"https:\/\/www.noidiqua.it\/Montale\/#\/schema\/person\/image\/","url":"https:\/\/secure.gravatar.com\/avatar\/a8efaab8953a1edb4943a89dbca993e803bf8bcf5221a8ff937a96a5b9914aab?s=96&d=mm&r=g","contentUrl":"https:\/\/secure.gravatar.com\/avatar\/a8efaab8953a1edb4943a89dbca993e803bf8bcf5221a8ff937a96a5b9914aab?s=96&d=mm&r=g","caption":"Serena Michelozzi"},"url":"https:\/\/www.noidiqua.it\/Montale\/author\/serena-michelozzi\/"}]}},"_links":{"self":[{"href":"https:\/\/www.noidiqua.it\/Montale\/wp-json\/wp\/v2\/posts\/9152","targetHints":{"allow":["GET"]}}],"collection":[{"href":"https:\/\/www.noidiqua.it\/Montale\/wp-json\/wp\/v2\/posts"}],"about":[{"href":"https:\/\/www.noidiqua.it\/Montale\/wp-json\/wp\/v2\/types\/post"}],"author":[{"embeddable":true,"href":"https:\/\/www.noidiqua.it\/Montale\/wp-json\/wp\/v2\/users\/101011"}],"replies":[{"embeddable":true,"href":"https:\/\/www.noidiqua.it\/Montale\/wp-json\/wp\/v2\/comments?post=9152"}],"version-history":[{"count":1,"href":"https:\/\/www.noidiqua.it\/Montale\/wp-json\/wp\/v2\/posts\/9152\/revisions"}],"predecessor-version":[{"id":9157,"href":"https:\/\/www.noidiqua.it\/Montale\/wp-json\/wp\/v2\/posts\/9152\/revisions\/9157"}],"wp:attachment":[{"href":"https:\/\/www.noidiqua.it\/Montale\/wp-json\/wp\/v2\/media?parent=9152"}],"wp:term":[{"taxonomy":"category","embeddable":true,"href":"https:\/\/www.noidiqua.it\/Montale\/wp-json\/wp\/v2\/categories?post=9152"},{"taxonomy":"post_tag","embeddable":true,"href":"https:\/\/www.noidiqua.it\/Montale\/wp-json\/wp\/v2\/tags?post=9152"}],"curies":[{"name":"wp","href":"https:\/\/api.w.org\/{rel}","templated":true}]}}