{"id":9158,"date":"2025-09-05T12:23:17","date_gmt":"2025-09-05T10:23:17","guid":{"rendered":"https:\/\/www.noidiqua.it\/Montale\/?p=9158"},"modified":"2025-12-22T16:46:09","modified_gmt":"2025-12-22T15:46:09","slug":"roberto-russo-il-mio-ricordo-di-vannino","status":"publish","type":"post","link":"https:\/\/www.noidiqua.it\/Montale\/roberto-russo-il-mio-ricordo-di-vannino\/","title":{"rendered":"Roberto Russo &#8211; il mio ricordo di \u201cVannino\u201d"},"content":{"rendered":"<p><em>di Marco Bagnoli<\/em><\/p>\n<p><em>settembre 2025<\/em><\/p>\n<p><a href=\"https:\/\/www.noidiqua.it\/Montale\/wp-content\/uploads\/2025\/10\/Russo-2.png\" rel=\"wp-prettyPhoto[9158]\"><img loading=\"lazy\" decoding=\"async\" class=\"aligncenter size-full wp-image-9159\" src=\"https:\/\/www.noidiqua.it\/Montale\/wp-content\/uploads\/2025\/10\/Russo-2.png\" alt=\"\" width=\"503\" height=\"326\" srcset=\"https:\/\/www.noidiqua.it\/Montale\/wp-content\/uploads\/2025\/10\/Russo-2.png 503w, https:\/\/www.noidiqua.it\/Montale\/wp-content\/uploads\/2025\/10\/Russo-2-300x194.png 300w\" sizes=\"auto, (max-width: 503px) 100vw, 503px\" \/><\/a><\/p>\n<p class=\"p1\" style=\"text-align: justify;\"><span class=\"s1\">A distanza di un paio di anni siamo tornati a trovare <a href=\"https:\/\/www.noidiqua.it\/Montale\/roberto-russo-fra-regia-grafica-e-postproduzione\/\"><strong>Roberto Russo<\/strong><\/a>, il giovane filmmaker dalla lunga esperienza, che si divide tra il mondo della TV e della pubblicit\u00e0, e quello altrettanto stimolante dell\u2019insegnamento. Il <strong>cinema<\/strong> resta in lui, come una linfa sempreverde che lo alimenta, da quando era bambino e si perdeva nei <strong>film fantasy<\/strong> e di fantascienza, o come quella volta che a soli venticinque anni si mise dietro e davanti la macchina da presa per girare il suo primo film, \u201c<strong>Tele-Visioni<\/strong>\u201d, una \u201cpellicola\u201d di 120 minuti costata appena 4.000 euro. Sono passati un paio d\u2019anni, e alcune cose restano sempre le stesse, come la passione di Roberto per la sua arte, lo abbiamo detto, come lo Yoda scolpito nel legno al riparo della siepe in giardino. Alcune cose sono cambiate, invece: il babbo Rosario non ha pi\u00f9 tempo di realizzare sculture \u201c<strong>nerd<\/strong>\u201d con le sue mani magiche, perch\u00e9 adesso c\u2019\u00e8 un nipotino di due anni a riempire ogni cosa. E quindi il tempo libero anche per Roberto sembra assottigliarsi sempre pi\u00f9, ma che bello che sia cos\u00ec! <\/span><\/p>\n<p class=\"p1\" style=\"text-align: justify;\"><span class=\"s1\">E nel frattempo, anche <strong>Alessandro Egidio Gori<\/strong> se n\u2019\u00e8 andato. Roberto ci riflette un attimo, e poi conclude di essere stato il primo che si sia preso la briga, in tanti e tanti anni, di fare un filmato a <strong>Vannino<\/strong>, un\u2019intervista, forse anche solo di voler passare del tempo con lui. Perch\u00e9 dalla strada, quando si passava in macchina, Alessandro era solo Vannino: un omone piantato come un tronco, burbero ma simpatico, che rispondeva al saluto e ti guardava sfrecciare via. Ma a starci vicino, a guardarlo negli occhi, ci torna in mente la dignit\u00e0 che luccica ancora sotto tutta quella fuliggine, la <strong>dignit\u00e0<\/strong> di una persona, al di sotto del personaggio che Alessandro si tirava dietro. E del resto tutti noi abbiamo la nostra <strong>maschera<\/strong>, il copione per la nostra parte in commedia, grande o piccola che sia. Nel 2015, dieci anni fa, Roberto si concesse una settimana di baldoria, tutta vita: agguant\u00f2 la macchina da presa, si mise d\u2019accordo con un paio di ragazzi per la ripresa audio, e part\u00ec per <strong>Le Querci<\/strong>. E Le Querci sono un luogo mitico, senza un tesoro tra le spire del drago, ma con un gigante vestito di poco o niente, che fa il fuoco in casa, fuma le sue sigarette, e si gode la sua <strong>libert\u00e0<\/strong>. Quello della libert\u00e0 \u00e8 un tema centrale nel discorso su Vannino, \u201c<i>Signora Libert\u00e0 Signorina Anarchia\u201d<\/i>, come diceva <strong>De Andr\u00e9<\/strong>. Perch\u00e9 forse \u00e8 proprio la libert\u00e0 che la gente vedeva in Vannino, come un simbolo di liberazione, via dai legacci della societ\u00e0, del buon senso, del vivere \u201ccivile\u201d. Eppure era amato, a cominciare dal suo amico Gerardo, come un fratello. <\/span><\/p>\n<p><a href=\"https:\/\/www.noidiqua.it\/Montale\/wp-content\/uploads\/2025\/10\/Russo-3.png\" rel=\"wp-prettyPhoto[9158]\"><img loading=\"lazy\" decoding=\"async\" class=\"aligncenter size-full wp-image-9160\" src=\"https:\/\/www.noidiqua.it\/Montale\/wp-content\/uploads\/2025\/10\/Russo-3.png\" alt=\"\" width=\"504\" height=\"311\" srcset=\"https:\/\/www.noidiqua.it\/Montale\/wp-content\/uploads\/2025\/10\/Russo-3.png 504w, https:\/\/www.noidiqua.it\/Montale\/wp-content\/uploads\/2025\/10\/Russo-3-300x185.png 300w\" sizes=\"auto, (max-width: 504px) 100vw, 504px\" \/><\/a><\/p>\n<p class=\"p1\" style=\"text-align: justify;\"><span class=\"s1\">Lo si vedeva nei gesti d\u2019affetto e di considerazione di cui era circondato, dal caff\u00e8 offerto al bar al sacchetto con la frutta e la verdura al mercato. Le persone erano felici di dare, e Vannino faceva loro dono della bellezza di donare. E tutto questo affetto lo si vide ancor di pi\u00f9 concentrato nel giorno del suo funerale: tantissima gente, molti in lacrime, come se fosse sparito il monito alle loro esistenze del diritto alla <strong>felicit\u00e0<\/strong>. Perch\u00e9 certo lui era consapevole e soddisfatto nella sua scelta. Con lui spariva il lume della candela che indicava una possibile alternativa a questo mondo del denaro. E di nuovo <i>\u201cAddio\u2026 con te se ne parte la primavera\u201d<\/i>. Qualche tempo dopo la pubblicazione del video di Roberto, nel maggio del 2021, all\u2019epoca del trasferimento forzoso di Alessandro nella struttura del Villone Puccini, un gruppo di videomaker nazionali attivi da un po&#8217; di anni, <strong>The Pillow<\/strong>, realizz\u00f2 una propria intervista a Vannino, intitolata proprio \u201c<strong>Vivere senza soldi<\/strong>\u201d. Ad oggi questo episodio girato a Le Querci ha totalizzato un milione e 400.000 visualizzazioni.<\/span><\/p>\n<p><a href=\"https:\/\/www.noidiqua.it\/Montale\/wp-content\/uploads\/2025\/10\/Russo-1.png\" rel=\"wp-prettyPhoto[9158]\"><img loading=\"lazy\" decoding=\"async\" class=\"aligncenter size-full wp-image-9161\" src=\"https:\/\/www.noidiqua.it\/Montale\/wp-content\/uploads\/2025\/10\/Russo-1.png\" alt=\"\" width=\"500\" height=\"352\" srcset=\"https:\/\/www.noidiqua.it\/Montale\/wp-content\/uploads\/2025\/10\/Russo-1.png 500w, https:\/\/www.noidiqua.it\/Montale\/wp-content\/uploads\/2025\/10\/Russo-1-300x211.png 300w\" sizes=\"auto, (max-width: 500px) 100vw, 500px\" \/><\/a><\/p>\n<p class=\"p1\" style=\"text-align: justify;\"><span class=\"s1\">E di chi \u00e8 il merito? Anche Roberto aveva dei bei progetti sul suo compagno con la barba: avrebbe voluto girare la storia di Alessandro, intercalata dalle immagini del suo passato ricreate con dei disegni animati. Avrebbe voluto riprendere a beneficiare del tempo e della compagnia che Vannino gli concedeva, per farlo raccontare ancora di s\u00e9, e del mondo, per come lo vedeva, e per come si vedeva. E lui si vedeva bene, si piaceva, era pago della sua sorte, indomito nel sole e nel gelo. Ma poi si sa, le cose belle sono belle proprio perch\u00e9 finiscono. E nonostante tutto, Vannino era bello. A gennaio saranno tre anni che non c\u2019\u00e8 pi\u00f9. Resta solo un <a href=\"https:\/\/www.noidiqua.it\/Montale\/sowet-e-maac-street-artist\/\"><strong>murales<\/strong><\/a>, un qualcosa di eroico, e qualche meritoria manifestazione in sua memoria ad Agliana. <\/span><\/p>\n<p class=\"p1\" style=\"text-align: justify;\"><span class=\"s1\">Beato il Paese che non ha bisogno di <strong>eroi<\/strong>, ma con eroi come lui ci staremmo ancora volentieri, anche solo il tempo di una sigaretta.<\/span><\/p>","protected":false},"excerpt":{"rendered":"<p>di Marco Bagnoli settembre 2025 A distanza di un paio di anni siamo tornati a trovare Roberto Russo, il giovane filmmaker dalla lunga esperienza, che si divide tra il mondo della TV e della pubblicit\u00e0, e quello altrettanto stimolante dell\u2019insegnamento. Il cinema resta in lui, come una linfa sempreverde che lo alimenta, da quando [&hellip;]<\/p>","protected":false},"author":3,"featured_media":0,"comment_status":"open","ping_status":"open","sticky":false,"template":"","format":"standard","meta":{"footnotes":""},"categories":[7,13,170],"tags":[4764,4761,4767,3897,4771,3608,4762,4766,4765,4770,4763,2724,2730,4768,2728,4769,1663],"class_list":["post-9158","post","type-post","status-publish","format-standard","hentry","category-mt","category-personaggi-qt","category-persone-e-personaggi","tag-alessandro-egidio-gori","tag-cinema","tag-de-andre","tag-dignita","tag-eroi","tag-felicita","tag-film-fantasy","tag-le-querci","tag-maschera","tag-murales","tag-nerd","tag-roberto-russo","tag-tele-visioni","tag-the-pillow","tag-vannino","tag-vivere-senza-soldi","tag-liberta"],"yoast_head":"<!-- This site is optimized with the Yoast SEO plugin v25.5 - https:\/\/yoast.com\/wordpress\/plugins\/seo\/ -->\n<title>Roberto Russo - il mio ricordo di \u201cVannino\u201d - Noi di Qua Testata giornalistica e di attualit\u00e0 di Agliana, Montale e Quarrata.<\/title>\n<meta name=\"robots\" content=\"index, follow, max-snippet:-1, max-image-preview:large, max-video-preview:-1\" \/>\n<link rel=\"canonical\" href=\"https:\/\/www.noidiqua.it\/Montale\/roberto-russo-il-mio-ricordo-di-vannino\/\" \/>\n<meta property=\"og:locale\" content=\"it_IT\" \/>\n<meta property=\"og:type\" content=\"article\" \/>\n<meta property=\"og:title\" content=\"Roberto Russo - il mio ricordo di \u201cVannino\u201d - Noi di Qua Testata giornalistica e di attualit\u00e0 di Agliana, Montale e Quarrata.\" \/>\n<meta property=\"og:description\" content=\"di Marco Bagnoli settembre 2025 A distanza di un paio di anni siamo tornati a trovare Roberto Russo, il giovane filmmaker dalla lunga esperienza, che si divide tra il mondo della TV e della pubblicit\u00e0, e quello altrettanto stimolante dell\u2019insegnamento. Il cinema resta in lui, come una linfa sempreverde che lo alimenta, da quando [&hellip;]\" \/>\n<meta property=\"og:url\" content=\"https:\/\/www.noidiqua.it\/Montale\/roberto-russo-il-mio-ricordo-di-vannino\/\" \/>\n<meta property=\"og:site_name\" content=\"Noi di Qua Testata giornalistica e di attualit\u00e0 di Agliana, Montale e Quarrata.\" \/>\n<meta property=\"article:publisher\" content=\"https:\/\/www.facebook.com\/noidiqua.trimestrale\/\" \/>\n<meta property=\"article:published_time\" content=\"2025-09-05T10:23:17+00:00\" \/>\n<meta property=\"article:modified_time\" content=\"2025-12-22T15:46:09+00:00\" \/>\n<meta property=\"og:image\" content=\"https:\/\/www.noidiqua.it\/Montale\/wp-content\/uploads\/2025\/10\/Russo-2.png\" \/>\n\t<meta property=\"og:image:width\" content=\"503\" \/>\n\t<meta property=\"og:image:height\" content=\"326\" \/>\n\t<meta property=\"og:image:type\" content=\"image\/png\" \/>\n<meta name=\"author\" content=\"Marco Bagnoli\" \/>\n<meta name=\"twitter:label1\" content=\"Scritto da\" \/>\n\t<meta name=\"twitter:data1\" content=\"Marco Bagnoli\" \/>\n\t<meta name=\"twitter:label2\" content=\"Tempo di lettura stimato\" \/>\n\t<meta name=\"twitter:data2\" content=\"5 minuti\" \/>\n<script type=\"application\/ld+json\" class=\"yoast-schema-graph\">{\"@context\":\"https:\/\/schema.org\",\"@graph\":[{\"@type\":\"WebPage\",\"@id\":\"https:\/\/www.noidiqua.it\/Montale\/roberto-russo-il-mio-ricordo-di-vannino\/\",\"url\":\"https:\/\/www.noidiqua.it\/Montale\/roberto-russo-il-mio-ricordo-di-vannino\/\",\"name\":\"Roberto Russo - il mio ricordo di \u201cVannino\u201d - Noi di Qua Testata giornalistica e di attualit\u00e0 di Agliana, Montale e Quarrata.\",\"isPartOf\":{\"@id\":\"https:\/\/www.noidiqua.it\/Montale\/#website\"},\"primaryImageOfPage\":{\"@id\":\"https:\/\/www.noidiqua.it\/Montale\/roberto-russo-il-mio-ricordo-di-vannino\/#primaryimage\"},\"image\":{\"@id\":\"https:\/\/www.noidiqua.it\/Montale\/roberto-russo-il-mio-ricordo-di-vannino\/#primaryimage\"},\"thumbnailUrl\":\"https:\/\/www.noidiqua.it\/Montale\/wp-content\/uploads\/2025\/10\/Russo-2.png\",\"datePublished\":\"2025-09-05T10:23:17+00:00\",\"dateModified\":\"2025-12-22T15:46:09+00:00\",\"author\":{\"@id\":\"https:\/\/www.noidiqua.it\/Montale\/#\/schema\/person\/4e183cb0c6d7951e716a876aa702e1a2\"},\"breadcrumb\":{\"@id\":\"https:\/\/www.noidiqua.it\/Montale\/roberto-russo-il-mio-ricordo-di-vannino\/#breadcrumb\"},\"inLanguage\":\"it-IT\",\"potentialAction\":[{\"@type\":\"ReadAction\",\"target\":[\"https:\/\/www.noidiqua.it\/Montale\/roberto-russo-il-mio-ricordo-di-vannino\/\"]}]},{\"@type\":\"ImageObject\",\"inLanguage\":\"it-IT\",\"@id\":\"https:\/\/www.noidiqua.it\/Montale\/roberto-russo-il-mio-ricordo-di-vannino\/#primaryimage\",\"url\":\"https:\/\/www.noidiqua.it\/Montale\/wp-content\/uploads\/2025\/10\/Russo-2.png\",\"contentUrl\":\"https:\/\/www.noidiqua.it\/Montale\/wp-content\/uploads\/2025\/10\/Russo-2.png\",\"width\":503,\"height\":326},{\"@type\":\"BreadcrumbList\",\"@id\":\"https:\/\/www.noidiqua.it\/Montale\/roberto-russo-il-mio-ricordo-di-vannino\/#breadcrumb\",\"itemListElement\":[{\"@type\":\"ListItem\",\"position\":1,\"name\":\"Home\",\"item\":\"https:\/\/www.noidiqua.it\/Montale\/\"},{\"@type\":\"ListItem\",\"position\":2,\"name\":\"Roberto Russo &#8211; il mio ricordo di \u201cVannino\u201d\"}]},{\"@type\":\"WebSite\",\"@id\":\"https:\/\/www.noidiqua.it\/Montale\/#website\",\"url\":\"https:\/\/www.noidiqua.it\/Montale\/\",\"name\":\"Noi di Qua Testata giornalistica e di attualit\u00e0 di Agliana, Montale e Quarrata.\",\"description\":\"Testata Giornalistica Quarrata Montale Agliana\",\"potentialAction\":[{\"@type\":\"SearchAction\",\"target\":{\"@type\":\"EntryPoint\",\"urlTemplate\":\"https:\/\/www.noidiqua.it\/Montale\/?s={search_term_string}\"},\"query-input\":{\"@type\":\"PropertyValueSpecification\",\"valueRequired\":true,\"valueName\":\"search_term_string\"}}],\"inLanguage\":\"it-IT\"},{\"@type\":\"Person\",\"@id\":\"https:\/\/www.noidiqua.it\/Montale\/#\/schema\/person\/4e183cb0c6d7951e716a876aa702e1a2\",\"name\":\"Marco Bagnoli\",\"image\":{\"@type\":\"ImageObject\",\"inLanguage\":\"it-IT\",\"@id\":\"https:\/\/www.noidiqua.it\/Montale\/#\/schema\/person\/image\/\",\"url\":\"https:\/\/secure.gravatar.com\/avatar\/73ace53724c50db9c48af54756f17b7cdb015a9d8d2c08c7e04e480539a94eee?s=96&d=mm&r=g\",\"contentUrl\":\"https:\/\/secure.gravatar.com\/avatar\/73ace53724c50db9c48af54756f17b7cdb015a9d8d2c08c7e04e480539a94eee?s=96&d=mm&r=g\",\"caption\":\"Marco Bagnoli\"},\"url\":\"https:\/\/www.noidiqua.it\/Montale\/author\/marco-bagnoli\/\"}]}<\/script>\n<!-- \/ Yoast SEO plugin. -->","yoast_head_json":{"title":"Roberto Russo - il mio ricordo di \u201cVannino\u201d - Noi di Qua Testata giornalistica e di attualit\u00e0 di Agliana, Montale e Quarrata.","robots":{"index":"index","follow":"follow","max-snippet":"max-snippet:-1","max-image-preview":"max-image-preview:large","max-video-preview":"max-video-preview:-1"},"canonical":"https:\/\/www.noidiqua.it\/Montale\/roberto-russo-il-mio-ricordo-di-vannino\/","og_locale":"it_IT","og_type":"article","og_title":"Roberto Russo - il mio ricordo di \u201cVannino\u201d - Noi di Qua Testata giornalistica e di attualit\u00e0 di Agliana, Montale e Quarrata.","og_description":"di Marco Bagnoli settembre 2025 A distanza di un paio di anni siamo tornati a trovare Roberto Russo, il giovane filmmaker dalla lunga esperienza, che si divide tra il mondo della TV e della pubblicit\u00e0, e quello altrettanto stimolante dell\u2019insegnamento. Il cinema resta in lui, come una linfa sempreverde che lo alimenta, da quando [&hellip;]","og_url":"https:\/\/www.noidiqua.it\/Montale\/roberto-russo-il-mio-ricordo-di-vannino\/","og_site_name":"Noi di Qua Testata giornalistica e di attualit\u00e0 di Agliana, Montale e Quarrata.","article_publisher":"https:\/\/www.facebook.com\/noidiqua.trimestrale\/","article_published_time":"2025-09-05T10:23:17+00:00","article_modified_time":"2025-12-22T15:46:09+00:00","og_image":[{"width":503,"height":326,"url":"https:\/\/www.noidiqua.it\/Montale\/wp-content\/uploads\/2025\/10\/Russo-2.png","type":"image\/png"}],"author":"Marco Bagnoli","twitter_misc":{"Scritto da":"Marco Bagnoli","Tempo di lettura stimato":"5 minuti"},"schema":{"@context":"https:\/\/schema.org","@graph":[{"@type":"WebPage","@id":"https:\/\/www.noidiqua.it\/Montale\/roberto-russo-il-mio-ricordo-di-vannino\/","url":"https:\/\/www.noidiqua.it\/Montale\/roberto-russo-il-mio-ricordo-di-vannino\/","name":"Roberto Russo - il mio ricordo di \u201cVannino\u201d - Noi di Qua Testata giornalistica e di attualit\u00e0 di Agliana, Montale e Quarrata.","isPartOf":{"@id":"https:\/\/www.noidiqua.it\/Montale\/#website"},"primaryImageOfPage":{"@id":"https:\/\/www.noidiqua.it\/Montale\/roberto-russo-il-mio-ricordo-di-vannino\/#primaryimage"},"image":{"@id":"https:\/\/www.noidiqua.it\/Montale\/roberto-russo-il-mio-ricordo-di-vannino\/#primaryimage"},"thumbnailUrl":"https:\/\/www.noidiqua.it\/Montale\/wp-content\/uploads\/2025\/10\/Russo-2.png","datePublished":"2025-09-05T10:23:17+00:00","dateModified":"2025-12-22T15:46:09+00:00","author":{"@id":"https:\/\/www.noidiqua.it\/Montale\/#\/schema\/person\/4e183cb0c6d7951e716a876aa702e1a2"},"breadcrumb":{"@id":"https:\/\/www.noidiqua.it\/Montale\/roberto-russo-il-mio-ricordo-di-vannino\/#breadcrumb"},"inLanguage":"it-IT","potentialAction":[{"@type":"ReadAction","target":["https:\/\/www.noidiqua.it\/Montale\/roberto-russo-il-mio-ricordo-di-vannino\/"]}]},{"@type":"ImageObject","inLanguage":"it-IT","@id":"https:\/\/www.noidiqua.it\/Montale\/roberto-russo-il-mio-ricordo-di-vannino\/#primaryimage","url":"https:\/\/www.noidiqua.it\/Montale\/wp-content\/uploads\/2025\/10\/Russo-2.png","contentUrl":"https:\/\/www.noidiqua.it\/Montale\/wp-content\/uploads\/2025\/10\/Russo-2.png","width":503,"height":326},{"@type":"BreadcrumbList","@id":"https:\/\/www.noidiqua.it\/Montale\/roberto-russo-il-mio-ricordo-di-vannino\/#breadcrumb","itemListElement":[{"@type":"ListItem","position":1,"name":"Home","item":"https:\/\/www.noidiqua.it\/Montale\/"},{"@type":"ListItem","position":2,"name":"Roberto Russo &#8211; il mio ricordo di \u201cVannino\u201d"}]},{"@type":"WebSite","@id":"https:\/\/www.noidiqua.it\/Montale\/#website","url":"https:\/\/www.noidiqua.it\/Montale\/","name":"Noi di Qua Testata giornalistica e di attualit\u00e0 di Agliana, Montale e Quarrata.","description":"Testata Giornalistica Quarrata Montale Agliana","potentialAction":[{"@type":"SearchAction","target":{"@type":"EntryPoint","urlTemplate":"https:\/\/www.noidiqua.it\/Montale\/?s={search_term_string}"},"query-input":{"@type":"PropertyValueSpecification","valueRequired":true,"valueName":"search_term_string"}}],"inLanguage":"it-IT"},{"@type":"Person","@id":"https:\/\/www.noidiqua.it\/Montale\/#\/schema\/person\/4e183cb0c6d7951e716a876aa702e1a2","name":"Marco Bagnoli","image":{"@type":"ImageObject","inLanguage":"it-IT","@id":"https:\/\/www.noidiqua.it\/Montale\/#\/schema\/person\/image\/","url":"https:\/\/secure.gravatar.com\/avatar\/73ace53724c50db9c48af54756f17b7cdb015a9d8d2c08c7e04e480539a94eee?s=96&d=mm&r=g","contentUrl":"https:\/\/secure.gravatar.com\/avatar\/73ace53724c50db9c48af54756f17b7cdb015a9d8d2c08c7e04e480539a94eee?s=96&d=mm&r=g","caption":"Marco Bagnoli"},"url":"https:\/\/www.noidiqua.it\/Montale\/author\/marco-bagnoli\/"}]}},"_links":{"self":[{"href":"https:\/\/www.noidiqua.it\/Montale\/wp-json\/wp\/v2\/posts\/9158","targetHints":{"allow":["GET"]}}],"collection":[{"href":"https:\/\/www.noidiqua.it\/Montale\/wp-json\/wp\/v2\/posts"}],"about":[{"href":"https:\/\/www.noidiqua.it\/Montale\/wp-json\/wp\/v2\/types\/post"}],"author":[{"embeddable":true,"href":"https:\/\/www.noidiqua.it\/Montale\/wp-json\/wp\/v2\/users\/3"}],"replies":[{"embeddable":true,"href":"https:\/\/www.noidiqua.it\/Montale\/wp-json\/wp\/v2\/comments?post=9158"}],"version-history":[{"count":2,"href":"https:\/\/www.noidiqua.it\/Montale\/wp-json\/wp\/v2\/posts\/9158\/revisions"}],"predecessor-version":[{"id":9163,"href":"https:\/\/www.noidiqua.it\/Montale\/wp-json\/wp\/v2\/posts\/9158\/revisions\/9163"}],"wp:attachment":[{"href":"https:\/\/www.noidiqua.it\/Montale\/wp-json\/wp\/v2\/media?parent=9158"}],"wp:term":[{"taxonomy":"category","embeddable":true,"href":"https:\/\/www.noidiqua.it\/Montale\/wp-json\/wp\/v2\/categories?post=9158"},{"taxonomy":"post_tag","embeddable":true,"href":"https:\/\/www.noidiqua.it\/Montale\/wp-json\/wp\/v2\/tags?post=9158"}],"curies":[{"name":"wp","href":"https:\/\/api.w.org\/{rel}","templated":true}]}}