{"id":9167,"date":"2025-09-05T15:27:04","date_gmt":"2025-09-05T13:27:04","guid":{"rendered":"https:\/\/www.noidiqua.it\/Montale\/?p=9167"},"modified":"2025-10-27T16:47:39","modified_gmt":"2025-10-27T15:47:39","slug":"i-brevi-di-noidiqua-43","status":"publish","type":"post","link":"https:\/\/www.noidiqua.it\/Montale\/i-brevi-di-noidiqua-43\/","title":{"rendered":"I brevi di Noidiqua"},"content":{"rendered":"<p><em>di Giacomo Bini<\/em><\/p>\n<p><em>settembre 2025<\/em><\/p>\n<p><a href=\"https:\/\/www.noidiqua.it\/Montale\/wp-content\/uploads\/2021\/05\/brevi.png\" rel=\"wp-prettyPhoto[9167]\"><img loading=\"lazy\" decoding=\"async\" class=\"aligncenter size-full wp-image-5683\" src=\"https:\/\/www.noidiqua.it\/Montale\/wp-content\/uploads\/2021\/05\/brevi.png\" alt=\"\" width=\"473\" height=\"291\" srcset=\"https:\/\/www.noidiqua.it\/Montale\/wp-content\/uploads\/2021\/05\/brevi.png 473w, https:\/\/www.noidiqua.it\/Montale\/wp-content\/uploads\/2021\/05\/brevi-300x185.png 300w\" sizes=\"auto, (max-width: 473px) 100vw, 473px\" \/><\/a><\/p>\n<p class=\"p1\" style=\"text-align: justify;\"><span class=\"s1\"><b>\u201cFai volare il tuo talento\u201d \u00e8 un progetto di educazione civica per le scuole ispirato alla esperienza di vita di Giacomo Di Napoli, il campione di aliante acrobatico tragicamente deceduto in un incidente durante un allenamento nell\u2019estate del 2022. <\/b><\/span><\/p>\n<p class=\"p1\" style=\"text-align: justify;\"><span class=\"s1\">Il progetto <i>\u201ceducativo e motivazionale\u201d<\/i> \u00e8 promosso dall\u2019\u201cAssociazione Giak Nuotatore Volante\u201d ed \u00e8 rivolto agli studenti delle Scuole secondarie di primo e secondo grado delle province di Firenze, Prato e Pistoia. E&#8217; pensato per accompagnare ragazze e ragazzi in un percorso didattico, emotivo e creativo, a partire dalla storia vera di Giacomo, giovane nuotatore agonista, pilota e studente modello, per far emergere e valorizzare il talento di ciascuno puntando soprattutto sui valori della collaborazione con gli altri, della essenzialit\u00e0 dell\u2019impegno e del sacrificio e soprattutto dell\u2019accettazione della sconfitta come passaggio per una crescita di se stessi e delle proprie qualit\u00e0. Alla base ci sono due dei motti di Giacomo Di Napoli che hanno contraddistinto la sua breve ma intensa esperienza di atleta, di studioso e di uomo: <i>\u201cNella vita come nello sport o si vince o si impara. Non si perde mai\u201d<\/i> e <i>\u201cDa soli si va pi\u00f9 veloce, insieme si va pi\u00f9 lontano.&#8221;<\/i> <\/span><\/p>\n<p class=\"p1\" style=\"text-align: justify;\"><span class=\"s1\">Il progetto, a cui hanno gi\u00e0 chiesto di aderire molte scuole, si articola in tre fasi: la prima consiste in una conoscenza della figura e della vita di Giacomo Di Napoli attraverso la proiezione di un docufilm; la seconda \u00e8 dedicata ai lavori e agli elaborati, individuali o di gruppo, realizzati dagli studenti in un clima laboratoriale di creativit\u00e0 e libera espressione del proprio talento; nella terza e ultima fase si terr\u00e0 la premiazione delle attivit\u00e0 compiute dai ragazzi. I lavori saranno valutati da una commissione formata dai membri dell\u2019\u201cAssociazione Giak nuotatore volante\u201d i cui volontari avranno il compito di gestire le attivit\u00e0 nelle varie scuole, che potranno essere inserite nella programmazione di educazione civica.<\/span><\/p>\n<p>&nbsp;<\/p>\n<p>&nbsp;<\/p>\n<p class=\"p1\" style=\"text-align: justify;\"><b>Il Comune ha deciso di proseguire per altri cinque anni, fino al 31 dicembre 2030, l\u2019attivit\u00e0 della sala comunale di musica che si trova nei locali della casa del popolo ed \u00e8 gestita dal circolo Arci. <\/b><\/p>\n<p class=\"p1\" style=\"text-align: justify;\">La decisione si basa sul bilancio positivo, in termini sociali e culturali, della sala comunale di musica come opportunit\u00e0 utile ai giovani che svolgano attivit\u00e0 musicale sia in forma individuale che di gruppo. La relazione della presidente del circolo Arci Cecilia Innocenti fa notare che <i>\u201cla sala prove svolge un ruolo importante come spazio culturale e aggregativo, in cui i giovani possono incontrarsi, condividere passioni, creare legami e sviluppare progetti comuni. In un periodo storico in cui le occasioni di socializzazione reale tendono a ridursi la Sala Prove si rivela un contesto protetto, stimolante e inclusivo, dove le relazioni si costruiscono attorno a valori positivi come la creativit\u00e0, la collaborazione e il rispetto reciproco e per gli spazi messi a disposizione\u201d<\/i>. Il Comune, anche constatando come siano aumentati i gruppi musicali giovanili anche grazie alla presenza di questo spazio, ha quindi deciso di rinnovare la convenzione col circolo Arci per la gestione del servizio. La sala prove fu realizzata nel 2004, in un angolo del salone Antares della casa del popolo, anche grazie a contributi regionali di 33mila euro complessivi. Si tratta di un locale perfettamente insonorizzato che permette ai gruppi musicali di svolgere le loro prove in modo autonomo e senza interferire con le altre attivit\u00e0 presenti nel circolo.<\/p>\n<p>&nbsp;<\/p>\n<p>&nbsp;<\/p>\n<p class=\"p1\" style=\"text-align: justify;\"><span class=\"s1\"><b>Il paese di Fognano ha a disposizione un defibrillatore esterno grazie alla donazione della famiglia Frizzi-Vannucci che ha donato l\u2019apparecchio alla Misericordia di Fognano in ricordo di Silvano Frizzi, un familiare scomparso, socio della locale confraternita. <\/b><\/span><\/p>\n<p class=\"p1\" style=\"text-align: justify;\"><span class=\"s1\">Il defibrillatore \u00e8 stato collocato sulla facciata esterna della sede della Misericordia in via Antonio Gramsci in un luogo centralissimo della frazione a cui facilmente tutti i paesani possono accedere con facilit\u00e0. La cerimonia di inaugurazione ha visto una notevole partecipazione di cittadini e ha vissuto momenti commoventi anche per la presenza di tutta la famiglia che ha effettuato la donazione. C\u2019era Fiorella, la moglie di Silvano, che \u00e8 stata la prima promotrice dell\u2019iniziativa, la figlia Letizia e i nipoti Irene e Omar. Sono intervenuti il sindaco di Montale Ferdinando Betti e il parroco di Fogano don Cristoforo Dabrowski che ha impartito la benedizione alla nuova apparecchiatura salvavita. Il presidente della Misericordia di Fognano Sauro Breschi ha ricordato con poche e commosse parole l\u2019amico e socio Silvano e il suo volere, raccolto ed espresso dalla vedova Fiorella, di compiere un\u2019offerta all\u2019associazione<i> \u00aba cui era molto legato\u00bb.<\/i> <\/span><\/p>\n<p class=\"p1\" style=\"text-align: justify;\"><span class=\"s1\">La comunit\u00e0 di Fognano ha dimostrato di aver compreso pienamente la rilevanza della donazione non solo con la numerosa presenza alla inaugurazione ma soprattutto con l\u2019ampia partecipazione con ben 51 cittadini presenti al corso di formazione sull\u2019uso del defibrillatore tenutosi nella sede della Banda G. Verdi a cura del direttore dei servizi della Misericordia di Montale Massimiliano Corrieri. <\/span><\/p>\n<p style=\"text-align: justify;\">","protected":false},"excerpt":{"rendered":"<p>di Giacomo Bini settembre 2025 \u201cFai volare il tuo talento\u201d \u00e8 un progetto di educazione civica per le scuole ispirato alla esperienza di vita di Giacomo Di Napoli, il campione di aliante acrobatico tragicamente deceduto in un incidente durante un allenamento nell\u2019estate del 2022. Il progetto \u201ceducativo e motivazionale\u201d \u00e8 promosso dall\u2019\u201cAssociazione Giak Nuotatore [&hellip;]<\/p>","protected":false},"author":12,"featured_media":0,"comment_status":"open","ping_status":"open","sticky":false,"template":"","format":"standard","meta":{"footnotes":""},"categories":[29,7],"tags":[271,4784,4787,4783,4786,3230,798,4785],"class_list":["post-9167","post","type-post","status-publish","format-standard","hentry","category-brevi-ndq-qt","category-mt","tag-circolo-arci","tag-clima-laboratoriale","tag-defibrillatore-esterno","tag-fai-volare-il-tuo-talento","tag-famiglia-frizzi-vannucci","tag-giacomo-di-napoli","tag-misericordia-di-fognano","tag-sala-comunale-di-musica"],"yoast_head":"<!-- This site is optimized with the Yoast SEO plugin v25.5 - https:\/\/yoast.com\/wordpress\/plugins\/seo\/ -->\n<title>I brevi di Noidiqua - Noi di Qua Testata giornalistica e di attualit\u00e0 di Agliana, Montale e Quarrata.<\/title>\n<meta name=\"robots\" content=\"index, follow, max-snippet:-1, max-image-preview:large, max-video-preview:-1\" \/>\n<link rel=\"canonical\" href=\"https:\/\/www.noidiqua.it\/Montale\/i-brevi-di-noidiqua-43\/\" \/>\n<meta property=\"og:locale\" content=\"it_IT\" \/>\n<meta property=\"og:type\" content=\"article\" \/>\n<meta property=\"og:title\" content=\"I brevi di Noidiqua - Noi di Qua Testata giornalistica e di attualit\u00e0 di Agliana, Montale e Quarrata.\" \/>\n<meta property=\"og:description\" content=\"di Giacomo Bini settembre 2025 \u201cFai volare il tuo talento\u201d \u00e8 un progetto di educazione civica per le scuole ispirato alla esperienza di vita di Giacomo Di Napoli, il campione di aliante acrobatico tragicamente deceduto in un incidente durante un allenamento nell\u2019estate del 2022. Il progetto \u201ceducativo e motivazionale\u201d \u00e8 promosso dall\u2019\u201cAssociazione Giak Nuotatore [&hellip;]\" \/>\n<meta property=\"og:url\" content=\"https:\/\/www.noidiqua.it\/Montale\/i-brevi-di-noidiqua-43\/\" \/>\n<meta property=\"og:site_name\" content=\"Noi di Qua Testata giornalistica e di attualit\u00e0 di Agliana, Montale e Quarrata.\" \/>\n<meta property=\"article:publisher\" content=\"https:\/\/www.facebook.com\/noidiqua.trimestrale\/\" \/>\n<meta property=\"article:published_time\" content=\"2025-09-05T13:27:04+00:00\" \/>\n<meta property=\"article:modified_time\" content=\"2025-10-27T15:47:39+00:00\" \/>\n<meta property=\"og:image\" content=\"https:\/\/www.noidiqua.it\/Montale\/wp-content\/uploads\/2021\/05\/brevi.png\" \/>\n\t<meta property=\"og:image:width\" content=\"473\" \/>\n\t<meta property=\"og:image:height\" content=\"291\" \/>\n\t<meta property=\"og:image:type\" content=\"image\/png\" \/>\n<meta name=\"author\" content=\"Giacomo Bini\" \/>\n<meta name=\"twitter:label1\" content=\"Scritto da\" \/>\n\t<meta name=\"twitter:data1\" content=\"Giacomo Bini\" \/>\n\t<meta name=\"twitter:label2\" content=\"Tempo di lettura stimato\" \/>\n\t<meta name=\"twitter:data2\" content=\"5 minuti\" \/>\n<script type=\"application\/ld+json\" class=\"yoast-schema-graph\">{\"@context\":\"https:\/\/schema.org\",\"@graph\":[{\"@type\":\"WebPage\",\"@id\":\"https:\/\/www.noidiqua.it\/Montale\/i-brevi-di-noidiqua-43\/\",\"url\":\"https:\/\/www.noidiqua.it\/Montale\/i-brevi-di-noidiqua-43\/\",\"name\":\"I brevi di Noidiqua - Noi di Qua Testata giornalistica e di attualit\u00e0 di Agliana, Montale e Quarrata.\",\"isPartOf\":{\"@id\":\"https:\/\/www.noidiqua.it\/Montale\/#website\"},\"primaryImageOfPage\":{\"@id\":\"https:\/\/www.noidiqua.it\/Montale\/i-brevi-di-noidiqua-43\/#primaryimage\"},\"image\":{\"@id\":\"https:\/\/www.noidiqua.it\/Montale\/i-brevi-di-noidiqua-43\/#primaryimage\"},\"thumbnailUrl\":\"https:\/\/www.noidiqua.it\/Montale\/wp-content\/uploads\/2021\/05\/brevi.png\",\"datePublished\":\"2025-09-05T13:27:04+00:00\",\"dateModified\":\"2025-10-27T15:47:39+00:00\",\"author\":{\"@id\":\"https:\/\/www.noidiqua.it\/Montale\/#\/schema\/person\/e2e6f44da50af0dae9c90ad168e471a4\"},\"breadcrumb\":{\"@id\":\"https:\/\/www.noidiqua.it\/Montale\/i-brevi-di-noidiqua-43\/#breadcrumb\"},\"inLanguage\":\"it-IT\",\"potentialAction\":[{\"@type\":\"ReadAction\",\"target\":[\"https:\/\/www.noidiqua.it\/Montale\/i-brevi-di-noidiqua-43\/\"]}]},{\"@type\":\"ImageObject\",\"inLanguage\":\"it-IT\",\"@id\":\"https:\/\/www.noidiqua.it\/Montale\/i-brevi-di-noidiqua-43\/#primaryimage\",\"url\":\"https:\/\/www.noidiqua.it\/Montale\/wp-content\/uploads\/2021\/05\/brevi.png\",\"contentUrl\":\"https:\/\/www.noidiqua.it\/Montale\/wp-content\/uploads\/2021\/05\/brevi.png\",\"width\":473,\"height\":291},{\"@type\":\"BreadcrumbList\",\"@id\":\"https:\/\/www.noidiqua.it\/Montale\/i-brevi-di-noidiqua-43\/#breadcrumb\",\"itemListElement\":[{\"@type\":\"ListItem\",\"position\":1,\"name\":\"Home\",\"item\":\"https:\/\/www.noidiqua.it\/Montale\/\"},{\"@type\":\"ListItem\",\"position\":2,\"name\":\"I brevi di Noidiqua\"}]},{\"@type\":\"WebSite\",\"@id\":\"https:\/\/www.noidiqua.it\/Montale\/#website\",\"url\":\"https:\/\/www.noidiqua.it\/Montale\/\",\"name\":\"Noi di Qua Testata giornalistica e di attualit\u00e0 di Agliana, Montale e Quarrata.\",\"description\":\"Testata Giornalistica Quarrata Montale Agliana\",\"potentialAction\":[{\"@type\":\"SearchAction\",\"target\":{\"@type\":\"EntryPoint\",\"urlTemplate\":\"https:\/\/www.noidiqua.it\/Montale\/?s={search_term_string}\"},\"query-input\":{\"@type\":\"PropertyValueSpecification\",\"valueRequired\":true,\"valueName\":\"search_term_string\"}}],\"inLanguage\":\"it-IT\"},{\"@type\":\"Person\",\"@id\":\"https:\/\/www.noidiqua.it\/Montale\/#\/schema\/person\/e2e6f44da50af0dae9c90ad168e471a4\",\"name\":\"Giacomo Bini\",\"image\":{\"@type\":\"ImageObject\",\"inLanguage\":\"it-IT\",\"@id\":\"https:\/\/www.noidiqua.it\/Montale\/#\/schema\/person\/image\/\",\"url\":\"https:\/\/secure.gravatar.com\/avatar\/e5c18ae41df5ae37397358f2c6046696187d51a120c5d0b8f0c49f7b606f46f4?s=96&d=mm&r=g\",\"contentUrl\":\"https:\/\/secure.gravatar.com\/avatar\/e5c18ae41df5ae37397358f2c6046696187d51a120c5d0b8f0c49f7b606f46f4?s=96&d=mm&r=g\",\"caption\":\"Giacomo Bini\"},\"url\":\"https:\/\/www.noidiqua.it\/Montale\/author\/giacomo-bini\/\"}]}<\/script>\n<!-- \/ Yoast SEO plugin. -->","yoast_head_json":{"title":"I brevi di Noidiqua - Noi di Qua Testata giornalistica e di attualit\u00e0 di Agliana, Montale e Quarrata.","robots":{"index":"index","follow":"follow","max-snippet":"max-snippet:-1","max-image-preview":"max-image-preview:large","max-video-preview":"max-video-preview:-1"},"canonical":"https:\/\/www.noidiqua.it\/Montale\/i-brevi-di-noidiqua-43\/","og_locale":"it_IT","og_type":"article","og_title":"I brevi di Noidiqua - Noi di Qua Testata giornalistica e di attualit\u00e0 di Agliana, Montale e Quarrata.","og_description":"di Giacomo Bini settembre 2025 \u201cFai volare il tuo talento\u201d \u00e8 un progetto di educazione civica per le scuole ispirato alla esperienza di vita di Giacomo Di Napoli, il campione di aliante acrobatico tragicamente deceduto in un incidente durante un allenamento nell\u2019estate del 2022. Il progetto \u201ceducativo e motivazionale\u201d \u00e8 promosso dall\u2019\u201cAssociazione Giak Nuotatore [&hellip;]","og_url":"https:\/\/www.noidiqua.it\/Montale\/i-brevi-di-noidiqua-43\/","og_site_name":"Noi di Qua Testata giornalistica e di attualit\u00e0 di Agliana, Montale e Quarrata.","article_publisher":"https:\/\/www.facebook.com\/noidiqua.trimestrale\/","article_published_time":"2025-09-05T13:27:04+00:00","article_modified_time":"2025-10-27T15:47:39+00:00","og_image":[{"width":473,"height":291,"url":"https:\/\/www.noidiqua.it\/Montale\/wp-content\/uploads\/2021\/05\/brevi.png","type":"image\/png"}],"author":"Giacomo Bini","twitter_misc":{"Scritto da":"Giacomo Bini","Tempo di lettura stimato":"5 minuti"},"schema":{"@context":"https:\/\/schema.org","@graph":[{"@type":"WebPage","@id":"https:\/\/www.noidiqua.it\/Montale\/i-brevi-di-noidiqua-43\/","url":"https:\/\/www.noidiqua.it\/Montale\/i-brevi-di-noidiqua-43\/","name":"I brevi di Noidiqua - Noi di Qua Testata giornalistica e di attualit\u00e0 di Agliana, Montale e Quarrata.","isPartOf":{"@id":"https:\/\/www.noidiqua.it\/Montale\/#website"},"primaryImageOfPage":{"@id":"https:\/\/www.noidiqua.it\/Montale\/i-brevi-di-noidiqua-43\/#primaryimage"},"image":{"@id":"https:\/\/www.noidiqua.it\/Montale\/i-brevi-di-noidiqua-43\/#primaryimage"},"thumbnailUrl":"https:\/\/www.noidiqua.it\/Montale\/wp-content\/uploads\/2021\/05\/brevi.png","datePublished":"2025-09-05T13:27:04+00:00","dateModified":"2025-10-27T15:47:39+00:00","author":{"@id":"https:\/\/www.noidiqua.it\/Montale\/#\/schema\/person\/e2e6f44da50af0dae9c90ad168e471a4"},"breadcrumb":{"@id":"https:\/\/www.noidiqua.it\/Montale\/i-brevi-di-noidiqua-43\/#breadcrumb"},"inLanguage":"it-IT","potentialAction":[{"@type":"ReadAction","target":["https:\/\/www.noidiqua.it\/Montale\/i-brevi-di-noidiqua-43\/"]}]},{"@type":"ImageObject","inLanguage":"it-IT","@id":"https:\/\/www.noidiqua.it\/Montale\/i-brevi-di-noidiqua-43\/#primaryimage","url":"https:\/\/www.noidiqua.it\/Montale\/wp-content\/uploads\/2021\/05\/brevi.png","contentUrl":"https:\/\/www.noidiqua.it\/Montale\/wp-content\/uploads\/2021\/05\/brevi.png","width":473,"height":291},{"@type":"BreadcrumbList","@id":"https:\/\/www.noidiqua.it\/Montale\/i-brevi-di-noidiqua-43\/#breadcrumb","itemListElement":[{"@type":"ListItem","position":1,"name":"Home","item":"https:\/\/www.noidiqua.it\/Montale\/"},{"@type":"ListItem","position":2,"name":"I brevi di Noidiqua"}]},{"@type":"WebSite","@id":"https:\/\/www.noidiqua.it\/Montale\/#website","url":"https:\/\/www.noidiqua.it\/Montale\/","name":"Noi di Qua Testata giornalistica e di attualit\u00e0 di Agliana, Montale e Quarrata.","description":"Testata Giornalistica Quarrata Montale Agliana","potentialAction":[{"@type":"SearchAction","target":{"@type":"EntryPoint","urlTemplate":"https:\/\/www.noidiqua.it\/Montale\/?s={search_term_string}"},"query-input":{"@type":"PropertyValueSpecification","valueRequired":true,"valueName":"search_term_string"}}],"inLanguage":"it-IT"},{"@type":"Person","@id":"https:\/\/www.noidiqua.it\/Montale\/#\/schema\/person\/e2e6f44da50af0dae9c90ad168e471a4","name":"Giacomo Bini","image":{"@type":"ImageObject","inLanguage":"it-IT","@id":"https:\/\/www.noidiqua.it\/Montale\/#\/schema\/person\/image\/","url":"https:\/\/secure.gravatar.com\/avatar\/e5c18ae41df5ae37397358f2c6046696187d51a120c5d0b8f0c49f7b606f46f4?s=96&d=mm&r=g","contentUrl":"https:\/\/secure.gravatar.com\/avatar\/e5c18ae41df5ae37397358f2c6046696187d51a120c5d0b8f0c49f7b606f46f4?s=96&d=mm&r=g","caption":"Giacomo Bini"},"url":"https:\/\/www.noidiqua.it\/Montale\/author\/giacomo-bini\/"}]}},"_links":{"self":[{"href":"https:\/\/www.noidiqua.it\/Montale\/wp-json\/wp\/v2\/posts\/9167","targetHints":{"allow":["GET"]}}],"collection":[{"href":"https:\/\/www.noidiqua.it\/Montale\/wp-json\/wp\/v2\/posts"}],"about":[{"href":"https:\/\/www.noidiqua.it\/Montale\/wp-json\/wp\/v2\/types\/post"}],"author":[{"embeddable":true,"href":"https:\/\/www.noidiqua.it\/Montale\/wp-json\/wp\/v2\/users\/12"}],"replies":[{"embeddable":true,"href":"https:\/\/www.noidiqua.it\/Montale\/wp-json\/wp\/v2\/comments?post=9167"}],"version-history":[{"count":6,"href":"https:\/\/www.noidiqua.it\/Montale\/wp-json\/wp\/v2\/posts\/9167\/revisions"}],"predecessor-version":[{"id":9220,"href":"https:\/\/www.noidiqua.it\/Montale\/wp-json\/wp\/v2\/posts\/9167\/revisions\/9220"}],"wp:attachment":[{"href":"https:\/\/www.noidiqua.it\/Montale\/wp-json\/wp\/v2\/media?parent=9167"}],"wp:term":[{"taxonomy":"category","embeddable":true,"href":"https:\/\/www.noidiqua.it\/Montale\/wp-json\/wp\/v2\/categories?post=9167"},{"taxonomy":"post_tag","embeddable":true,"href":"https:\/\/www.noidiqua.it\/Montale\/wp-json\/wp\/v2\/tags?post=9167"}],"curies":[{"name":"wp","href":"https:\/\/api.w.org\/{rel}","templated":true}]}}