{"id":9173,"date":"2025-09-05T15:43:56","date_gmt":"2025-09-05T13:43:56","guid":{"rendered":"https:\/\/www.noidiqua.it\/Montale\/?p=9173"},"modified":"2025-12-22T16:46:45","modified_gmt":"2025-12-22T15:46:45","slug":"i-problemi-di-tobbiana-e-le-possibili-soluzioni","status":"publish","type":"post","link":"https:\/\/www.noidiqua.it\/Montale\/i-problemi-di-tobbiana-e-le-possibili-soluzioni\/","title":{"rendered":"I problemi di Tobbiana e le possibili soluzioni"},"content":{"rendered":"<p><em>di Giacomo Bini<\/em><\/p>\n<p><em>settembre 2025<\/em><\/p>\n<p><a href=\"https:\/\/www.noidiqua.it\/Montale\/wp-content\/uploads\/2025\/10\/Tobbiana-3.png\" rel=\"wp-prettyPhoto[9173]\"><img loading=\"lazy\" decoding=\"async\" class=\"aligncenter size-full wp-image-9174\" src=\"https:\/\/www.noidiqua.it\/Montale\/wp-content\/uploads\/2025\/10\/Tobbiana-3.png\" alt=\"\" width=\"502\" height=\"343\" srcset=\"https:\/\/www.noidiqua.it\/Montale\/wp-content\/uploads\/2025\/10\/Tobbiana-3.png 502w, https:\/\/www.noidiqua.it\/Montale\/wp-content\/uploads\/2025\/10\/Tobbiana-3-300x205.png 300w\" sizes=\"auto, (max-width: 502px) 100vw, 502px\" \/><\/a><\/p>\n<p class=\"p1\" style=\"text-align: justify;\"><strong>I problemi di Tobbiana<\/strong> e le <strong>possibili soluzioni<\/strong> sono stati al centro dell\u2019attenzione durante l\u2019estate appena trascorsa con una serie di incontri pubblici molto partecipati, un\u2019interpellanza in consiglio comunale e un\u2019accorata richiesta di aiuto della <strong>Pro Loco<\/strong> del paese rivolta a enti pubblici e privati e a tutti i cittadini.<\/p>\n<p class=\"p1\" style=\"text-align: justify;\"><i>\u00abIl nostro \u00e8 un grido disperato\u00bb<\/i> scriveva alla fine di luglio la Pro Loco di Tobbiana in un post sul suo profilo facebook <i>\u00abil nostro paese di sta spegnendo a poco a poco\u00bb<\/i>. I due eventi che hanno suscitato la preoccupazione della <strong>comunit\u00e0 tobbianese<\/strong> sono stati la <strong>chiusura<\/strong> dell\u2019ambulatorio del medico di famiglia avvenuta dal primo aprile scorso e la chiusura dello storico <strong>mini-market<\/strong> accanto alla casa del popolo. L\u2019ambulatorio si trovava accanto all\u2019ufficio postale e funzionava un giorno alla settimana con la presenza di un medico di famiglia che pagava l\u2019affitto del locale. Una nuova dottoressa, che ha sostituito il collega andato in pensione, ha deciso di non fare pi\u00f9 l\u2019ambulatorio a Tobbiana ma di effettuare il proprio servizio solo negli studi di Montale che si trovano sopra la casa della salute di via IV Novembre, dove operano sei medici di medicina generale in convenzione con l\u2019Asl. Negli incontri pubblici sulla questione avvenuti a Tobbiana molti cittadini hanno sottolineato i disagi della popolazione, specialmente quella pi\u00f9 anziana e priva di mezzi autonomi di trasporto, costretti a recarsi agli ambulatori di Montale.<\/p>\n<p><a href=\"https:\/\/www.noidiqua.it\/Montale\/wp-content\/uploads\/2025\/10\/Tobbiana-4.png\" rel=\"wp-prettyPhoto[9173]\"><img loading=\"lazy\" decoding=\"async\" class=\"aligncenter size-full wp-image-9175\" src=\"https:\/\/www.noidiqua.it\/Montale\/wp-content\/uploads\/2025\/10\/Tobbiana-4.png\" alt=\"\" width=\"509\" height=\"382\" srcset=\"https:\/\/www.noidiqua.it\/Montale\/wp-content\/uploads\/2025\/10\/Tobbiana-4.png 509w, https:\/\/www.noidiqua.it\/Montale\/wp-content\/uploads\/2025\/10\/Tobbiana-4-300x225.png 300w\" sizes=\"auto, (max-width: 509px) 100vw, 509px\" \/><\/a><\/p>\n<p class=\"p1\" style=\"text-align: justify;\">La direttrice della Societ\u00e0 della Salute dottoressa <strong>Silvia Mantero<\/strong> ha spiegato, in uno degli incontri, che i medici di famiglia in convenzione con l\u2019Asl non hanno l\u2019obbligo di effettuare l\u2019ambulatorio in una sede periferica come quella di Tobbiana ma i loro obblighi di orario e di servizio si riferiscono esclusivamente agli ambulatori a Montale. I cittadini hanno chiesto insistentemente anche l\u2019intervento dell\u2019<strong>amministrazione comunale<\/strong> anche accollandosi le spese del locale dell\u2019ambulatorio o incaricandosi di individuare un altro locale idoneo.<\/p>\n<p class=\"p1\" style=\"text-align: justify;\">Al primo degli incontri, avvenuto l\u20198 luglio, hanno partecipato anche i consiglieri del gruppo di centrodestra in consiglio comunale che successivamente hanno presentato un\u2019interpellanza. Una decina di giorni dopo, in un secondo <strong>incontro pubblico<\/strong>, erano presenti il sindaco di Montale Ferdinando Betti e la direttrice della Societ\u00e0 della salute Silvia Mantero. In consiglio comunale, nella discussione dell\u2019interpellanza presentata da <strong>Greta Cavaciocchi<\/strong> del centrodestra, il sindaco di Montale ha sostenuto la disponibilit\u00e0 del Comune a impegnarsi per trovare una soluzione ma anche il fatto che i medici da lui interpellati avevano detto che non erano disponibili a fare l\u2019ambulatorio a Tobbiana.<\/p>\n<p><a href=\"https:\/\/www.noidiqua.it\/Montale\/wp-content\/uploads\/2025\/10\/Tobbiana-1.png\" rel=\"wp-prettyPhoto[9173]\"><img loading=\"lazy\" decoding=\"async\" class=\"aligncenter size-full wp-image-9176\" src=\"https:\/\/www.noidiqua.it\/Montale\/wp-content\/uploads\/2025\/10\/Tobbiana-1.png\" alt=\"\" width=\"507\" height=\"325\" srcset=\"https:\/\/www.noidiqua.it\/Montale\/wp-content\/uploads\/2025\/10\/Tobbiana-1.png 507w, https:\/\/www.noidiqua.it\/Montale\/wp-content\/uploads\/2025\/10\/Tobbiana-1-300x192.png 300w\" sizes=\"auto, (max-width: 507px) 100vw, 507px\" \/><\/a><\/p>\n<p class=\"p1\" style=\"text-align: justify;\">Intanto, mentre cresceva la preoccupazione della comunit\u00e0 per l\u2019assenza dell\u2019ambulatorio, veniva al pettine anche l\u2019altro nodo, quello della chiusura del minimarket, avvenuta alla fine di agosto, e della drastica riduzione degli esercizi commerciali nel paese. A Tobbiana infatti restano al momento solo due: la macelleria di <strong>Dino Rafanelli<\/strong> che peraltro \u00e8 in pensione e continua l\u2019attivit\u00e0 solo mosso dalla passione e dall\u2019attaccamento per un\u2019attivit\u00e0 che esiste da tantissimi anni nel paese, e il forno di Cosetta Biancalani, un altro esercizio che rappresenta una parte della storia della comunit\u00e0 tobbianese. <i>\u00abStiamo diventando un paese dormitorio\u00bb<\/i> ricorda Dino Rafanelli <i>\u00abuna volta nella strada centrale del paese c\u2019erano tre macellerie, cinque alimentari, due cooperative, due panifici e un frutta e verdura\u00bb<\/i>.<\/p>\n<p><a href=\"https:\/\/www.noidiqua.it\/Montale\/wp-content\/uploads\/2025\/10\/Tobbiana-2.png\" rel=\"wp-prettyPhoto[9173]\"><img loading=\"lazy\" decoding=\"async\" class=\"aligncenter size-full wp-image-9177\" src=\"https:\/\/www.noidiqua.it\/Montale\/wp-content\/uploads\/2025\/10\/Tobbiana-2.png\" alt=\"\" width=\"505\" height=\"357\" srcset=\"https:\/\/www.noidiqua.it\/Montale\/wp-content\/uploads\/2025\/10\/Tobbiana-2.png 505w, https:\/\/www.noidiqua.it\/Montale\/wp-content\/uploads\/2025\/10\/Tobbiana-2-300x212.png 300w\" sizes=\"auto, (max-width: 505px) 100vw, 505px\" \/><\/a><\/p>\n<p class=\"p1\" style=\"text-align: justify;\">Il 2 settembre scorso si \u00e8 tenuta una affollatissima assemblea pubblica, promossa dalla Pro Loco, nel salone \u201cLa Roccia\u201d di Tobbiana. Il titolo dato dalla Pro Loco era \u201c<strong>Soluzione per Tobbiana<\/strong>\u201d e infatti due proposte. La pi\u00f9 interessante \u00e8 l\u2019ipotesi di creare una cooperativa di comunit\u00e0 per dar vita ad un emporio di paese utilizzando il sostegno e le possibilit\u00e0 di reperire finanziamenti del Gal Montagnappennino. Il Gal (Gruppo di azione locale) \u00e8 una societ\u00e0 consortile senza scopo di lucro che opera nell\u2019ambito dello sviluppo rurale nelle province di Lucca, Pisa e Pistoia, in Toscana. La seconda proposta, avanzata dal sindaco nel corso della riunione, \u00e8 rivolta al problema dell\u2019ambulatorio e consisterebbe nella creazione di uno \u201c<strong>spazio idoneo<\/strong>\u201d al servizio di ambulatorio e ad altri servizi sanitari a cura dell\u2019Asl attraverso la riqualificazione di una parte dell\u2019immobile della casa del popolo in accordo con la <strong>Fratellanza Lavoratori Tobbianesi<\/strong> che ne \u00e8 proprietaria.<\/p>","protected":false},"excerpt":{"rendered":"<p>di Giacomo Bini settembre 2025 I problemi di Tobbiana e le possibili soluzioni sono stati al centro dell\u2019attenzione durante l\u2019estate appena trascorsa con una serie di incontri pubblici molto partecipati, un\u2019interpellanza in consiglio comunale e un\u2019accorata richiesta di aiuto della Pro Loco del paese rivolta a enti pubblici e privati e a tutti i [&hellip;]<\/p>","protected":false},"author":12,"featured_media":0,"comment_status":"open","ping_status":"open","sticky":false,"template":"","format":"standard","meta":{"footnotes":""},"categories":[31,7],"tags":[919,4656,4790,4795,1611,4794,4788,4793,4791,4789,297,4792,4796,4797],"class_list":["post-9173","post","type-post","status-publish","format-standard","hentry","category-storia-qt","category-mt","tag-amministrazione-comunale","tag-chiusura","tag-comunita-tobbianese","tag-dino-rafanelli","tag-fratellanza-lavoratori-tobbianesi","tag-greta-cavaciocchi","tag-i-problemi-di-tobbiana","tag-incontro-pubblico","tag-mini-market","tag-possibili-soluzioni","tag-pro-loco","tag-silvia-mantero","tag-soluzione-per-tobbiana","tag-spazio-idoneo"],"yoast_head":"<!-- This site is optimized with the Yoast SEO plugin v25.5 - https:\/\/yoast.com\/wordpress\/plugins\/seo\/ -->\n<title>I problemi di Tobbiana e le possibili soluzioni - Noi di Qua Testata giornalistica e di attualit\u00e0 di Agliana, Montale e Quarrata.<\/title>\n<meta name=\"robots\" content=\"index, follow, max-snippet:-1, max-image-preview:large, max-video-preview:-1\" \/>\n<link rel=\"canonical\" href=\"https:\/\/www.noidiqua.it\/Montale\/i-problemi-di-tobbiana-e-le-possibili-soluzioni\/\" \/>\n<meta property=\"og:locale\" content=\"it_IT\" \/>\n<meta property=\"og:type\" content=\"article\" \/>\n<meta property=\"og:title\" content=\"I problemi di Tobbiana e le possibili soluzioni - Noi di Qua Testata giornalistica e di attualit\u00e0 di Agliana, Montale e Quarrata.\" \/>\n<meta property=\"og:description\" content=\"di Giacomo Bini settembre 2025 I problemi di Tobbiana e le possibili soluzioni sono stati al centro dell\u2019attenzione durante l\u2019estate appena trascorsa con una serie di incontri pubblici molto partecipati, un\u2019interpellanza in consiglio comunale e un\u2019accorata richiesta di aiuto della Pro Loco del paese rivolta a enti pubblici e privati e a tutti i [&hellip;]\" \/>\n<meta property=\"og:url\" content=\"https:\/\/www.noidiqua.it\/Montale\/i-problemi-di-tobbiana-e-le-possibili-soluzioni\/\" \/>\n<meta property=\"og:site_name\" content=\"Noi di Qua Testata giornalistica e di attualit\u00e0 di Agliana, Montale e Quarrata.\" \/>\n<meta property=\"article:publisher\" content=\"https:\/\/www.facebook.com\/noidiqua.trimestrale\/\" \/>\n<meta property=\"article:published_time\" content=\"2025-09-05T13:43:56+00:00\" \/>\n<meta property=\"article:modified_time\" content=\"2025-12-22T15:46:45+00:00\" \/>\n<meta property=\"og:image\" content=\"https:\/\/www.noidiqua.it\/Montale\/wp-content\/uploads\/2025\/10\/Tobbiana-3.png\" \/>\n\t<meta property=\"og:image:width\" content=\"502\" \/>\n\t<meta property=\"og:image:height\" content=\"343\" \/>\n\t<meta property=\"og:image:type\" content=\"image\/png\" \/>\n<meta name=\"author\" content=\"Giacomo Bini\" \/>\n<meta name=\"twitter:label1\" content=\"Scritto da\" \/>\n\t<meta name=\"twitter:data1\" content=\"Giacomo Bini\" \/>\n\t<meta name=\"twitter:label2\" content=\"Tempo di lettura stimato\" \/>\n\t<meta name=\"twitter:data2\" content=\"5 minuti\" \/>\n<script type=\"application\/ld+json\" class=\"yoast-schema-graph\">{\"@context\":\"https:\/\/schema.org\",\"@graph\":[{\"@type\":\"WebPage\",\"@id\":\"https:\/\/www.noidiqua.it\/Montale\/i-problemi-di-tobbiana-e-le-possibili-soluzioni\/\",\"url\":\"https:\/\/www.noidiqua.it\/Montale\/i-problemi-di-tobbiana-e-le-possibili-soluzioni\/\",\"name\":\"I problemi di Tobbiana e le possibili soluzioni - Noi di Qua Testata giornalistica e di attualit\u00e0 di Agliana, Montale e Quarrata.\",\"isPartOf\":{\"@id\":\"https:\/\/www.noidiqua.it\/Montale\/#website\"},\"primaryImageOfPage\":{\"@id\":\"https:\/\/www.noidiqua.it\/Montale\/i-problemi-di-tobbiana-e-le-possibili-soluzioni\/#primaryimage\"},\"image\":{\"@id\":\"https:\/\/www.noidiqua.it\/Montale\/i-problemi-di-tobbiana-e-le-possibili-soluzioni\/#primaryimage\"},\"thumbnailUrl\":\"https:\/\/www.noidiqua.it\/Montale\/wp-content\/uploads\/2025\/10\/Tobbiana-3.png\",\"datePublished\":\"2025-09-05T13:43:56+00:00\",\"dateModified\":\"2025-12-22T15:46:45+00:00\",\"author\":{\"@id\":\"https:\/\/www.noidiqua.it\/Montale\/#\/schema\/person\/e2e6f44da50af0dae9c90ad168e471a4\"},\"breadcrumb\":{\"@id\":\"https:\/\/www.noidiqua.it\/Montale\/i-problemi-di-tobbiana-e-le-possibili-soluzioni\/#breadcrumb\"},\"inLanguage\":\"it-IT\",\"potentialAction\":[{\"@type\":\"ReadAction\",\"target\":[\"https:\/\/www.noidiqua.it\/Montale\/i-problemi-di-tobbiana-e-le-possibili-soluzioni\/\"]}]},{\"@type\":\"ImageObject\",\"inLanguage\":\"it-IT\",\"@id\":\"https:\/\/www.noidiqua.it\/Montale\/i-problemi-di-tobbiana-e-le-possibili-soluzioni\/#primaryimage\",\"url\":\"https:\/\/www.noidiqua.it\/Montale\/wp-content\/uploads\/2025\/10\/Tobbiana-3.png\",\"contentUrl\":\"https:\/\/www.noidiqua.it\/Montale\/wp-content\/uploads\/2025\/10\/Tobbiana-3.png\",\"width\":502,\"height\":343},{\"@type\":\"BreadcrumbList\",\"@id\":\"https:\/\/www.noidiqua.it\/Montale\/i-problemi-di-tobbiana-e-le-possibili-soluzioni\/#breadcrumb\",\"itemListElement\":[{\"@type\":\"ListItem\",\"position\":1,\"name\":\"Home\",\"item\":\"https:\/\/www.noidiqua.it\/Montale\/\"},{\"@type\":\"ListItem\",\"position\":2,\"name\":\"I problemi di Tobbiana e le possibili soluzioni\"}]},{\"@type\":\"WebSite\",\"@id\":\"https:\/\/www.noidiqua.it\/Montale\/#website\",\"url\":\"https:\/\/www.noidiqua.it\/Montale\/\",\"name\":\"Noi di Qua Testata giornalistica e di attualit\u00e0 di Agliana, Montale e Quarrata.\",\"description\":\"Testata Giornalistica Quarrata Montale Agliana\",\"potentialAction\":[{\"@type\":\"SearchAction\",\"target\":{\"@type\":\"EntryPoint\",\"urlTemplate\":\"https:\/\/www.noidiqua.it\/Montale\/?s={search_term_string}\"},\"query-input\":{\"@type\":\"PropertyValueSpecification\",\"valueRequired\":true,\"valueName\":\"search_term_string\"}}],\"inLanguage\":\"it-IT\"},{\"@type\":\"Person\",\"@id\":\"https:\/\/www.noidiqua.it\/Montale\/#\/schema\/person\/e2e6f44da50af0dae9c90ad168e471a4\",\"name\":\"Giacomo Bini\",\"image\":{\"@type\":\"ImageObject\",\"inLanguage\":\"it-IT\",\"@id\":\"https:\/\/www.noidiqua.it\/Montale\/#\/schema\/person\/image\/\",\"url\":\"https:\/\/secure.gravatar.com\/avatar\/e5c18ae41df5ae37397358f2c6046696187d51a120c5d0b8f0c49f7b606f46f4?s=96&d=mm&r=g\",\"contentUrl\":\"https:\/\/secure.gravatar.com\/avatar\/e5c18ae41df5ae37397358f2c6046696187d51a120c5d0b8f0c49f7b606f46f4?s=96&d=mm&r=g\",\"caption\":\"Giacomo Bini\"},\"url\":\"https:\/\/www.noidiqua.it\/Montale\/author\/giacomo-bini\/\"}]}<\/script>\n<!-- \/ Yoast SEO plugin. -->","yoast_head_json":{"title":"I problemi di Tobbiana e le possibili soluzioni - Noi di Qua Testata giornalistica e di attualit\u00e0 di Agliana, Montale e Quarrata.","robots":{"index":"index","follow":"follow","max-snippet":"max-snippet:-1","max-image-preview":"max-image-preview:large","max-video-preview":"max-video-preview:-1"},"canonical":"https:\/\/www.noidiqua.it\/Montale\/i-problemi-di-tobbiana-e-le-possibili-soluzioni\/","og_locale":"it_IT","og_type":"article","og_title":"I problemi di Tobbiana e le possibili soluzioni - Noi di Qua Testata giornalistica e di attualit\u00e0 di Agliana, Montale e Quarrata.","og_description":"di Giacomo Bini settembre 2025 I problemi di Tobbiana e le possibili soluzioni sono stati al centro dell\u2019attenzione durante l\u2019estate appena trascorsa con una serie di incontri pubblici molto partecipati, un\u2019interpellanza in consiglio comunale e un\u2019accorata richiesta di aiuto della Pro Loco del paese rivolta a enti pubblici e privati e a tutti i [&hellip;]","og_url":"https:\/\/www.noidiqua.it\/Montale\/i-problemi-di-tobbiana-e-le-possibili-soluzioni\/","og_site_name":"Noi di Qua Testata giornalistica e di attualit\u00e0 di Agliana, Montale e Quarrata.","article_publisher":"https:\/\/www.facebook.com\/noidiqua.trimestrale\/","article_published_time":"2025-09-05T13:43:56+00:00","article_modified_time":"2025-12-22T15:46:45+00:00","og_image":[{"width":502,"height":343,"url":"https:\/\/www.noidiqua.it\/Montale\/wp-content\/uploads\/2025\/10\/Tobbiana-3.png","type":"image\/png"}],"author":"Giacomo Bini","twitter_misc":{"Scritto da":"Giacomo Bini","Tempo di lettura stimato":"5 minuti"},"schema":{"@context":"https:\/\/schema.org","@graph":[{"@type":"WebPage","@id":"https:\/\/www.noidiqua.it\/Montale\/i-problemi-di-tobbiana-e-le-possibili-soluzioni\/","url":"https:\/\/www.noidiqua.it\/Montale\/i-problemi-di-tobbiana-e-le-possibili-soluzioni\/","name":"I problemi di Tobbiana e le possibili soluzioni - Noi di Qua Testata giornalistica e di attualit\u00e0 di Agliana, Montale e Quarrata.","isPartOf":{"@id":"https:\/\/www.noidiqua.it\/Montale\/#website"},"primaryImageOfPage":{"@id":"https:\/\/www.noidiqua.it\/Montale\/i-problemi-di-tobbiana-e-le-possibili-soluzioni\/#primaryimage"},"image":{"@id":"https:\/\/www.noidiqua.it\/Montale\/i-problemi-di-tobbiana-e-le-possibili-soluzioni\/#primaryimage"},"thumbnailUrl":"https:\/\/www.noidiqua.it\/Montale\/wp-content\/uploads\/2025\/10\/Tobbiana-3.png","datePublished":"2025-09-05T13:43:56+00:00","dateModified":"2025-12-22T15:46:45+00:00","author":{"@id":"https:\/\/www.noidiqua.it\/Montale\/#\/schema\/person\/e2e6f44da50af0dae9c90ad168e471a4"},"breadcrumb":{"@id":"https:\/\/www.noidiqua.it\/Montale\/i-problemi-di-tobbiana-e-le-possibili-soluzioni\/#breadcrumb"},"inLanguage":"it-IT","potentialAction":[{"@type":"ReadAction","target":["https:\/\/www.noidiqua.it\/Montale\/i-problemi-di-tobbiana-e-le-possibili-soluzioni\/"]}]},{"@type":"ImageObject","inLanguage":"it-IT","@id":"https:\/\/www.noidiqua.it\/Montale\/i-problemi-di-tobbiana-e-le-possibili-soluzioni\/#primaryimage","url":"https:\/\/www.noidiqua.it\/Montale\/wp-content\/uploads\/2025\/10\/Tobbiana-3.png","contentUrl":"https:\/\/www.noidiqua.it\/Montale\/wp-content\/uploads\/2025\/10\/Tobbiana-3.png","width":502,"height":343},{"@type":"BreadcrumbList","@id":"https:\/\/www.noidiqua.it\/Montale\/i-problemi-di-tobbiana-e-le-possibili-soluzioni\/#breadcrumb","itemListElement":[{"@type":"ListItem","position":1,"name":"Home","item":"https:\/\/www.noidiqua.it\/Montale\/"},{"@type":"ListItem","position":2,"name":"I problemi di Tobbiana e le possibili soluzioni"}]},{"@type":"WebSite","@id":"https:\/\/www.noidiqua.it\/Montale\/#website","url":"https:\/\/www.noidiqua.it\/Montale\/","name":"Noi di Qua Testata giornalistica e di attualit\u00e0 di Agliana, Montale e Quarrata.","description":"Testata Giornalistica Quarrata Montale Agliana","potentialAction":[{"@type":"SearchAction","target":{"@type":"EntryPoint","urlTemplate":"https:\/\/www.noidiqua.it\/Montale\/?s={search_term_string}"},"query-input":{"@type":"PropertyValueSpecification","valueRequired":true,"valueName":"search_term_string"}}],"inLanguage":"it-IT"},{"@type":"Person","@id":"https:\/\/www.noidiqua.it\/Montale\/#\/schema\/person\/e2e6f44da50af0dae9c90ad168e471a4","name":"Giacomo Bini","image":{"@type":"ImageObject","inLanguage":"it-IT","@id":"https:\/\/www.noidiqua.it\/Montale\/#\/schema\/person\/image\/","url":"https:\/\/secure.gravatar.com\/avatar\/e5c18ae41df5ae37397358f2c6046696187d51a120c5d0b8f0c49f7b606f46f4?s=96&d=mm&r=g","contentUrl":"https:\/\/secure.gravatar.com\/avatar\/e5c18ae41df5ae37397358f2c6046696187d51a120c5d0b8f0c49f7b606f46f4?s=96&d=mm&r=g","caption":"Giacomo Bini"},"url":"https:\/\/www.noidiqua.it\/Montale\/author\/giacomo-bini\/"}]}},"_links":{"self":[{"href":"https:\/\/www.noidiqua.it\/Montale\/wp-json\/wp\/v2\/posts\/9173","targetHints":{"allow":["GET"]}}],"collection":[{"href":"https:\/\/www.noidiqua.it\/Montale\/wp-json\/wp\/v2\/posts"}],"about":[{"href":"https:\/\/www.noidiqua.it\/Montale\/wp-json\/wp\/v2\/types\/post"}],"author":[{"embeddable":true,"href":"https:\/\/www.noidiqua.it\/Montale\/wp-json\/wp\/v2\/users\/12"}],"replies":[{"embeddable":true,"href":"https:\/\/www.noidiqua.it\/Montale\/wp-json\/wp\/v2\/comments?post=9173"}],"version-history":[{"count":2,"href":"https:\/\/www.noidiqua.it\/Montale\/wp-json\/wp\/v2\/posts\/9173\/revisions"}],"predecessor-version":[{"id":9211,"href":"https:\/\/www.noidiqua.it\/Montale\/wp-json\/wp\/v2\/posts\/9173\/revisions\/9211"}],"wp:attachment":[{"href":"https:\/\/www.noidiqua.it\/Montale\/wp-json\/wp\/v2\/media?parent=9173"}],"wp:term":[{"taxonomy":"category","embeddable":true,"href":"https:\/\/www.noidiqua.it\/Montale\/wp-json\/wp\/v2\/categories?post=9173"},{"taxonomy":"post_tag","embeddable":true,"href":"https:\/\/www.noidiqua.it\/Montale\/wp-json\/wp\/v2\/tags?post=9173"}],"curies":[{"name":"wp","href":"https:\/\/api.w.org\/{rel}","templated":true}]}}