{"id":9179,"date":"2025-09-05T15:48:34","date_gmt":"2025-09-05T13:48:34","guid":{"rendered":"https:\/\/www.noidiqua.it\/Montale\/?p=9179"},"modified":"2025-10-27T16:47:12","modified_gmt":"2025-10-27T15:47:12","slug":"il-118-la-guardia-medica-il-pronto-soccorso-e","status":"publish","type":"post","link":"https:\/\/www.noidiqua.it\/Montale\/il-118-la-guardia-medica-il-pronto-soccorso-e\/","title":{"rendered":"il 118, la guardia medica, il pronto soccorso e\u2026"},"content":{"rendered":"<p style=\"text-align: justify;\"><em>di Paola Maria Mandelli<\/em><\/p>\n<p style=\"text-align: justify;\"><em>settembre 2025<\/em><\/p>\n<p><a href=\"https:\/\/www.noidiqua.it\/Montale\/wp-content\/uploads\/2025\/10\/Una-mela-al-giorno.png\" rel=\"wp-prettyPhoto[9179]\"><img loading=\"lazy\" decoding=\"async\" class=\"aligncenter size-full wp-image-9180\" src=\"https:\/\/www.noidiqua.it\/Montale\/wp-content\/uploads\/2025\/10\/Una-mela-al-giorno.png\" alt=\"\" width=\"538\" height=\"375\" srcset=\"https:\/\/www.noidiqua.it\/Montale\/wp-content\/uploads\/2025\/10\/Una-mela-al-giorno.png 538w, https:\/\/www.noidiqua.it\/Montale\/wp-content\/uploads\/2025\/10\/Una-mela-al-giorno-300x209.png 300w\" sizes=\"auto, (max-width: 538px) 100vw, 538px\" \/><\/a><\/p>\n<p class=\"p1\" style=\"text-align: justify;\"><span class=\"s1\">Esercitando la mia professione di medico di medicina generale, ho capito che esiste un po\u2019 di confusione su come usare il 118, la guardia medica o il Pronto Soccorso. Cercher\u00f2 di fare chiarezza.<\/span><\/p>\n<p class=\"p1\" style=\"text-align: justify;\"><span class=\"s2\"><b>\u2022\u00a0<\/b><\/span><span class=\"s1\"><b>Il 118 \u00e8 necessario chiamarlo in casi di gravi malori<\/b>, fornendo informazioni precise su cosa \u00e8 successo e dove. Va contattato per condizioni mediche improvvise che mettono in pericolo la vita, per incidenti stradali, domestici, sul lavoro, sportivi, o per altri tipi di trauma, in situazioni certe o presunte che comportano un rischio per l\u2019incolumit\u00e0 propria o di altre persone.\u00a0<\/span><span class=\"s1\"><i>In tutti gli altri casi (febbre anche se molto alta, coliche etc) bisogna interpellare il proprio medico di famiglia, e in sua assenza, i medici che lavorano con lui in gruppo, sempre<span class=\"Apple-converted-space\">\u00a0\u00a0<\/span>presenti a rotazione e che possono accedere ai dati del paziente dal Pc comune.<\/i><\/span><\/p>\n<p class=\"p1\" style=\"text-align: justify;\"><span class=\"s2\"><b>\u2022\u00a0<\/b><\/span><span class=\"s1\"><b>La guardia medica<\/b>\u00a0\u00e8 presente nelle ore notturne e nei giorni prefestivi e festivi (<i>dalle 14 del giorno prefestivo, alle 8 del giorno successivo al festivo. Poi dalle 20 alle 8 di tutti i giorni feriali<\/i>). Chiamando si parler\u00e0 con un<span class=\"Apple-converted-space\">\u00a0\u00a0<\/span>medico che pu\u00f2 visitare e dare una terapia fino a che non possa essere contattato il medico di famiglia. La guardia medica pu\u00f2 decidere anche per un decidere per un eventuale ricovero.\u00a0<\/span><span class=\"s1\">Non pu\u00f2 prescrivere farmaci di una terapia cronica se non per 3 giorni, e non pu\u00f2 concedere certificato di malattia<span class=\"Apple-converted-space\">\u00a0\u00a0<\/span>INPS oltre i 3 giorni (poi deve subentrare il medico curante).<\/span><\/p>\n<p class=\"p1\" style=\"text-align: justify;\"><span class=\"s2\"><b>\u2022\u00a0<\/b><\/span><span class=\"s1\"><b>Al pronto soccorso\u00a0<\/b>bisogna recarvisi in caso di condizioni mediche gravi, potenzialmente letali o che potrebbero causare seri danni alla salute, se non trattate immediatamente. Esempi comuni includono dolore toracico improvviso, difficolt\u00e0 respiratorie severe, sintomi da ictus (debolezza, confusione, difficolt\u00e0 a parlare), emorragie gravi, perdite di coscienza, traumi importanti o ustioni estese. Non ci si deve recare al pronto soccorso per visite specialistiche o per problemi di salute minori gestibili dal proprio medico.\u00a0<\/span><span class=\"s1\"><i>Tutti gli altri accessi sono da considerarsi impropri e finiscono con prolungare i tempi di attesa di chi ne ha veramente bisogno.<\/i><\/span><\/p>\n<p class=\"p1\" style=\"text-align: justify;\"><span class=\"s2\"><b>\u2022\u00a0<\/b><\/span><span class=\"s1\"><b>Il PIR \u00e8 una novit\u00e0 interessante.\u00a0<\/b>Si tratta di Punti di Intervento Rapido (attualmente in fase di sperimentazione) che offrono una risposta alle esigenze sanitarie non di emergenza. Si trovano, per l\u2019Azienda USL Toscana centro: Casa di Comunit\u00e0 Le Piagge (Firenze), Casa di Comunit\u00e0 di Svogliana (Vinci), Casa di Comunit\u00e0 \u201cIl Ceppo\u201d (Pistoia), Casa di Comunit\u00e0 Centro Est (Prato). Ci si accede dalle 8 alle 20 su indicazione del proprio medico di famiglia o dopo aver chiamato il numero unico di continuit\u00e0 assistenziale 116117.\u00a0<\/span><span class=\"s1\">Gestiscono: febbre e sintomi influenzali, dolori toracici riferibili a problematiche muscoloscheletriche, spalla dolorosa, congiuntivite o blefarite, morso di animali, ustioni lievi, crisi di ansia e attacchi di panico, crisi ipertensiva, emorragia congiuntivale senza alterazioni della vista. Ma anche eczema, dermatite, orticaria, puntura d\u2019insetto, vertigini, otalgia, reazioni allergiche senza elementi di urgenza, ritenzione urinaria, contusioni, edemi declivi (accumulo di liquidi nei tessuti), lombosciatalgia, cefalea, dispnea, dolori gastrointestinali.<\/span><\/p>","protected":false},"excerpt":{"rendered":"<p>di Paola Maria Mandelli settembre 2025 Esercitando la mia professione di medico di medicina generale, ho capito che esiste un po\u2019 di confusione su come usare il 118, la guardia medica o il Pronto Soccorso. Cercher\u00f2 di fare chiarezza. \u2022\u00a0Il 118 \u00e8 necessario chiamarlo in casi di gravi malori, fornendo informazioni precise su cosa [&hellip;]<\/p>","protected":false},"author":101014,"featured_media":0,"comment_status":"open","ping_status":"open","sticky":false,"template":"","format":"standard","meta":{"footnotes":""},"categories":[7,20],"tags":[4799,4804,4800,4798,2597,2764,4803,4801,4802,158],"class_list":["post-9179","post","type-post","status-publish","format-standard","hentry","category-mt","category-una-mela-al-giorno-qt","tag-4799","tag-gravi-malori","tag-guardia-medica","tag-medicina-generale","tag-medico","tag-paola-maria-mandelli","tag-pir","tag-pronto-soccorso","tag-punti-di-intervento-rapido","tag-una-mela-al-giorno"],"yoast_head":"<!-- This site is optimized with the Yoast SEO plugin v25.5 - https:\/\/yoast.com\/wordpress\/plugins\/seo\/ -->\n<title>il 118, la guardia medica, il pronto soccorso e\u2026 - Noi di Qua Testata giornalistica e di attualit\u00e0 di Agliana, Montale e Quarrata.<\/title>\n<meta name=\"robots\" content=\"index, follow, max-snippet:-1, max-image-preview:large, max-video-preview:-1\" \/>\n<link rel=\"canonical\" href=\"https:\/\/www.noidiqua.it\/Montale\/il-118-la-guardia-medica-il-pronto-soccorso-e\/\" \/>\n<meta property=\"og:locale\" content=\"it_IT\" \/>\n<meta property=\"og:type\" content=\"article\" \/>\n<meta property=\"og:title\" content=\"il 118, la guardia medica, il pronto soccorso e\u2026 - Noi di Qua Testata giornalistica e di attualit\u00e0 di Agliana, Montale e Quarrata.\" \/>\n<meta property=\"og:description\" content=\"di Paola Maria Mandelli settembre 2025 Esercitando la mia professione di medico di medicina generale, ho capito che esiste un po\u2019 di confusione su come usare il 118, la guardia medica o il Pronto Soccorso. Cercher\u00f2 di fare chiarezza. \u2022\u00a0Il 118 \u00e8 necessario chiamarlo in casi di gravi malori, fornendo informazioni precise su cosa [&hellip;]\" \/>\n<meta property=\"og:url\" content=\"https:\/\/www.noidiqua.it\/Montale\/il-118-la-guardia-medica-il-pronto-soccorso-e\/\" \/>\n<meta property=\"og:site_name\" content=\"Noi di Qua Testata giornalistica e di attualit\u00e0 di Agliana, Montale e Quarrata.\" \/>\n<meta property=\"article:publisher\" content=\"https:\/\/www.facebook.com\/noidiqua.trimestrale\/\" \/>\n<meta property=\"article:published_time\" content=\"2025-09-05T13:48:34+00:00\" \/>\n<meta property=\"article:modified_time\" content=\"2025-10-27T15:47:12+00:00\" \/>\n<meta property=\"og:image\" content=\"https:\/\/www.noidiqua.it\/Montale\/wp-content\/uploads\/2025\/10\/Una-mela-al-giorno.png\" \/>\n\t<meta property=\"og:image:width\" content=\"538\" \/>\n\t<meta property=\"og:image:height\" content=\"375\" \/>\n\t<meta property=\"og:image:type\" content=\"image\/png\" \/>\n<meta name=\"author\" content=\"Paola Maria Mandelli\" \/>\n<meta name=\"twitter:label1\" content=\"Scritto da\" \/>\n\t<meta name=\"twitter:data1\" content=\"Paola Maria Mandelli\" \/>\n\t<meta name=\"twitter:label2\" content=\"Tempo di lettura stimato\" \/>\n\t<meta name=\"twitter:data2\" content=\"3 minuti\" \/>\n<script type=\"application\/ld+json\" class=\"yoast-schema-graph\">{\"@context\":\"https:\/\/schema.org\",\"@graph\":[{\"@type\":\"WebPage\",\"@id\":\"https:\/\/www.noidiqua.it\/Montale\/il-118-la-guardia-medica-il-pronto-soccorso-e\/\",\"url\":\"https:\/\/www.noidiqua.it\/Montale\/il-118-la-guardia-medica-il-pronto-soccorso-e\/\",\"name\":\"il 118, la guardia medica, il pronto soccorso e\u2026 - Noi di Qua Testata giornalistica e di attualit\u00e0 di Agliana, Montale e Quarrata.\",\"isPartOf\":{\"@id\":\"https:\/\/www.noidiqua.it\/Montale\/#website\"},\"primaryImageOfPage\":{\"@id\":\"https:\/\/www.noidiqua.it\/Montale\/il-118-la-guardia-medica-il-pronto-soccorso-e\/#primaryimage\"},\"image\":{\"@id\":\"https:\/\/www.noidiqua.it\/Montale\/il-118-la-guardia-medica-il-pronto-soccorso-e\/#primaryimage\"},\"thumbnailUrl\":\"https:\/\/www.noidiqua.it\/Montale\/wp-content\/uploads\/2025\/10\/Una-mela-al-giorno.png\",\"datePublished\":\"2025-09-05T13:48:34+00:00\",\"dateModified\":\"2025-10-27T15:47:12+00:00\",\"author\":{\"@id\":\"https:\/\/www.noidiqua.it\/Montale\/#\/schema\/person\/648f75ce7c013c638265e4752ded135c\"},\"breadcrumb\":{\"@id\":\"https:\/\/www.noidiqua.it\/Montale\/il-118-la-guardia-medica-il-pronto-soccorso-e\/#breadcrumb\"},\"inLanguage\":\"it-IT\",\"potentialAction\":[{\"@type\":\"ReadAction\",\"target\":[\"https:\/\/www.noidiqua.it\/Montale\/il-118-la-guardia-medica-il-pronto-soccorso-e\/\"]}]},{\"@type\":\"ImageObject\",\"inLanguage\":\"it-IT\",\"@id\":\"https:\/\/www.noidiqua.it\/Montale\/il-118-la-guardia-medica-il-pronto-soccorso-e\/#primaryimage\",\"url\":\"https:\/\/www.noidiqua.it\/Montale\/wp-content\/uploads\/2025\/10\/Una-mela-al-giorno.png\",\"contentUrl\":\"https:\/\/www.noidiqua.it\/Montale\/wp-content\/uploads\/2025\/10\/Una-mela-al-giorno.png\",\"width\":538,\"height\":375},{\"@type\":\"BreadcrumbList\",\"@id\":\"https:\/\/www.noidiqua.it\/Montale\/il-118-la-guardia-medica-il-pronto-soccorso-e\/#breadcrumb\",\"itemListElement\":[{\"@type\":\"ListItem\",\"position\":1,\"name\":\"Home\",\"item\":\"https:\/\/www.noidiqua.it\/Montale\/\"},{\"@type\":\"ListItem\",\"position\":2,\"name\":\"il 118, la guardia medica, il pronto soccorso e\u2026\"}]},{\"@type\":\"WebSite\",\"@id\":\"https:\/\/www.noidiqua.it\/Montale\/#website\",\"url\":\"https:\/\/www.noidiqua.it\/Montale\/\",\"name\":\"Noi di Qua Testata giornalistica e di attualit\u00e0 di Agliana, Montale e Quarrata.\",\"description\":\"Testata Giornalistica Quarrata Montale Agliana\",\"potentialAction\":[{\"@type\":\"SearchAction\",\"target\":{\"@type\":\"EntryPoint\",\"urlTemplate\":\"https:\/\/www.noidiqua.it\/Montale\/?s={search_term_string}\"},\"query-input\":{\"@type\":\"PropertyValueSpecification\",\"valueRequired\":true,\"valueName\":\"search_term_string\"}}],\"inLanguage\":\"it-IT\"},{\"@type\":\"Person\",\"@id\":\"https:\/\/www.noidiqua.it\/Montale\/#\/schema\/person\/648f75ce7c013c638265e4752ded135c\",\"name\":\"Paola Maria Mandelli\",\"image\":{\"@type\":\"ImageObject\",\"inLanguage\":\"it-IT\",\"@id\":\"https:\/\/www.noidiqua.it\/Montale\/#\/schema\/person\/image\/\",\"url\":\"https:\/\/secure.gravatar.com\/avatar\/36a1604078ac68a02457b1c1830174c74a01009237fc4b38945230bcad46ebfa?s=96&d=mm&r=g\",\"contentUrl\":\"https:\/\/secure.gravatar.com\/avatar\/36a1604078ac68a02457b1c1830174c74a01009237fc4b38945230bcad46ebfa?s=96&d=mm&r=g\",\"caption\":\"Paola Maria Mandelli\"},\"url\":\"https:\/\/www.noidiqua.it\/Montale\/author\/paola-maria-mandelli\/\"}]}<\/script>\n<!-- \/ Yoast SEO plugin. -->","yoast_head_json":{"title":"il 118, la guardia medica, il pronto soccorso e\u2026 - Noi di Qua Testata giornalistica e di attualit\u00e0 di Agliana, Montale e Quarrata.","robots":{"index":"index","follow":"follow","max-snippet":"max-snippet:-1","max-image-preview":"max-image-preview:large","max-video-preview":"max-video-preview:-1"},"canonical":"https:\/\/www.noidiqua.it\/Montale\/il-118-la-guardia-medica-il-pronto-soccorso-e\/","og_locale":"it_IT","og_type":"article","og_title":"il 118, la guardia medica, il pronto soccorso e\u2026 - Noi di Qua Testata giornalistica e di attualit\u00e0 di Agliana, Montale e Quarrata.","og_description":"di Paola Maria Mandelli settembre 2025 Esercitando la mia professione di medico di medicina generale, ho capito che esiste un po\u2019 di confusione su come usare il 118, la guardia medica o il Pronto Soccorso. Cercher\u00f2 di fare chiarezza. \u2022\u00a0Il 118 \u00e8 necessario chiamarlo in casi di gravi malori, fornendo informazioni precise su cosa [&hellip;]","og_url":"https:\/\/www.noidiqua.it\/Montale\/il-118-la-guardia-medica-il-pronto-soccorso-e\/","og_site_name":"Noi di Qua Testata giornalistica e di attualit\u00e0 di Agliana, Montale e Quarrata.","article_publisher":"https:\/\/www.facebook.com\/noidiqua.trimestrale\/","article_published_time":"2025-09-05T13:48:34+00:00","article_modified_time":"2025-10-27T15:47:12+00:00","og_image":[{"width":538,"height":375,"url":"https:\/\/www.noidiqua.it\/Montale\/wp-content\/uploads\/2025\/10\/Una-mela-al-giorno.png","type":"image\/png"}],"author":"Paola Maria Mandelli","twitter_misc":{"Scritto da":"Paola Maria Mandelli","Tempo di lettura stimato":"3 minuti"},"schema":{"@context":"https:\/\/schema.org","@graph":[{"@type":"WebPage","@id":"https:\/\/www.noidiqua.it\/Montale\/il-118-la-guardia-medica-il-pronto-soccorso-e\/","url":"https:\/\/www.noidiqua.it\/Montale\/il-118-la-guardia-medica-il-pronto-soccorso-e\/","name":"il 118, la guardia medica, il pronto soccorso e\u2026 - Noi di Qua Testata giornalistica e di attualit\u00e0 di Agliana, Montale e Quarrata.","isPartOf":{"@id":"https:\/\/www.noidiqua.it\/Montale\/#website"},"primaryImageOfPage":{"@id":"https:\/\/www.noidiqua.it\/Montale\/il-118-la-guardia-medica-il-pronto-soccorso-e\/#primaryimage"},"image":{"@id":"https:\/\/www.noidiqua.it\/Montale\/il-118-la-guardia-medica-il-pronto-soccorso-e\/#primaryimage"},"thumbnailUrl":"https:\/\/www.noidiqua.it\/Montale\/wp-content\/uploads\/2025\/10\/Una-mela-al-giorno.png","datePublished":"2025-09-05T13:48:34+00:00","dateModified":"2025-10-27T15:47:12+00:00","author":{"@id":"https:\/\/www.noidiqua.it\/Montale\/#\/schema\/person\/648f75ce7c013c638265e4752ded135c"},"breadcrumb":{"@id":"https:\/\/www.noidiqua.it\/Montale\/il-118-la-guardia-medica-il-pronto-soccorso-e\/#breadcrumb"},"inLanguage":"it-IT","potentialAction":[{"@type":"ReadAction","target":["https:\/\/www.noidiqua.it\/Montale\/il-118-la-guardia-medica-il-pronto-soccorso-e\/"]}]},{"@type":"ImageObject","inLanguage":"it-IT","@id":"https:\/\/www.noidiqua.it\/Montale\/il-118-la-guardia-medica-il-pronto-soccorso-e\/#primaryimage","url":"https:\/\/www.noidiqua.it\/Montale\/wp-content\/uploads\/2025\/10\/Una-mela-al-giorno.png","contentUrl":"https:\/\/www.noidiqua.it\/Montale\/wp-content\/uploads\/2025\/10\/Una-mela-al-giorno.png","width":538,"height":375},{"@type":"BreadcrumbList","@id":"https:\/\/www.noidiqua.it\/Montale\/il-118-la-guardia-medica-il-pronto-soccorso-e\/#breadcrumb","itemListElement":[{"@type":"ListItem","position":1,"name":"Home","item":"https:\/\/www.noidiqua.it\/Montale\/"},{"@type":"ListItem","position":2,"name":"il 118, la guardia medica, il pronto soccorso e\u2026"}]},{"@type":"WebSite","@id":"https:\/\/www.noidiqua.it\/Montale\/#website","url":"https:\/\/www.noidiqua.it\/Montale\/","name":"Noi di Qua Testata giornalistica e di attualit\u00e0 di Agliana, Montale e Quarrata.","description":"Testata Giornalistica Quarrata Montale Agliana","potentialAction":[{"@type":"SearchAction","target":{"@type":"EntryPoint","urlTemplate":"https:\/\/www.noidiqua.it\/Montale\/?s={search_term_string}"},"query-input":{"@type":"PropertyValueSpecification","valueRequired":true,"valueName":"search_term_string"}}],"inLanguage":"it-IT"},{"@type":"Person","@id":"https:\/\/www.noidiqua.it\/Montale\/#\/schema\/person\/648f75ce7c013c638265e4752ded135c","name":"Paola Maria Mandelli","image":{"@type":"ImageObject","inLanguage":"it-IT","@id":"https:\/\/www.noidiqua.it\/Montale\/#\/schema\/person\/image\/","url":"https:\/\/secure.gravatar.com\/avatar\/36a1604078ac68a02457b1c1830174c74a01009237fc4b38945230bcad46ebfa?s=96&d=mm&r=g","contentUrl":"https:\/\/secure.gravatar.com\/avatar\/36a1604078ac68a02457b1c1830174c74a01009237fc4b38945230bcad46ebfa?s=96&d=mm&r=g","caption":"Paola Maria Mandelli"},"url":"https:\/\/www.noidiqua.it\/Montale\/author\/paola-maria-mandelli\/"}]}},"_links":{"self":[{"href":"https:\/\/www.noidiqua.it\/Montale\/wp-json\/wp\/v2\/posts\/9179","targetHints":{"allow":["GET"]}}],"collection":[{"href":"https:\/\/www.noidiqua.it\/Montale\/wp-json\/wp\/v2\/posts"}],"about":[{"href":"https:\/\/www.noidiqua.it\/Montale\/wp-json\/wp\/v2\/types\/post"}],"author":[{"embeddable":true,"href":"https:\/\/www.noidiqua.it\/Montale\/wp-json\/wp\/v2\/users\/101014"}],"replies":[{"embeddable":true,"href":"https:\/\/www.noidiqua.it\/Montale\/wp-json\/wp\/v2\/comments?post=9179"}],"version-history":[{"count":2,"href":"https:\/\/www.noidiqua.it\/Montale\/wp-json\/wp\/v2\/posts\/9179\/revisions"}],"predecessor-version":[{"id":9219,"href":"https:\/\/www.noidiqua.it\/Montale\/wp-json\/wp\/v2\/posts\/9179\/revisions\/9219"}],"wp:attachment":[{"href":"https:\/\/www.noidiqua.it\/Montale\/wp-json\/wp\/v2\/media?parent=9179"}],"wp:term":[{"taxonomy":"category","embeddable":true,"href":"https:\/\/www.noidiqua.it\/Montale\/wp-json\/wp\/v2\/categories?post=9179"},{"taxonomy":"post_tag","embeddable":true,"href":"https:\/\/www.noidiqua.it\/Montale\/wp-json\/wp\/v2\/tags?post=9179"}],"curies":[{"name":"wp","href":"https:\/\/api.w.org\/{rel}","templated":true}]}}