{"id":9182,"date":"2025-09-05T15:53:41","date_gmt":"2025-09-05T13:53:41","guid":{"rendered":"https:\/\/www.noidiqua.it\/Montale\/?p=9182"},"modified":"2025-12-22T16:47:28","modified_gmt":"2025-12-22T15:47:28","slug":"corso-di-lingua-italiana-per-stranieri-promosso-da-auser-montale","status":"publish","type":"post","link":"https:\/\/www.noidiqua.it\/Montale\/corso-di-lingua-italiana-per-stranieri-promosso-da-auser-montale\/","title":{"rendered":"Corso di lingua italiana per stranieri promosso da Auser Montale"},"content":{"rendered":"<p><em>di Giacomo Bini<\/em><\/p>\n<p><em>settembre 2025<\/em><\/p>\n<p><a href=\"https:\/\/www.noidiqua.it\/Montale\/wp-content\/uploads\/2025\/10\/corso-italiano-per-stranieri.png\" rel=\"wp-prettyPhoto[9182]\"><img loading=\"lazy\" decoding=\"async\" class=\"aligncenter size-full wp-image-9183\" src=\"https:\/\/www.noidiqua.it\/Montale\/wp-content\/uploads\/2025\/10\/corso-italiano-per-stranieri.png\" alt=\"\" width=\"501\" height=\"361\" srcset=\"https:\/\/www.noidiqua.it\/Montale\/wp-content\/uploads\/2025\/10\/corso-italiano-per-stranieri.png 501w, https:\/\/www.noidiqua.it\/Montale\/wp-content\/uploads\/2025\/10\/corso-italiano-per-stranieri-300x216.png 300w\" sizes=\"auto, (max-width: 501px) 100vw, 501px\" \/><\/a><\/p>\n<p class=\"p1\" style=\"text-align: justify;\"><span class=\"s1\">Il <strong>corso<\/strong> di <strong>lingua italiana<\/strong> per <strong>stranieri<\/strong> attivato dall\u2019<strong>Auser di Montale<\/strong> per il quarto anno consecutivo rappresenta una delle iniziative pi\u00f9 interessanti e utili presenti nella comunit\u00e0 montalese. Condotto da <strong>docenti volontari<\/strong>, quasi totalmente insegnanti in pensione, il corso \u00e8 frequentato da un numero cospicuo di allieve e allievi, da trenta a quaranta rispondendo non solo ad una necessit\u00e0 di alfabetizzazione e dunque di integrazione ma anche ad una esigenza di dialogo e conoscenza tra culture diverse. Il corso \u00e8 tenuto nei locali del <strong>Centro Nerucci<\/strong>, che ospita anche la sede dell\u2019Auser, e le lezioni si svolgono una volta la settimana per ciascuno dei due gruppi in cui solitamente sono suddivisi gli iscritti. La principale promotrice e animatrice del corso \u00e8 stata <strong>Rosa Spera<\/strong>, l\u2019insegnante deceduta nel giugno scorso che ha lasciato un\u2019eredit\u00e0 ricchissima in termini di impegno sociale sia nell\u2019associazione <strong>Donne di Carte<\/strong> sia anche nell\u2019Auser di Montale e in altre associazioni di volontariato. <\/span><\/p>\n<p class=\"p1\" style=\"text-align: justify;\"><span class=\"s1\">Il testimone lasciato da Rosa \u00e8 stato raccolto ora dagli altri docenti-volontari del corso che continuano la sua opera con immutato entusiasmo. I docenti che hanno insegnato nel corso l\u2019anno scorso e che continueranno nell\u2019anno scolastico appena iniziato sono <strong>Dunia Topazzi<\/strong>, <strong>Marco Romagnoli<\/strong>, <strong>Elisabetta Gori<\/strong> e <strong>Tiziano Pierucci<\/strong>. E&#8217; possibile che quest\u2019anno si possa aggiungere un&#8217;altra insegnante. Le allieve del corso sono costituite in numero preponderante da un gruppo di donne georgiane e da un gruppo di donne marocchine, ma ci sono anche alcune donne albanesi, una pakistana e un cubano. L\u2019orario delle lezioni, dalle 14 alle 16, \u00e8 stato fissato per venire incontro alle esigenze delle <strong>allieve<\/strong>, perch\u00e9 in quel lasso di tempo le signore georgiane, tutte impegnate nell\u2019attivit\u00e0 di badante nella zona di Montale, hanno una pausa dal loro lavoro e le signore marocchine non hanno troppi impegni familiari perch\u00e9 i loro bambini sono a scuola.<\/span><\/p>\n<p class=\"p1\" style=\"text-align: justify;\"><span class=\"s1\"><i>\u00abLe allieve sono molto motivate\u00bb<\/i> dicono i volontari e le volontarie docenti del corso <i>\u00abperch\u00e9 sentono l\u2019esigenza di imparare l\u2019italiano ma anche quella di aprirsi a nuove relazioni che non siano quelle del loro gruppo o della loro famiglia\u00bb<\/i>. Nel corso vengono date anche delle nozioni basilari di <strong>educazione civica<\/strong> in modo da facilitare l\u2019integrazione nei meccanismi normativi della nostra societ\u00e0. Lo scopo primario resta comunque l\u2019apprendimento dell\u2019italiano e a questo proposito l\u2019Auser ha avviato contatti con il Cpia (<strong>Centro Provinciale di Istruzione per Adulti<\/strong>) con lo scopo, in futuro, di far accedere gli allievi ad una certificazione di un certo livello di conoscenza della lingua italiana. <\/span><\/p>\n<p class=\"p1\" style=\"text-align: justify;\"><span class=\"s1\">Il corso ha dimostrato la sua capacit\u00e0 di sviluppare la conoscenza e il dialogo tra culture diverse non solo negli incontri delle lezioni settimanali ma anche nella festa di fine anno dove le allieve hanno portato cibi, musiche e danze delle loro tradizioni nazionali. E&#8217; stata una <strong>festa<\/strong> colorata e gioiosa in cui le allieve e gli <strong>allievi<\/strong> hanno dimostrato la loro soddisfazione per il corso e la loro gratitudine verso i docenti volontari dell\u2019Auser.<\/span><\/p>","protected":false},"excerpt":{"rendered":"<p>di Giacomo Bini settembre 2025 Il corso di lingua italiana per stranieri attivato dall\u2019Auser di Montale per il quarto anno consecutivo rappresenta una delle iniziative pi\u00f9 interessanti e utili presenti nella comunit\u00e0 montalese. Condotto da docenti volontari, quasi totalmente insegnanti in pensione, il corso \u00e8 frequentato da un numero cospicuo di allieve e allievi, [&hellip;]<\/p>","protected":false},"author":12,"featured_media":0,"comment_status":"open","ping_status":"open","sticky":false,"template":"","format":"standard","meta":{"footnotes":""},"categories":[7,12],"tags":[4810,2326,2304,3510,4812,3764,4805,4806,4807,4811,4809,2953,1595,4808,4614,4774,3159],"class_list":["post-9182","post","type-post","status-publish","format-standard","hentry","category-mt","category-solidarieta-qt","tag-allieve","tag-allievi","tag-auser-di-montale","tag-centro-nerucci","tag-centro-provinciale-di-istruzione-per-adulti","tag-corso","tag-docenti-volontari","tag-donne-di-carte","tag-dunia-topazzi","tag-educazione-civica","tag-elisabetta-gori","tag-festa","tag-lingua-italiana","tag-marco-romagnoli","tag-rosa-spera","tag-stranieri","tag-tiziano-pierucci"],"yoast_head":"<!-- This site is optimized with the Yoast SEO plugin v25.5 - https:\/\/yoast.com\/wordpress\/plugins\/seo\/ -->\n<title>Corso di lingua italiana per stranieri promosso da Auser Montale - Noi di Qua Testata giornalistica e di attualit\u00e0 di Agliana, Montale e Quarrata.<\/title>\n<meta name=\"robots\" content=\"index, follow, max-snippet:-1, max-image-preview:large, max-video-preview:-1\" \/>\n<link rel=\"canonical\" href=\"https:\/\/www.noidiqua.it\/Montale\/corso-di-lingua-italiana-per-stranieri-promosso-da-auser-montale\/\" \/>\n<meta property=\"og:locale\" content=\"it_IT\" \/>\n<meta property=\"og:type\" content=\"article\" \/>\n<meta property=\"og:title\" content=\"Corso di lingua italiana per stranieri promosso da Auser Montale - Noi di Qua Testata giornalistica e di attualit\u00e0 di Agliana, Montale e Quarrata.\" \/>\n<meta property=\"og:description\" content=\"di Giacomo Bini settembre 2025 Il corso di lingua italiana per stranieri attivato dall\u2019Auser di Montale per il quarto anno consecutivo rappresenta una delle iniziative pi\u00f9 interessanti e utili presenti nella comunit\u00e0 montalese. Condotto da docenti volontari, quasi totalmente insegnanti in pensione, il corso \u00e8 frequentato da un numero cospicuo di allieve e allievi, [&hellip;]\" \/>\n<meta property=\"og:url\" content=\"https:\/\/www.noidiqua.it\/Montale\/corso-di-lingua-italiana-per-stranieri-promosso-da-auser-montale\/\" \/>\n<meta property=\"og:site_name\" content=\"Noi di Qua Testata giornalistica e di attualit\u00e0 di Agliana, Montale e Quarrata.\" \/>\n<meta property=\"article:publisher\" content=\"https:\/\/www.facebook.com\/noidiqua.trimestrale\/\" \/>\n<meta property=\"article:published_time\" content=\"2025-09-05T13:53:41+00:00\" \/>\n<meta property=\"article:modified_time\" content=\"2025-12-22T15:47:28+00:00\" \/>\n<meta property=\"og:image\" content=\"https:\/\/www.noidiqua.it\/Montale\/wp-content\/uploads\/2025\/10\/corso-italiano-per-stranieri.png\" \/>\n\t<meta property=\"og:image:width\" content=\"501\" \/>\n\t<meta property=\"og:image:height\" content=\"361\" \/>\n\t<meta property=\"og:image:type\" content=\"image\/png\" \/>\n<meta name=\"author\" content=\"Giacomo Bini\" \/>\n<meta name=\"twitter:label1\" content=\"Scritto da\" \/>\n\t<meta name=\"twitter:data1\" content=\"Giacomo Bini\" \/>\n\t<meta name=\"twitter:label2\" content=\"Tempo di lettura stimato\" \/>\n\t<meta name=\"twitter:data2\" content=\"3 minuti\" \/>\n<script type=\"application\/ld+json\" class=\"yoast-schema-graph\">{\"@context\":\"https:\/\/schema.org\",\"@graph\":[{\"@type\":\"WebPage\",\"@id\":\"https:\/\/www.noidiqua.it\/Montale\/corso-di-lingua-italiana-per-stranieri-promosso-da-auser-montale\/\",\"url\":\"https:\/\/www.noidiqua.it\/Montale\/corso-di-lingua-italiana-per-stranieri-promosso-da-auser-montale\/\",\"name\":\"Corso di lingua italiana per stranieri promosso da Auser Montale - Noi di Qua Testata giornalistica e di attualit\u00e0 di Agliana, Montale e Quarrata.\",\"isPartOf\":{\"@id\":\"https:\/\/www.noidiqua.it\/Montale\/#website\"},\"primaryImageOfPage\":{\"@id\":\"https:\/\/www.noidiqua.it\/Montale\/corso-di-lingua-italiana-per-stranieri-promosso-da-auser-montale\/#primaryimage\"},\"image\":{\"@id\":\"https:\/\/www.noidiqua.it\/Montale\/corso-di-lingua-italiana-per-stranieri-promosso-da-auser-montale\/#primaryimage\"},\"thumbnailUrl\":\"https:\/\/www.noidiqua.it\/Montale\/wp-content\/uploads\/2025\/10\/corso-italiano-per-stranieri.png\",\"datePublished\":\"2025-09-05T13:53:41+00:00\",\"dateModified\":\"2025-12-22T15:47:28+00:00\",\"author\":{\"@id\":\"https:\/\/www.noidiqua.it\/Montale\/#\/schema\/person\/e2e6f44da50af0dae9c90ad168e471a4\"},\"breadcrumb\":{\"@id\":\"https:\/\/www.noidiqua.it\/Montale\/corso-di-lingua-italiana-per-stranieri-promosso-da-auser-montale\/#breadcrumb\"},\"inLanguage\":\"it-IT\",\"potentialAction\":[{\"@type\":\"ReadAction\",\"target\":[\"https:\/\/www.noidiqua.it\/Montale\/corso-di-lingua-italiana-per-stranieri-promosso-da-auser-montale\/\"]}]},{\"@type\":\"ImageObject\",\"inLanguage\":\"it-IT\",\"@id\":\"https:\/\/www.noidiqua.it\/Montale\/corso-di-lingua-italiana-per-stranieri-promosso-da-auser-montale\/#primaryimage\",\"url\":\"https:\/\/www.noidiqua.it\/Montale\/wp-content\/uploads\/2025\/10\/corso-italiano-per-stranieri.png\",\"contentUrl\":\"https:\/\/www.noidiqua.it\/Montale\/wp-content\/uploads\/2025\/10\/corso-italiano-per-stranieri.png\",\"width\":501,\"height\":361},{\"@type\":\"BreadcrumbList\",\"@id\":\"https:\/\/www.noidiqua.it\/Montale\/corso-di-lingua-italiana-per-stranieri-promosso-da-auser-montale\/#breadcrumb\",\"itemListElement\":[{\"@type\":\"ListItem\",\"position\":1,\"name\":\"Home\",\"item\":\"https:\/\/www.noidiqua.it\/Montale\/\"},{\"@type\":\"ListItem\",\"position\":2,\"name\":\"Corso di lingua italiana per stranieri promosso da Auser Montale\"}]},{\"@type\":\"WebSite\",\"@id\":\"https:\/\/www.noidiqua.it\/Montale\/#website\",\"url\":\"https:\/\/www.noidiqua.it\/Montale\/\",\"name\":\"Noi di Qua Testata giornalistica e di attualit\u00e0 di Agliana, Montale e Quarrata.\",\"description\":\"Testata Giornalistica Quarrata Montale Agliana\",\"potentialAction\":[{\"@type\":\"SearchAction\",\"target\":{\"@type\":\"EntryPoint\",\"urlTemplate\":\"https:\/\/www.noidiqua.it\/Montale\/?s={search_term_string}\"},\"query-input\":{\"@type\":\"PropertyValueSpecification\",\"valueRequired\":true,\"valueName\":\"search_term_string\"}}],\"inLanguage\":\"it-IT\"},{\"@type\":\"Person\",\"@id\":\"https:\/\/www.noidiqua.it\/Montale\/#\/schema\/person\/e2e6f44da50af0dae9c90ad168e471a4\",\"name\":\"Giacomo Bini\",\"image\":{\"@type\":\"ImageObject\",\"inLanguage\":\"it-IT\",\"@id\":\"https:\/\/www.noidiqua.it\/Montale\/#\/schema\/person\/image\/\",\"url\":\"https:\/\/secure.gravatar.com\/avatar\/e5c18ae41df5ae37397358f2c6046696187d51a120c5d0b8f0c49f7b606f46f4?s=96&d=mm&r=g\",\"contentUrl\":\"https:\/\/secure.gravatar.com\/avatar\/e5c18ae41df5ae37397358f2c6046696187d51a120c5d0b8f0c49f7b606f46f4?s=96&d=mm&r=g\",\"caption\":\"Giacomo Bini\"},\"url\":\"https:\/\/www.noidiqua.it\/Montale\/author\/giacomo-bini\/\"}]}<\/script>\n<!-- \/ Yoast SEO plugin. -->","yoast_head_json":{"title":"Corso di lingua italiana per stranieri promosso da Auser Montale - Noi di Qua Testata giornalistica e di attualit\u00e0 di Agliana, Montale e Quarrata.","robots":{"index":"index","follow":"follow","max-snippet":"max-snippet:-1","max-image-preview":"max-image-preview:large","max-video-preview":"max-video-preview:-1"},"canonical":"https:\/\/www.noidiqua.it\/Montale\/corso-di-lingua-italiana-per-stranieri-promosso-da-auser-montale\/","og_locale":"it_IT","og_type":"article","og_title":"Corso di lingua italiana per stranieri promosso da Auser Montale - Noi di Qua Testata giornalistica e di attualit\u00e0 di Agliana, Montale e Quarrata.","og_description":"di Giacomo Bini settembre 2025 Il corso di lingua italiana per stranieri attivato dall\u2019Auser di Montale per il quarto anno consecutivo rappresenta una delle iniziative pi\u00f9 interessanti e utili presenti nella comunit\u00e0 montalese. Condotto da docenti volontari, quasi totalmente insegnanti in pensione, il corso \u00e8 frequentato da un numero cospicuo di allieve e allievi, [&hellip;]","og_url":"https:\/\/www.noidiqua.it\/Montale\/corso-di-lingua-italiana-per-stranieri-promosso-da-auser-montale\/","og_site_name":"Noi di Qua Testata giornalistica e di attualit\u00e0 di Agliana, Montale e Quarrata.","article_publisher":"https:\/\/www.facebook.com\/noidiqua.trimestrale\/","article_published_time":"2025-09-05T13:53:41+00:00","article_modified_time":"2025-12-22T15:47:28+00:00","og_image":[{"width":501,"height":361,"url":"https:\/\/www.noidiqua.it\/Montale\/wp-content\/uploads\/2025\/10\/corso-italiano-per-stranieri.png","type":"image\/png"}],"author":"Giacomo Bini","twitter_misc":{"Scritto da":"Giacomo Bini","Tempo di lettura stimato":"3 minuti"},"schema":{"@context":"https:\/\/schema.org","@graph":[{"@type":"WebPage","@id":"https:\/\/www.noidiqua.it\/Montale\/corso-di-lingua-italiana-per-stranieri-promosso-da-auser-montale\/","url":"https:\/\/www.noidiqua.it\/Montale\/corso-di-lingua-italiana-per-stranieri-promosso-da-auser-montale\/","name":"Corso di lingua italiana per stranieri promosso da Auser Montale - Noi di Qua Testata giornalistica e di attualit\u00e0 di Agliana, Montale e Quarrata.","isPartOf":{"@id":"https:\/\/www.noidiqua.it\/Montale\/#website"},"primaryImageOfPage":{"@id":"https:\/\/www.noidiqua.it\/Montale\/corso-di-lingua-italiana-per-stranieri-promosso-da-auser-montale\/#primaryimage"},"image":{"@id":"https:\/\/www.noidiqua.it\/Montale\/corso-di-lingua-italiana-per-stranieri-promosso-da-auser-montale\/#primaryimage"},"thumbnailUrl":"https:\/\/www.noidiqua.it\/Montale\/wp-content\/uploads\/2025\/10\/corso-italiano-per-stranieri.png","datePublished":"2025-09-05T13:53:41+00:00","dateModified":"2025-12-22T15:47:28+00:00","author":{"@id":"https:\/\/www.noidiqua.it\/Montale\/#\/schema\/person\/e2e6f44da50af0dae9c90ad168e471a4"},"breadcrumb":{"@id":"https:\/\/www.noidiqua.it\/Montale\/corso-di-lingua-italiana-per-stranieri-promosso-da-auser-montale\/#breadcrumb"},"inLanguage":"it-IT","potentialAction":[{"@type":"ReadAction","target":["https:\/\/www.noidiqua.it\/Montale\/corso-di-lingua-italiana-per-stranieri-promosso-da-auser-montale\/"]}]},{"@type":"ImageObject","inLanguage":"it-IT","@id":"https:\/\/www.noidiqua.it\/Montale\/corso-di-lingua-italiana-per-stranieri-promosso-da-auser-montale\/#primaryimage","url":"https:\/\/www.noidiqua.it\/Montale\/wp-content\/uploads\/2025\/10\/corso-italiano-per-stranieri.png","contentUrl":"https:\/\/www.noidiqua.it\/Montale\/wp-content\/uploads\/2025\/10\/corso-italiano-per-stranieri.png","width":501,"height":361},{"@type":"BreadcrumbList","@id":"https:\/\/www.noidiqua.it\/Montale\/corso-di-lingua-italiana-per-stranieri-promosso-da-auser-montale\/#breadcrumb","itemListElement":[{"@type":"ListItem","position":1,"name":"Home","item":"https:\/\/www.noidiqua.it\/Montale\/"},{"@type":"ListItem","position":2,"name":"Corso di lingua italiana per stranieri promosso da Auser Montale"}]},{"@type":"WebSite","@id":"https:\/\/www.noidiqua.it\/Montale\/#website","url":"https:\/\/www.noidiqua.it\/Montale\/","name":"Noi di Qua Testata giornalistica e di attualit\u00e0 di Agliana, Montale e Quarrata.","description":"Testata Giornalistica Quarrata Montale Agliana","potentialAction":[{"@type":"SearchAction","target":{"@type":"EntryPoint","urlTemplate":"https:\/\/www.noidiqua.it\/Montale\/?s={search_term_string}"},"query-input":{"@type":"PropertyValueSpecification","valueRequired":true,"valueName":"search_term_string"}}],"inLanguage":"it-IT"},{"@type":"Person","@id":"https:\/\/www.noidiqua.it\/Montale\/#\/schema\/person\/e2e6f44da50af0dae9c90ad168e471a4","name":"Giacomo Bini","image":{"@type":"ImageObject","inLanguage":"it-IT","@id":"https:\/\/www.noidiqua.it\/Montale\/#\/schema\/person\/image\/","url":"https:\/\/secure.gravatar.com\/avatar\/e5c18ae41df5ae37397358f2c6046696187d51a120c5d0b8f0c49f7b606f46f4?s=96&d=mm&r=g","contentUrl":"https:\/\/secure.gravatar.com\/avatar\/e5c18ae41df5ae37397358f2c6046696187d51a120c5d0b8f0c49f7b606f46f4?s=96&d=mm&r=g","caption":"Giacomo Bini"},"url":"https:\/\/www.noidiqua.it\/Montale\/author\/giacomo-bini\/"}]}},"_links":{"self":[{"href":"https:\/\/www.noidiqua.it\/Montale\/wp-json\/wp\/v2\/posts\/9182","targetHints":{"allow":["GET"]}}],"collection":[{"href":"https:\/\/www.noidiqua.it\/Montale\/wp-json\/wp\/v2\/posts"}],"about":[{"href":"https:\/\/www.noidiqua.it\/Montale\/wp-json\/wp\/v2\/types\/post"}],"author":[{"embeddable":true,"href":"https:\/\/www.noidiqua.it\/Montale\/wp-json\/wp\/v2\/users\/12"}],"replies":[{"embeddable":true,"href":"https:\/\/www.noidiqua.it\/Montale\/wp-json\/wp\/v2\/comments?post=9182"}],"version-history":[{"count":2,"href":"https:\/\/www.noidiqua.it\/Montale\/wp-json\/wp\/v2\/posts\/9182\/revisions"}],"predecessor-version":[{"id":9185,"href":"https:\/\/www.noidiqua.it\/Montale\/wp-json\/wp\/v2\/posts\/9182\/revisions\/9185"}],"wp:attachment":[{"href":"https:\/\/www.noidiqua.it\/Montale\/wp-json\/wp\/v2\/media?parent=9182"}],"wp:term":[{"taxonomy":"category","embeddable":true,"href":"https:\/\/www.noidiqua.it\/Montale\/wp-json\/wp\/v2\/categories?post=9182"},{"taxonomy":"post_tag","embeddable":true,"href":"https:\/\/www.noidiqua.it\/Montale\/wp-json\/wp\/v2\/tags?post=9182"}],"curies":[{"name":"wp","href":"https:\/\/api.w.org\/{rel}","templated":true}]}}