{"id":9207,"date":"2025-09-05T17:26:31","date_gmt":"2025-09-05T15:26:31","guid":{"rendered":"https:\/\/www.noidiqua.it\/Montale\/?p=9207"},"modified":"2025-10-27T16:43:40","modified_gmt":"2025-10-27T15:43:40","slug":"gli-amici-miei-e-i-tempi-che-cambiano","status":"publish","type":"post","link":"https:\/\/www.noidiqua.it\/Montale\/gli-amici-miei-e-i-tempi-che-cambiano\/","title":{"rendered":"Gli \u201cAmici miei\u201d e i tempi che cambiano"},"content":{"rendered":"<p><em>di Massimo Cappelli<\/em><\/p>\n<p><em>settembre 2025<\/em><\/p>\n<p><a href=\"https:\/\/www.noidiqua.it\/Montale\/wp-content\/uploads\/2025\/10\/concludendo.png\" rel=\"wp-prettyPhoto[9207]\"><img loading=\"lazy\" decoding=\"async\" class=\"aligncenter size-full wp-image-9208\" src=\"https:\/\/www.noidiqua.it\/Montale\/wp-content\/uploads\/2025\/10\/concludendo.png\" alt=\"\" width=\"500\" height=\"292\" srcset=\"https:\/\/www.noidiqua.it\/Montale\/wp-content\/uploads\/2025\/10\/concludendo.png 500w, https:\/\/www.noidiqua.it\/Montale\/wp-content\/uploads\/2025\/10\/concludendo-300x175.png 300w\" sizes=\"auto, (max-width: 500px) 100vw, 500px\" \/><\/a><\/p>\n<p style=\"text-align: justify;\"><span class=\"s1\">Il 15 agosto scorso il film\u00a0<strong><i>Amici Miei<\/i><\/strong>\u00a0ha compiuto cinquant\u2019anni. Farlo uscire a Ferragosto anzich\u00e9 a Natale forse la dice lunga sull\u2019altezza delle aspettative. Al contrario, questa pellicola scritta da Pietro Germi, scomparso l\u2019anno prima e quindi diretta da\u00a0<strong>Mario Monicelli<\/strong>\u00a0in una Toscana della seconda met\u00e0 del secolo scorso, ebbe un enorme successo, e oggi \u00e8 diventata un\u2019icona del cinema italiano.<\/span><\/p>\n<p class=\"p1\" style=\"text-align: justify;\"><span class=\"s1\">Per chi non lo avesse visto, credo soprattutto i giovani, la storia narra degli scherzi e delle\u00a0<strong>zingarate<\/strong>\u00a0(come le chiamano loro) di quattro scanzonati amici, adulti, mai cresciuti, che in seguito diventeranno cinque: il Perozzi, giornalista de La Nazione interpretato dall\u2019attore francese Philipe Noiret, il Necchi, barista del loro \u201cquartier generale\u201d, Duilio del Prete nel primo film e Renzo Montagnani dal secondo, il conte Mascetti, nobile decaduto e squattrinato, che ha il volto e la maestria di\u00a0<strong>Ugo Tognazzi<\/strong>, e il Melandri, architetto del Comune, interpretato da Gastone Moschin. Alla compagnia si aggiunger\u00e0 gi\u00e0 nel primo film (in totale sono tre), il professor Sassaroli, un cinico e gaudente\u00a0<strong>Adolfo Celi<\/strong>, primario dell\u2019ospedale di Pescia, prima adocchiato dai quattro come vittima, ma poi, in realt\u00e0, diventato carnefice nei loro confronti.<\/span><\/p>\n<p class=\"p1\" style=\"text-align: justify;\"><span class=\"s1\">Attraverso\u00a0<i>Amici Miei<\/i>\u00a0vorrei mettere a confronto due generazioni e due rispettive epoche: quella dei boomer e quella della generazione Z (passando dalla generazione X) per comprendere di come sia diversa la percezione del mondo dei nostri figli rispetto a noi di quando avevamo la loro et\u00e0. L\u2019idea me l\u2019ha data Il professor\u00a0<strong><i>Andrea Minuz<\/i><\/strong>, che insegna storia del cinema alla<i>\u00a0Sapienza di Roma<\/i>, da quando ho letto che ha voluto fare un esperimento mostrando in classe il film ai suoi studenti. Finita la proiezione ci fu il dibattito, e la maggior parte dei ragazzi defin\u00ec triste, malinconico,\u00a0<strong>violento<\/strong>\u00a0e\u00a0<strong>crudele<\/strong>, questo film che da sempre \u00e8 stato considerato un<strong><i>\u00a0cult<\/i><\/strong>\u00a0del cinema comico.<\/span><\/p>\n<p><a href=\"https:\/\/www.noidiqua.it\/Montale\/wp-content\/uploads\/2025\/10\/amici-miei.png\" rel=\"wp-prettyPhoto[9207]\"><img loading=\"lazy\" decoding=\"async\" class=\"aligncenter size-full wp-image-9209\" src=\"https:\/\/www.noidiqua.it\/Montale\/wp-content\/uploads\/2025\/10\/amici-miei.png\" alt=\"\" width=\"269\" height=\"384\" srcset=\"https:\/\/www.noidiqua.it\/Montale\/wp-content\/uploads\/2025\/10\/amici-miei.png 269w, https:\/\/www.noidiqua.it\/Montale\/wp-content\/uploads\/2025\/10\/amici-miei-210x300.png 210w\" sizes=\"auto, (max-width: 269px) 100vw, 269px\" \/><\/a><\/p>\n<p class=\"p1\" style=\"text-align: justify;\"><span class=\"s1\">Come dar loro torto? Gli aggettivi con i quali i ragazzi hanno definito il lavoro di Monicelli sono centrati, il fatto \u00e8 che quei comportamenti non fanno pi\u00f9 ridere! Come pu\u00f2 far ridere oggi uno stupro ai danni di una ragazza adolescente piuttosto goffa e in sovrappeso, consumato da tergo \u2013 come racconta lei \u2013 mentre la poveretta sparecchiava nel refettorio di una mensa? Perlopi\u00f9, se la ragazzina si ritrova\u00a0<strong>incinta<\/strong>. Come sganasciarsi dalle\u00a0<strong>risate<\/strong>\u00a0nel veder deridere un povero diavolo che dopo essere stato fermato da un vigile urbano si rende conto di avere in tasca il portafoglio e la patente dell\u2019amante di sua moglie, che lei stessa per errore gli ha gettato dalla finestra, mentre era in camera da letto proprio con il\u00a0<strong>ganzo<\/strong>? O se dei passeggeri, su un treno in partenza dalla stazione di Firenze vengono presi a schiaffi da cinque uomini di mezza et\u00e0. Tutto questo, oggi, pu\u00f2 fare ridere?<\/span><\/p>\n<p class=\"p1\" style=\"text-align: justify;\"><span class=\"s1\">Mezzo secolo fa ridevamo di situazioni che oggi ci rendono indifferenti o addirittura tristi, anche perch\u00e9, forse, prendevamo meno sul serio certi aspetti che affliggono una parte, sia pur minima, della societ\u00e0. Allora non avevamo ancora sviluppato quella sorta di\u00a0<strong>sensibilit\u00e0 collettiva<\/strong>\u00a0che oggi impone il rispetto verso le minoranze, le diversit\u00e0 venivano spesso ignorate e veniva minimizzato e schernito tutto ci\u00f2 che non era omologato alle norme sociali. Non erano ancora stati messi al bando certi termini oggi ritenuti molto offensivi, solo per citarne alcuni:\u00a0<i>negro<\/i>,\u00a0<i>handicappato<\/i>,\u00a0<i>frocio<\/i>. Il\u00a0<strong><i>politicamente corretto<\/i><\/strong>\u00a0dalle nostre parti \u00e8 arrivato molto pi\u00f9 tardi rispetto agli anglosassoni, e ci ha fatto imparare ad avere pi\u00f9 attenzione verso gli altri, e a mantenere un linguaggio ed un comportamento rispettoso nei confronti delle categorie in minoranza, per etnia, per religione, per orientamento sessuale, o altro.\u00a0<b>Anche se, vi assicuro, che in moltissimi devono ancora allinearsi<\/b>, questa \u00e8 la conferma che, se vogliamo un mondo migliore, anche ogni generazione deve essere migliore della precedente. Ed \u00e8 veramente cos\u00ec:<\/span><\/p>\n<p class=\"p3\" style=\"text-align: justify;\"><span class=\"s2\"><b>i nostri figli, sono meglio di noi!<\/b><\/span><\/p>\n<p class=\"p1\" style=\"text-align: justify;\"><span class=\"s1\">Negli ultimi cinquant\u2019anni il mondo \u00e8 cambiato ad un ritmo vertiginoso e la nostra generazione il cambiamento lo ha vissuto in pieno. Non mi riferisco solo alle conquiste sociali post-sessantotto, ma agli anni Settanta e gli Ottanta, quando c\u2019era voglia di dimenticare\u00a0<i>gli anni di piombo<\/i>, c\u2019era voglia di ridere, di\u00a0<i>cazzeggiare<\/i>. Nacquero i Paninari, erano un\u00a0<i>esercito\u00a0<\/i>di giovani tutti vestiti uguali, in\u00a0<i>divisa<\/i>: con Timberland e Moncler che si ritrovavano nei pub. E gli\u00a0<i>Yuppies<\/i>, giovani imprenditori rampanti con cravatta e colletto bianco che si affacciavano al mondo della Finanza e dell\u2019imprenditoria. Edonismo e libertinaggio si potevano notare in tutte le spiagge d\u2019Italia dove pi\u00f9 dell\u2019ottanta percento di ragazze e signore si mostrava in topless. Insomma, sembrava di essere proprio nel\u00a0<i>Paese del Bengodi<\/i>, ognuno, a modo suo, si godeva veramente la vita.<\/span><\/p>\n<p class=\"p1\" style=\"text-align: justify;\"><span class=\"s1\">Raf cantava\u00a0<i>\u201cCosa Rester\u00e0\u2026\u201d<\/i>, e in realt\u00e0 cosa \u00e8 rimasto di quel periodo meraviglioso? Ricordi, solo ricordi, alimentati da programmi radio televisivi, che per fare audience ripropongono canzoni e spezzoni della televisione di quegli anni.<\/span><\/p>\n<p class=\"p1\" style=\"text-align: justify;\"><span class=\"s1\">Tornando ad\u00a0<i>Amici Miei<\/i>\u00a0il successo del film \u00e8 sostanzialmente dovuto a noi: alla generazione di mezzo\u00a0<i>postbellica<\/i>\u00a0e al diverso contesto storico-culturale del tempo, che allora, non ci ha reso del tutto maturi per capire quello che i nostri figli oggi ci insegnano. \u00c8 stato facile per lo spettatore di allora identificarsi nei cinque bighelloni, mai cresciuti, che prendono in giro il mondo intero, questo, oggi, porta fuori dall\u2019etica dei comportamenti. A quel tempo no!<\/span><\/p>\n<p class=\"p1\" style=\"text-align: justify;\"><span class=\"s1\">Allora: tarapia tapioco! Prematurata la supercazzola o scherziamo? Come se fosse Antani\u2026\u00a0<\/span><\/p>","protected":false},"excerpt":{"rendered":"<p>di Massimo Cappelli settembre 2025 Il 15 agosto scorso il film\u00a0Amici Miei\u00a0ha compiuto cinquant\u2019anni. Farlo uscire a Ferragosto anzich\u00e9 a Natale forse la dice lunga sull\u2019altezza delle aspettative. Al contrario, questa pellicola scritta da Pietro Germi, scomparso l\u2019anno prima e quindi diretta da\u00a0Mario Monicelli\u00a0in una Toscana della seconda met\u00e0 del secolo scorso, ebbe un [&hellip;]<\/p>","protected":false},"author":7,"featured_media":0,"comment_status":"open","ping_status":"open","sticky":false,"template":"","format":"standard","meta":{"footnotes":""},"categories":[24,7],"tags":[4861,473,4862,4871,4864,4865,4868,4866,477,4870,4867,4869,4860,4863,4859],"class_list":["post-9207","post","type-post","status-publish","format-standard","hentry","category-concludendo-qt","category-mt","tag-adolfo-celi","tag-amici-miei","tag-andrea-minuz","tag-cosa-restera","tag-crudele","tag-cult","tag-ganzo","tag-incinta","tag-mario-monicelli","tag-politicamente-corretto","tag-risate","tag-sensibilita-collettiva","tag-ugo-tognazzi","tag-violento","tag-zingarate"],"yoast_head":"<!-- This site is optimized with the Yoast SEO plugin v25.5 - https:\/\/yoast.com\/wordpress\/plugins\/seo\/ -->\n<title>Gli \u201cAmici miei\u201d e i tempi che cambiano - Noi di Qua Testata giornalistica e di attualit\u00e0 di Agliana, Montale e Quarrata.<\/title>\n<meta name=\"robots\" content=\"index, follow, max-snippet:-1, max-image-preview:large, max-video-preview:-1\" \/>\n<link rel=\"canonical\" href=\"https:\/\/www.noidiqua.it\/Montale\/gli-amici-miei-e-i-tempi-che-cambiano\/\" \/>\n<meta property=\"og:locale\" content=\"it_IT\" \/>\n<meta property=\"og:type\" content=\"article\" \/>\n<meta property=\"og:title\" content=\"Gli \u201cAmici miei\u201d e i tempi che cambiano - Noi di Qua Testata giornalistica e di attualit\u00e0 di Agliana, Montale e Quarrata.\" \/>\n<meta property=\"og:description\" content=\"di Massimo Cappelli settembre 2025 Il 15 agosto scorso il film\u00a0Amici Miei\u00a0ha compiuto cinquant\u2019anni. Farlo uscire a Ferragosto anzich\u00e9 a Natale forse la dice lunga sull\u2019altezza delle aspettative. Al contrario, questa pellicola scritta da Pietro Germi, scomparso l\u2019anno prima e quindi diretta da\u00a0Mario Monicelli\u00a0in una Toscana della seconda met\u00e0 del secolo scorso, ebbe un [&hellip;]\" \/>\n<meta property=\"og:url\" content=\"https:\/\/www.noidiqua.it\/Montale\/gli-amici-miei-e-i-tempi-che-cambiano\/\" \/>\n<meta property=\"og:site_name\" content=\"Noi di Qua Testata giornalistica e di attualit\u00e0 di Agliana, Montale e Quarrata.\" \/>\n<meta property=\"article:publisher\" content=\"https:\/\/www.facebook.com\/noidiqua.trimestrale\/\" \/>\n<meta property=\"article:published_time\" content=\"2025-09-05T15:26:31+00:00\" \/>\n<meta property=\"article:modified_time\" content=\"2025-10-27T15:43:40+00:00\" \/>\n<meta property=\"og:image\" content=\"https:\/\/www.noidiqua.it\/Montale\/wp-content\/uploads\/2025\/10\/concludendo.png\" \/>\n\t<meta property=\"og:image:width\" content=\"500\" \/>\n\t<meta property=\"og:image:height\" content=\"292\" \/>\n\t<meta property=\"og:image:type\" content=\"image\/png\" \/>\n<meta name=\"author\" content=\"Massimo Cappelli\" \/>\n<meta name=\"twitter:label1\" content=\"Scritto da\" \/>\n\t<meta name=\"twitter:data1\" content=\"Massimo Cappelli\" \/>\n\t<meta name=\"twitter:label2\" content=\"Tempo di lettura stimato\" \/>\n\t<meta name=\"twitter:data2\" content=\"6 minuti\" \/>\n<script type=\"application\/ld+json\" class=\"yoast-schema-graph\">{\"@context\":\"https:\/\/schema.org\",\"@graph\":[{\"@type\":\"WebPage\",\"@id\":\"https:\/\/www.noidiqua.it\/Montale\/gli-amici-miei-e-i-tempi-che-cambiano\/\",\"url\":\"https:\/\/www.noidiqua.it\/Montale\/gli-amici-miei-e-i-tempi-che-cambiano\/\",\"name\":\"Gli \u201cAmici miei\u201d e i tempi che cambiano - Noi di Qua Testata giornalistica e di attualit\u00e0 di Agliana, Montale e Quarrata.\",\"isPartOf\":{\"@id\":\"https:\/\/www.noidiqua.it\/Montale\/#website\"},\"primaryImageOfPage\":{\"@id\":\"https:\/\/www.noidiqua.it\/Montale\/gli-amici-miei-e-i-tempi-che-cambiano\/#primaryimage\"},\"image\":{\"@id\":\"https:\/\/www.noidiqua.it\/Montale\/gli-amici-miei-e-i-tempi-che-cambiano\/#primaryimage\"},\"thumbnailUrl\":\"https:\/\/www.noidiqua.it\/Montale\/wp-content\/uploads\/2025\/10\/concludendo.png\",\"datePublished\":\"2025-09-05T15:26:31+00:00\",\"dateModified\":\"2025-10-27T15:43:40+00:00\",\"author\":{\"@id\":\"https:\/\/www.noidiqua.it\/Montale\/#\/schema\/person\/858b1b9db61101126e5ded39f94daedb\"},\"breadcrumb\":{\"@id\":\"https:\/\/www.noidiqua.it\/Montale\/gli-amici-miei-e-i-tempi-che-cambiano\/#breadcrumb\"},\"inLanguage\":\"it-IT\",\"potentialAction\":[{\"@type\":\"ReadAction\",\"target\":[\"https:\/\/www.noidiqua.it\/Montale\/gli-amici-miei-e-i-tempi-che-cambiano\/\"]}]},{\"@type\":\"ImageObject\",\"inLanguage\":\"it-IT\",\"@id\":\"https:\/\/www.noidiqua.it\/Montale\/gli-amici-miei-e-i-tempi-che-cambiano\/#primaryimage\",\"url\":\"https:\/\/www.noidiqua.it\/Montale\/wp-content\/uploads\/2025\/10\/concludendo.png\",\"contentUrl\":\"https:\/\/www.noidiqua.it\/Montale\/wp-content\/uploads\/2025\/10\/concludendo.png\",\"width\":500,\"height\":292},{\"@type\":\"BreadcrumbList\",\"@id\":\"https:\/\/www.noidiqua.it\/Montale\/gli-amici-miei-e-i-tempi-che-cambiano\/#breadcrumb\",\"itemListElement\":[{\"@type\":\"ListItem\",\"position\":1,\"name\":\"Home\",\"item\":\"https:\/\/www.noidiqua.it\/Montale\/\"},{\"@type\":\"ListItem\",\"position\":2,\"name\":\"Gli \u201cAmici miei\u201d e i tempi che cambiano\"}]},{\"@type\":\"WebSite\",\"@id\":\"https:\/\/www.noidiqua.it\/Montale\/#website\",\"url\":\"https:\/\/www.noidiqua.it\/Montale\/\",\"name\":\"Noi di Qua Testata giornalistica e di attualit\u00e0 di Agliana, Montale e Quarrata.\",\"description\":\"Testata Giornalistica Quarrata Montale Agliana\",\"potentialAction\":[{\"@type\":\"SearchAction\",\"target\":{\"@type\":\"EntryPoint\",\"urlTemplate\":\"https:\/\/www.noidiqua.it\/Montale\/?s={search_term_string}\"},\"query-input\":{\"@type\":\"PropertyValueSpecification\",\"valueRequired\":true,\"valueName\":\"search_term_string\"}}],\"inLanguage\":\"it-IT\"},{\"@type\":\"Person\",\"@id\":\"https:\/\/www.noidiqua.it\/Montale\/#\/schema\/person\/858b1b9db61101126e5ded39f94daedb\",\"name\":\"Massimo Cappelli\",\"image\":{\"@type\":\"ImageObject\",\"inLanguage\":\"it-IT\",\"@id\":\"https:\/\/www.noidiqua.it\/Montale\/#\/schema\/person\/image\/\",\"url\":\"https:\/\/secure.gravatar.com\/avatar\/0e7261535228aa9bb0417ab8f42f3fadaf8ce23bdfde46c689c43410a676cfa9?s=96&d=mm&r=g\",\"contentUrl\":\"https:\/\/secure.gravatar.com\/avatar\/0e7261535228aa9bb0417ab8f42f3fadaf8ce23bdfde46c689c43410a676cfa9?s=96&d=mm&r=g\",\"caption\":\"Massimo Cappelli\"},\"url\":\"https:\/\/www.noidiqua.it\/Montale\/author\/massimo-cappelli\/\"}]}<\/script>\n<!-- \/ Yoast SEO plugin. -->","yoast_head_json":{"title":"Gli \u201cAmici miei\u201d e i tempi che cambiano - Noi di Qua Testata giornalistica e di attualit\u00e0 di Agliana, Montale e Quarrata.","robots":{"index":"index","follow":"follow","max-snippet":"max-snippet:-1","max-image-preview":"max-image-preview:large","max-video-preview":"max-video-preview:-1"},"canonical":"https:\/\/www.noidiqua.it\/Montale\/gli-amici-miei-e-i-tempi-che-cambiano\/","og_locale":"it_IT","og_type":"article","og_title":"Gli \u201cAmici miei\u201d e i tempi che cambiano - Noi di Qua Testata giornalistica e di attualit\u00e0 di Agliana, Montale e Quarrata.","og_description":"di Massimo Cappelli settembre 2025 Il 15 agosto scorso il film\u00a0Amici Miei\u00a0ha compiuto cinquant\u2019anni. Farlo uscire a Ferragosto anzich\u00e9 a Natale forse la dice lunga sull\u2019altezza delle aspettative. Al contrario, questa pellicola scritta da Pietro Germi, scomparso l\u2019anno prima e quindi diretta da\u00a0Mario Monicelli\u00a0in una Toscana della seconda met\u00e0 del secolo scorso, ebbe un [&hellip;]","og_url":"https:\/\/www.noidiqua.it\/Montale\/gli-amici-miei-e-i-tempi-che-cambiano\/","og_site_name":"Noi di Qua Testata giornalistica e di attualit\u00e0 di Agliana, Montale e Quarrata.","article_publisher":"https:\/\/www.facebook.com\/noidiqua.trimestrale\/","article_published_time":"2025-09-05T15:26:31+00:00","article_modified_time":"2025-10-27T15:43:40+00:00","og_image":[{"width":500,"height":292,"url":"https:\/\/www.noidiqua.it\/Montale\/wp-content\/uploads\/2025\/10\/concludendo.png","type":"image\/png"}],"author":"Massimo Cappelli","twitter_misc":{"Scritto da":"Massimo Cappelli","Tempo di lettura stimato":"6 minuti"},"schema":{"@context":"https:\/\/schema.org","@graph":[{"@type":"WebPage","@id":"https:\/\/www.noidiqua.it\/Montale\/gli-amici-miei-e-i-tempi-che-cambiano\/","url":"https:\/\/www.noidiqua.it\/Montale\/gli-amici-miei-e-i-tempi-che-cambiano\/","name":"Gli \u201cAmici miei\u201d e i tempi che cambiano - Noi di Qua Testata giornalistica e di attualit\u00e0 di Agliana, Montale e Quarrata.","isPartOf":{"@id":"https:\/\/www.noidiqua.it\/Montale\/#website"},"primaryImageOfPage":{"@id":"https:\/\/www.noidiqua.it\/Montale\/gli-amici-miei-e-i-tempi-che-cambiano\/#primaryimage"},"image":{"@id":"https:\/\/www.noidiqua.it\/Montale\/gli-amici-miei-e-i-tempi-che-cambiano\/#primaryimage"},"thumbnailUrl":"https:\/\/www.noidiqua.it\/Montale\/wp-content\/uploads\/2025\/10\/concludendo.png","datePublished":"2025-09-05T15:26:31+00:00","dateModified":"2025-10-27T15:43:40+00:00","author":{"@id":"https:\/\/www.noidiqua.it\/Montale\/#\/schema\/person\/858b1b9db61101126e5ded39f94daedb"},"breadcrumb":{"@id":"https:\/\/www.noidiqua.it\/Montale\/gli-amici-miei-e-i-tempi-che-cambiano\/#breadcrumb"},"inLanguage":"it-IT","potentialAction":[{"@type":"ReadAction","target":["https:\/\/www.noidiqua.it\/Montale\/gli-amici-miei-e-i-tempi-che-cambiano\/"]}]},{"@type":"ImageObject","inLanguage":"it-IT","@id":"https:\/\/www.noidiqua.it\/Montale\/gli-amici-miei-e-i-tempi-che-cambiano\/#primaryimage","url":"https:\/\/www.noidiqua.it\/Montale\/wp-content\/uploads\/2025\/10\/concludendo.png","contentUrl":"https:\/\/www.noidiqua.it\/Montale\/wp-content\/uploads\/2025\/10\/concludendo.png","width":500,"height":292},{"@type":"BreadcrumbList","@id":"https:\/\/www.noidiqua.it\/Montale\/gli-amici-miei-e-i-tempi-che-cambiano\/#breadcrumb","itemListElement":[{"@type":"ListItem","position":1,"name":"Home","item":"https:\/\/www.noidiqua.it\/Montale\/"},{"@type":"ListItem","position":2,"name":"Gli \u201cAmici miei\u201d e i tempi che cambiano"}]},{"@type":"WebSite","@id":"https:\/\/www.noidiqua.it\/Montale\/#website","url":"https:\/\/www.noidiqua.it\/Montale\/","name":"Noi di Qua Testata giornalistica e di attualit\u00e0 di Agliana, Montale e Quarrata.","description":"Testata Giornalistica Quarrata Montale Agliana","potentialAction":[{"@type":"SearchAction","target":{"@type":"EntryPoint","urlTemplate":"https:\/\/www.noidiqua.it\/Montale\/?s={search_term_string}"},"query-input":{"@type":"PropertyValueSpecification","valueRequired":true,"valueName":"search_term_string"}}],"inLanguage":"it-IT"},{"@type":"Person","@id":"https:\/\/www.noidiqua.it\/Montale\/#\/schema\/person\/858b1b9db61101126e5ded39f94daedb","name":"Massimo Cappelli","image":{"@type":"ImageObject","inLanguage":"it-IT","@id":"https:\/\/www.noidiqua.it\/Montale\/#\/schema\/person\/image\/","url":"https:\/\/secure.gravatar.com\/avatar\/0e7261535228aa9bb0417ab8f42f3fadaf8ce23bdfde46c689c43410a676cfa9?s=96&d=mm&r=g","contentUrl":"https:\/\/secure.gravatar.com\/avatar\/0e7261535228aa9bb0417ab8f42f3fadaf8ce23bdfde46c689c43410a676cfa9?s=96&d=mm&r=g","caption":"Massimo Cappelli"},"url":"https:\/\/www.noidiqua.it\/Montale\/author\/massimo-cappelli\/"}]}},"_links":{"self":[{"href":"https:\/\/www.noidiqua.it\/Montale\/wp-json\/wp\/v2\/posts\/9207","targetHints":{"allow":["GET"]}}],"collection":[{"href":"https:\/\/www.noidiqua.it\/Montale\/wp-json\/wp\/v2\/posts"}],"about":[{"href":"https:\/\/www.noidiqua.it\/Montale\/wp-json\/wp\/v2\/types\/post"}],"author":[{"embeddable":true,"href":"https:\/\/www.noidiqua.it\/Montale\/wp-json\/wp\/v2\/users\/7"}],"replies":[{"embeddable":true,"href":"https:\/\/www.noidiqua.it\/Montale\/wp-json\/wp\/v2\/comments?post=9207"}],"version-history":[{"count":2,"href":"https:\/\/www.noidiqua.it\/Montale\/wp-json\/wp\/v2\/posts\/9207\/revisions"}],"predecessor-version":[{"id":9215,"href":"https:\/\/www.noidiqua.it\/Montale\/wp-json\/wp\/v2\/posts\/9207\/revisions\/9215"}],"wp:attachment":[{"href":"https:\/\/www.noidiqua.it\/Montale\/wp-json\/wp\/v2\/media?parent=9207"}],"wp:term":[{"taxonomy":"category","embeddable":true,"href":"https:\/\/www.noidiqua.it\/Montale\/wp-json\/wp\/v2\/categories?post=9207"},{"taxonomy":"post_tag","embeddable":true,"href":"https:\/\/www.noidiqua.it\/Montale\/wp-json\/wp\/v2\/tags?post=9207"}],"curies":[{"name":"wp","href":"https:\/\/api.w.org\/{rel}","templated":true}]}}