{"id":9230,"date":"2025-12-10T17:34:11","date_gmt":"2025-12-10T16:34:11","guid":{"rendered":"https:\/\/www.noidiqua.it\/Montale\/?p=9230"},"modified":"2026-04-20T15:09:22","modified_gmt":"2026-04-20T13:09:22","slug":"emanuele-giaconi-per-tutti-papia","status":"publish","type":"post","link":"https:\/\/www.noidiqua.it\/Montale\/emanuele-giaconi-per-tutti-papia\/","title":{"rendered":"Emanuele Giaconi &#8211; per tutti \u201cPap\u00eca\u201d"},"content":{"rendered":"<p><em>di Giacomo Bini. Foto: Daniele Paolieri<\/em><\/p>\n<p><em>dicembre 2025<\/em><\/p>\n<p><a href=\"https:\/\/www.noidiqua.it\/Montale\/wp-content\/uploads\/2025\/12\/Giaconi-Emanuele-1.png\" rel=\"wp-prettyPhoto[9230]\"><img loading=\"lazy\" decoding=\"async\" class=\"aligncenter size-full wp-image-9231\" src=\"https:\/\/www.noidiqua.it\/Montale\/wp-content\/uploads\/2025\/12\/Giaconi-Emanuele-1.png\" alt=\"\" width=\"501\" height=\"389\" srcset=\"https:\/\/www.noidiqua.it\/Montale\/wp-content\/uploads\/2025\/12\/Giaconi-Emanuele-1.png 501w, https:\/\/www.noidiqua.it\/Montale\/wp-content\/uploads\/2025\/12\/Giaconi-Emanuele-1-300x233.png 300w\" sizes=\"auto, (max-width: 501px) 100vw, 501px\" \/><\/a><\/p>\n<p class=\"p1\" style=\"text-align: justify;\"><span class=\"s1\">Questo non \u00e8 un <strong>ricordo<\/strong>, ma la constatazione di una presenza viva nella comunit\u00e0 montalese, quella di <strong>Emanuele Giaconi<\/strong>, a tutti noto come \u201c<strong>Pap\u00eca<\/strong>\u201d, deceduto all\u2019improvviso il 19 novembre del 2022 all\u2019et\u00e0 di 61 anni, eppure ancora oggi \u201csempre con noi\u201d nelle conversazioni, negli incontri tra paesani, al bar, in piazza, negli eventi e nelle occasioni che lo avrebbero senz\u2019altro visto protagonista. Il suo rione, quello della <strong>Smilea<\/strong>, ha vinto l\u2019ultima edizione del torneo paesano e subito la vittoria \u00e8 a lui dedicata e nella festa celebrativa sono state esibite sue foto e scritto il suo nome negli striscioni. Se alla <strong>Festa d\u2019Autunno<\/strong> i volontari del Comitato fanno una sosta di un attimo mentre cuociono le zonzelle o i migliacci i loro sguardi vanno a cercare lui, Pap\u00eca, magari nell\u2019angolo del vin brul\u00e9. Ogni volta che nelle partite del torneo dei rioni viene segnato un gol tutti si aspettano, come \u00e8 avvenuto per anni, che dagli altoparlanti risuoni la sua voce di <strong>speaker<\/strong> a sottolineare la rete con qualche battuta, di quelle lievi e rapidissime, in cui era maestro. <\/span><span class=\"s1\">Se ci si ferma al bar o in piazza per esercitare l\u2019arte meravigliosa del <strong>discorso futile<\/strong> e <strong>creativo<\/strong>, quello che rende sopportabile e perfino bella la vita, allora il pensiero corre a Pap\u00eca che di quei momenti era il re, perch\u00e9 nessuno come lui sapeva inventare la<strong> battuta perfetta<\/strong>, pungente e penetrante, quella che ognuno avrebbe voluto saper fare e che solo lui trovava, immediatamente, con stupefacente tempismo. Anche per questo tutti gli volevano bene e non rinunciavano mai alla sua compagnia. Non c\u2019\u00e8 infatti nulla di pi\u00f9 prezioso di un <strong>amico<\/strong> che anche nelle giornate pi\u00f9 buie ti garantisce la promessa di un sorriso.\u00a0<\/span><\/p>\n<p class=\"p1\" style=\"text-align: justify;\"><span class=\"s1\">Emanuele non ha ricoperto ruoli istituzionali o cariche direttive rilevanti, tranne che nel suo rione, ma era parte costitutiva del <strong>paesaggio umano<\/strong> e <strong>relazionale del paese<\/strong>, perch\u00e9 intorno a lui pullulava allegria ed amicizia e non quella finta dei social, ma quella vera, che richiede la corporeit\u00e0 degli sguardi e dei gesti. <i>\u201cEterno ragazzo, sarai sempre nei nostri cuori\u201d<\/i> disse un suo amico del Comitato durante il suo funerale in una chiesa parrocchiale affollata all\u2019inverosimile. <\/span><\/p>\n<p class=\"p1\" style=\"text-align: justify;\"><span class=\"s1\">E ora, dopo tre anni, quella facile profezia, si dimostra veritiera, tanto che alla nostra rivista, che abitualmente non ospita anniversari di persone decedute, sono giunte moltissime sollecitazioni dai lettori perch\u00e9 dedicassimo uno spazio a Pap\u00eca. Lo facciamo volentieri perch\u00e9 nessuno meglio di lui rappresentava quel \u201c<strong>Noi di qua<\/strong>\u201d che portiamo nel titolo. Abbiamo chiesto un pensiero ai suoi amici pi\u00f9 vicini, <strong>Riccardo Nesi<\/strong>, <strong>Palo Vannucci<\/strong> e <strong>Riccardo Micheletti<\/strong> che ci hanno inviato queste righe: <i>\u201cNoi possiamo dire che mentre tutti lo conoscevano come persona brillante e simpaticissima in tutte le sue frequentazioni, sia sportive che sociali, per noi e le nostre famiglie \u00e8 stato qualcosa che \u00e8 andato oltre. Siamo cresciuti insieme dall\u2019asilo fino a quel triste 19 novembre di tre anni fa. Ci consola il fatto che ancora oggi quando ci ritroviamo, parliamo sempre come se fosse ancora con noi. Il tuo ricordo \u00e8 sempre viv<\/i>o <i>e ad ogni occasione ridiamo su cosa avresti detto o fatto. Sempre con noi\u201d. <\/i><\/span><\/p>","protected":false},"excerpt":{"rendered":"<p>di Giacomo Bini. Foto: Daniele Paolieri dicembre 2025 Questo non \u00e8 un ricordo, ma la constatazione di una presenza viva nella comunit\u00e0 montalese, quella di Emanuele Giaconi, a tutti noto come \u201cPap\u00eca\u201d, deceduto all\u2019improvviso il 19 novembre del 2022 all\u2019et\u00e0 di 61 anni, eppure ancora oggi \u201csempre con noi\u201d nelle conversazioni, negli incontri tra [&hellip;]<\/p>","protected":false},"author":12,"featured_media":0,"comment_status":"open","ping_status":"open","sticky":false,"template":"","format":"standard","meta":{"footnotes":""},"categories":[7,13,170],"tags":[3494,4877,4876,4875,4873,2087,3221,4878,4881,4872,4879,4882,4880,3577,147,4874],"class_list":["post-9230","post","type-post","status-publish","format-standard","hentry","category-mt","category-personaggi-qt","category-persone-e-personaggi","tag-amico","tag-battuta-perfetta","tag-creativo","tag-discorso-futile","tag-emanuele-giaconi","tag-festa-dautunno","tag-noi-di-qua","tag-paesaggio-umano","tag-palo-vannucci","tag-papia","tag-relazionale-del-paese","tag-riccardo-micheletti","tag-riccardo-nesi","tag-ricordo","tag-smilea","tag-speaker"],"yoast_head":"<!-- This site is optimized with the Yoast SEO plugin v25.5 - https:\/\/yoast.com\/wordpress\/plugins\/seo\/ -->\n<title>Emanuele Giaconi - per tutti \u201cPap\u00eca\u201d - Noi di Qua Testata giornalistica e di attualit\u00e0 di Agliana, Montale e Quarrata.<\/title>\n<meta name=\"robots\" content=\"index, follow, max-snippet:-1, max-image-preview:large, max-video-preview:-1\" \/>\n<link rel=\"canonical\" href=\"https:\/\/www.noidiqua.it\/Montale\/emanuele-giaconi-per-tutti-papia\/\" \/>\n<meta property=\"og:locale\" content=\"it_IT\" \/>\n<meta property=\"og:type\" content=\"article\" \/>\n<meta property=\"og:title\" content=\"Emanuele Giaconi - per tutti \u201cPap\u00eca\u201d - Noi di Qua Testata giornalistica e di attualit\u00e0 di Agliana, Montale e Quarrata.\" \/>\n<meta property=\"og:description\" content=\"di Giacomo Bini. Foto: Daniele Paolieri dicembre 2025 Questo non \u00e8 un ricordo, ma la constatazione di una presenza viva nella comunit\u00e0 montalese, quella di Emanuele Giaconi, a tutti noto come \u201cPap\u00eca\u201d, deceduto all\u2019improvviso il 19 novembre del 2022 all\u2019et\u00e0 di 61 anni, eppure ancora oggi \u201csempre con noi\u201d nelle conversazioni, negli incontri tra [&hellip;]\" \/>\n<meta property=\"og:url\" content=\"https:\/\/www.noidiqua.it\/Montale\/emanuele-giaconi-per-tutti-papia\/\" \/>\n<meta property=\"og:site_name\" content=\"Noi di Qua Testata giornalistica e di attualit\u00e0 di Agliana, Montale e Quarrata.\" \/>\n<meta property=\"article:publisher\" content=\"https:\/\/www.facebook.com\/noidiqua.trimestrale\/\" \/>\n<meta property=\"article:published_time\" content=\"2025-12-10T16:34:11+00:00\" \/>\n<meta property=\"article:modified_time\" content=\"2026-04-20T13:09:22+00:00\" \/>\n<meta property=\"og:image\" content=\"https:\/\/www.noidiqua.it\/Montale\/wp-content\/uploads\/2025\/12\/Giaconi-Emanuele-1.png\" \/>\n\t<meta property=\"og:image:width\" content=\"501\" \/>\n\t<meta property=\"og:image:height\" content=\"389\" \/>\n\t<meta property=\"og:image:type\" content=\"image\/png\" \/>\n<meta name=\"author\" content=\"Giacomo Bini\" \/>\n<meta name=\"twitter:label1\" content=\"Scritto da\" \/>\n\t<meta name=\"twitter:data1\" content=\"Giacomo Bini\" \/>\n\t<meta name=\"twitter:label2\" content=\"Tempo di lettura stimato\" \/>\n\t<meta name=\"twitter:data2\" content=\"4 minuti\" \/>\n<script type=\"application\/ld+json\" class=\"yoast-schema-graph\">{\"@context\":\"https:\/\/schema.org\",\"@graph\":[{\"@type\":\"WebPage\",\"@id\":\"https:\/\/www.noidiqua.it\/Montale\/emanuele-giaconi-per-tutti-papia\/\",\"url\":\"https:\/\/www.noidiqua.it\/Montale\/emanuele-giaconi-per-tutti-papia\/\",\"name\":\"Emanuele Giaconi - per tutti \u201cPap\u00eca\u201d - Noi di Qua Testata giornalistica e di attualit\u00e0 di Agliana, Montale e Quarrata.\",\"isPartOf\":{\"@id\":\"https:\/\/www.noidiqua.it\/Montale\/#website\"},\"primaryImageOfPage\":{\"@id\":\"https:\/\/www.noidiqua.it\/Montale\/emanuele-giaconi-per-tutti-papia\/#primaryimage\"},\"image\":{\"@id\":\"https:\/\/www.noidiqua.it\/Montale\/emanuele-giaconi-per-tutti-papia\/#primaryimage\"},\"thumbnailUrl\":\"https:\/\/www.noidiqua.it\/Montale\/wp-content\/uploads\/2025\/12\/Giaconi-Emanuele-1.png\",\"datePublished\":\"2025-12-10T16:34:11+00:00\",\"dateModified\":\"2026-04-20T13:09:22+00:00\",\"author\":{\"@id\":\"https:\/\/www.noidiqua.it\/Montale\/#\/schema\/person\/e2e6f44da50af0dae9c90ad168e471a4\"},\"breadcrumb\":{\"@id\":\"https:\/\/www.noidiqua.it\/Montale\/emanuele-giaconi-per-tutti-papia\/#breadcrumb\"},\"inLanguage\":\"it-IT\",\"potentialAction\":[{\"@type\":\"ReadAction\",\"target\":[\"https:\/\/www.noidiqua.it\/Montale\/emanuele-giaconi-per-tutti-papia\/\"]}]},{\"@type\":\"ImageObject\",\"inLanguage\":\"it-IT\",\"@id\":\"https:\/\/www.noidiqua.it\/Montale\/emanuele-giaconi-per-tutti-papia\/#primaryimage\",\"url\":\"https:\/\/www.noidiqua.it\/Montale\/wp-content\/uploads\/2025\/12\/Giaconi-Emanuele-1.png\",\"contentUrl\":\"https:\/\/www.noidiqua.it\/Montale\/wp-content\/uploads\/2025\/12\/Giaconi-Emanuele-1.png\",\"width\":501,\"height\":389},{\"@type\":\"BreadcrumbList\",\"@id\":\"https:\/\/www.noidiqua.it\/Montale\/emanuele-giaconi-per-tutti-papia\/#breadcrumb\",\"itemListElement\":[{\"@type\":\"ListItem\",\"position\":1,\"name\":\"Home\",\"item\":\"https:\/\/www.noidiqua.it\/Montale\/\"},{\"@type\":\"ListItem\",\"position\":2,\"name\":\"Emanuele Giaconi &#8211; per tutti \u201cPap\u00eca\u201d\"}]},{\"@type\":\"WebSite\",\"@id\":\"https:\/\/www.noidiqua.it\/Montale\/#website\",\"url\":\"https:\/\/www.noidiqua.it\/Montale\/\",\"name\":\"Noi di Qua Testata giornalistica e di attualit\u00e0 di Agliana, Montale e Quarrata.\",\"description\":\"Testata Giornalistica Quarrata Montale Agliana\",\"potentialAction\":[{\"@type\":\"SearchAction\",\"target\":{\"@type\":\"EntryPoint\",\"urlTemplate\":\"https:\/\/www.noidiqua.it\/Montale\/?s={search_term_string}\"},\"query-input\":{\"@type\":\"PropertyValueSpecification\",\"valueRequired\":true,\"valueName\":\"search_term_string\"}}],\"inLanguage\":\"it-IT\"},{\"@type\":\"Person\",\"@id\":\"https:\/\/www.noidiqua.it\/Montale\/#\/schema\/person\/e2e6f44da50af0dae9c90ad168e471a4\",\"name\":\"Giacomo Bini\",\"image\":{\"@type\":\"ImageObject\",\"inLanguage\":\"it-IT\",\"@id\":\"https:\/\/www.noidiqua.it\/Montale\/#\/schema\/person\/image\/\",\"url\":\"https:\/\/secure.gravatar.com\/avatar\/e5c18ae41df5ae37397358f2c6046696187d51a120c5d0b8f0c49f7b606f46f4?s=96&d=mm&r=g\",\"contentUrl\":\"https:\/\/secure.gravatar.com\/avatar\/e5c18ae41df5ae37397358f2c6046696187d51a120c5d0b8f0c49f7b606f46f4?s=96&d=mm&r=g\",\"caption\":\"Giacomo Bini\"},\"url\":\"https:\/\/www.noidiqua.it\/Montale\/author\/giacomo-bini\/\"}]}<\/script>\n<!-- \/ Yoast SEO plugin. -->","yoast_head_json":{"title":"Emanuele Giaconi - per tutti \u201cPap\u00eca\u201d - Noi di Qua Testata giornalistica e di attualit\u00e0 di Agliana, Montale e Quarrata.","robots":{"index":"index","follow":"follow","max-snippet":"max-snippet:-1","max-image-preview":"max-image-preview:large","max-video-preview":"max-video-preview:-1"},"canonical":"https:\/\/www.noidiqua.it\/Montale\/emanuele-giaconi-per-tutti-papia\/","og_locale":"it_IT","og_type":"article","og_title":"Emanuele Giaconi - per tutti \u201cPap\u00eca\u201d - Noi di Qua Testata giornalistica e di attualit\u00e0 di Agliana, Montale e Quarrata.","og_description":"di Giacomo Bini. Foto: Daniele Paolieri dicembre 2025 Questo non \u00e8 un ricordo, ma la constatazione di una presenza viva nella comunit\u00e0 montalese, quella di Emanuele Giaconi, a tutti noto come \u201cPap\u00eca\u201d, deceduto all\u2019improvviso il 19 novembre del 2022 all\u2019et\u00e0 di 61 anni, eppure ancora oggi \u201csempre con noi\u201d nelle conversazioni, negli incontri tra [&hellip;]","og_url":"https:\/\/www.noidiqua.it\/Montale\/emanuele-giaconi-per-tutti-papia\/","og_site_name":"Noi di Qua Testata giornalistica e di attualit\u00e0 di Agliana, Montale e Quarrata.","article_publisher":"https:\/\/www.facebook.com\/noidiqua.trimestrale\/","article_published_time":"2025-12-10T16:34:11+00:00","article_modified_time":"2026-04-20T13:09:22+00:00","og_image":[{"width":501,"height":389,"url":"https:\/\/www.noidiqua.it\/Montale\/wp-content\/uploads\/2025\/12\/Giaconi-Emanuele-1.png","type":"image\/png"}],"author":"Giacomo Bini","twitter_misc":{"Scritto da":"Giacomo Bini","Tempo di lettura stimato":"4 minuti"},"schema":{"@context":"https:\/\/schema.org","@graph":[{"@type":"WebPage","@id":"https:\/\/www.noidiqua.it\/Montale\/emanuele-giaconi-per-tutti-papia\/","url":"https:\/\/www.noidiqua.it\/Montale\/emanuele-giaconi-per-tutti-papia\/","name":"Emanuele Giaconi - per tutti \u201cPap\u00eca\u201d - Noi di Qua Testata giornalistica e di attualit\u00e0 di Agliana, Montale e Quarrata.","isPartOf":{"@id":"https:\/\/www.noidiqua.it\/Montale\/#website"},"primaryImageOfPage":{"@id":"https:\/\/www.noidiqua.it\/Montale\/emanuele-giaconi-per-tutti-papia\/#primaryimage"},"image":{"@id":"https:\/\/www.noidiqua.it\/Montale\/emanuele-giaconi-per-tutti-papia\/#primaryimage"},"thumbnailUrl":"https:\/\/www.noidiqua.it\/Montale\/wp-content\/uploads\/2025\/12\/Giaconi-Emanuele-1.png","datePublished":"2025-12-10T16:34:11+00:00","dateModified":"2026-04-20T13:09:22+00:00","author":{"@id":"https:\/\/www.noidiqua.it\/Montale\/#\/schema\/person\/e2e6f44da50af0dae9c90ad168e471a4"},"breadcrumb":{"@id":"https:\/\/www.noidiqua.it\/Montale\/emanuele-giaconi-per-tutti-papia\/#breadcrumb"},"inLanguage":"it-IT","potentialAction":[{"@type":"ReadAction","target":["https:\/\/www.noidiqua.it\/Montale\/emanuele-giaconi-per-tutti-papia\/"]}]},{"@type":"ImageObject","inLanguage":"it-IT","@id":"https:\/\/www.noidiqua.it\/Montale\/emanuele-giaconi-per-tutti-papia\/#primaryimage","url":"https:\/\/www.noidiqua.it\/Montale\/wp-content\/uploads\/2025\/12\/Giaconi-Emanuele-1.png","contentUrl":"https:\/\/www.noidiqua.it\/Montale\/wp-content\/uploads\/2025\/12\/Giaconi-Emanuele-1.png","width":501,"height":389},{"@type":"BreadcrumbList","@id":"https:\/\/www.noidiqua.it\/Montale\/emanuele-giaconi-per-tutti-papia\/#breadcrumb","itemListElement":[{"@type":"ListItem","position":1,"name":"Home","item":"https:\/\/www.noidiqua.it\/Montale\/"},{"@type":"ListItem","position":2,"name":"Emanuele Giaconi &#8211; per tutti \u201cPap\u00eca\u201d"}]},{"@type":"WebSite","@id":"https:\/\/www.noidiqua.it\/Montale\/#website","url":"https:\/\/www.noidiqua.it\/Montale\/","name":"Noi di Qua Testata giornalistica e di attualit\u00e0 di Agliana, Montale e Quarrata.","description":"Testata Giornalistica Quarrata Montale Agliana","potentialAction":[{"@type":"SearchAction","target":{"@type":"EntryPoint","urlTemplate":"https:\/\/www.noidiqua.it\/Montale\/?s={search_term_string}"},"query-input":{"@type":"PropertyValueSpecification","valueRequired":true,"valueName":"search_term_string"}}],"inLanguage":"it-IT"},{"@type":"Person","@id":"https:\/\/www.noidiqua.it\/Montale\/#\/schema\/person\/e2e6f44da50af0dae9c90ad168e471a4","name":"Giacomo Bini","image":{"@type":"ImageObject","inLanguage":"it-IT","@id":"https:\/\/www.noidiqua.it\/Montale\/#\/schema\/person\/image\/","url":"https:\/\/secure.gravatar.com\/avatar\/e5c18ae41df5ae37397358f2c6046696187d51a120c5d0b8f0c49f7b606f46f4?s=96&d=mm&r=g","contentUrl":"https:\/\/secure.gravatar.com\/avatar\/e5c18ae41df5ae37397358f2c6046696187d51a120c5d0b8f0c49f7b606f46f4?s=96&d=mm&r=g","caption":"Giacomo Bini"},"url":"https:\/\/www.noidiqua.it\/Montale\/author\/giacomo-bini\/"}]}},"_links":{"self":[{"href":"https:\/\/www.noidiqua.it\/Montale\/wp-json\/wp\/v2\/posts\/9230","targetHints":{"allow":["GET"]}}],"collection":[{"href":"https:\/\/www.noidiqua.it\/Montale\/wp-json\/wp\/v2\/posts"}],"about":[{"href":"https:\/\/www.noidiqua.it\/Montale\/wp-json\/wp\/v2\/types\/post"}],"author":[{"embeddable":true,"href":"https:\/\/www.noidiqua.it\/Montale\/wp-json\/wp\/v2\/users\/12"}],"replies":[{"embeddable":true,"href":"https:\/\/www.noidiqua.it\/Montale\/wp-json\/wp\/v2\/comments?post=9230"}],"version-history":[{"count":3,"href":"https:\/\/www.noidiqua.it\/Montale\/wp-json\/wp\/v2\/posts\/9230\/revisions"}],"predecessor-version":[{"id":9234,"href":"https:\/\/www.noidiqua.it\/Montale\/wp-json\/wp\/v2\/posts\/9230\/revisions\/9234"}],"wp:attachment":[{"href":"https:\/\/www.noidiqua.it\/Montale\/wp-json\/wp\/v2\/media?parent=9230"}],"wp:term":[{"taxonomy":"category","embeddable":true,"href":"https:\/\/www.noidiqua.it\/Montale\/wp-json\/wp\/v2\/categories?post=9230"},{"taxonomy":"post_tag","embeddable":true,"href":"https:\/\/www.noidiqua.it\/Montale\/wp-json\/wp\/v2\/tags?post=9230"}],"curies":[{"name":"wp","href":"https:\/\/api.w.org\/{rel}","templated":true}]}}