{"id":9310,"date":"2026-03-13T09:36:19","date_gmt":"2026-03-13T08:36:19","guid":{"rendered":"https:\/\/www.noidiqua.it\/Montale\/?p=9310"},"modified":"2026-04-20T11:51:40","modified_gmt":"2026-04-20T09:51:40","slug":"le-gabbiette-per-la-festa-del-grillo-di-firenze","status":"publish","type":"post","link":"https:\/\/www.noidiqua.it\/Montale\/le-gabbiette-per-la-festa-del-grillo-di-firenze\/","title":{"rendered":"Le gabbiette per la \u201cFesta del grillo\u201d di Firenze"},"content":{"rendered":"<p><em>di David Colzi. Ph: Foto Olympia<\/em><\/p>\n<p><em>marzo 2026<\/em><\/p>\n<p><a href=\"https:\/\/www.noidiqua.it\/Montale\/wp-content\/uploads\/2026\/04\/gabbietta-grillo-1.png\" rel=\"wp-prettyPhoto[9310]\"><img loading=\"lazy\" decoding=\"async\" class=\"aligncenter size-full wp-image-9311\" src=\"https:\/\/www.noidiqua.it\/Montale\/wp-content\/uploads\/2026\/04\/gabbietta-grillo-1.png\" alt=\"\" width=\"509\" height=\"364\" srcset=\"https:\/\/www.noidiqua.it\/Montale\/wp-content\/uploads\/2026\/04\/gabbietta-grillo-1.png 509w, https:\/\/www.noidiqua.it\/Montale\/wp-content\/uploads\/2026\/04\/gabbietta-grillo-1-300x215.png 300w\" sizes=\"auto, (max-width: 509px) 100vw, 509px\" \/><\/a><\/p>\n<p class=\"p1\" style=\"text-align: justify;\"><span class=\"s1\">Continua la nostra visita al museo etno-demo-antropologico\u00a0<strong>Casa di Zela<\/strong>\u00a0di Quarrata, in cerca di oggetti curiosi del nostro passato. Ad accompagnarci c\u2019\u00e8\u00a0<strong>Ernesto Franchi<\/strong>, responsabile e guida del plesso.<\/span><\/p>\n<p class=\"p1\" style=\"text-align: justify;\"><span class=\"s1\">Chi \u00e8 nato nel secolo scorso sicuramente rammenter\u00e0 la \u201c<strong>Festa del grillo<\/strong>\u201d, un appuntamento annuale che si teneva al parco delle Cascine di Firenze durante l\u2019Ascensione, quindi quaranta giorni dopo la Pasqua. Per l\u2019occasione tutta l\u2019area si riempiva decine e decine di bancarelle, che richiamavano persone anche da fuori\u00a0<strong>Toscana<\/strong>\u00a0e alcuni arrivano persino con gite organizzate. In quel giorno si poteva trovare di tutto, dai vestiti al cibo, dai souvenir ai prodotti per la casa. Ma la vera attrazione erano i banchini dei \u201c<strong>grillai<\/strong>\u201d, cio\u00e8 di coloro che vendevano\u00a0<strong>grilli<\/strong>\u00a0vivi, comprati dalle persone per deliziarsi col loro tipico richiamo, simbolo della bella stagione. Si potevano acquistare con o senza gabbietta, e addirittura c\u2019era chi voleva la casina vuota per poi andare nei prati a caccia di qualche povero\u00a0<strong>ortottero<\/strong>\u00a0(\u2026\u00a0<i>e con questa scusa, spesso le coppiette si appartavano!<\/i>)<\/span><\/p>\n<p><a href=\"https:\/\/www.noidiqua.it\/Montale\/wp-content\/uploads\/2026\/04\/gabbietta-grillo-2.png\" rel=\"wp-prettyPhoto[9310]\"><img loading=\"lazy\" decoding=\"async\" class=\"aligncenter size-full wp-image-9312\" src=\"https:\/\/www.noidiqua.it\/Montale\/wp-content\/uploads\/2026\/04\/gabbietta-grillo-2.png\" alt=\"\" width=\"351\" height=\"396\" srcset=\"https:\/\/www.noidiqua.it\/Montale\/wp-content\/uploads\/2026\/04\/gabbietta-grillo-2.png 351w, https:\/\/www.noidiqua.it\/Montale\/wp-content\/uploads\/2026\/04\/gabbietta-grillo-2-266x300.png 266w\" sizes=\"auto, (max-width: 351px) 100vw, 351px\" \/><\/a><\/p>\n<p class=\"p1\" style=\"text-align: justify;\"><span class=\"s1\">Ma come si individuava la tana dell\u2019animaletto nel terreno? Come si faceva a catturarlo vivo? Poi come si nutriva? Questo lo dovrete chiedere a Ernesto, ex \u201c<strong>grillaio<\/strong>\u201d.<\/span><\/p>\n<p class=\"p1\" style=\"text-align: justify;\"><span class=\"s1\">Comunque il perch\u00e9 di quella tradizione in quel giorno specifico dell\u2019anno \u00e8 tutt\u2019oggi materia di dibattito e su internet troverete un\u2019ampia letteratura. Quel che \u00e8 certo \u00e8 che ha radici antiche, basti pensare che sulla catena montuosa della Calvana, vi \u00e8 un rilievo chiamato \u201c<strong>Monte Cantagrilli<\/strong>\u201d, dove i venditori andavano a rifornirsi fino al 1999, quando la vendita di quegli insetti \u00e8 stata dichiarata ufficialmente fuorilegge.<\/span><\/p>\n<p class=\"p1\" style=\"text-align: justify;\"><span class=\"s1\">Quel che a noi interessa oggi sono le\u00a0<strong>piccole casette<\/strong>\u00a0che li contenevano, di cui il museo conserva un\u2019interessante collezione. Queste inizialmente erano fatte in maniera artigianale, e talvolta il risultato era eccellente, sebbene i materiali fossero di recupero, come le lamiere delle lattine (facilmente cesellabili) e gli attrezzi usati per produrle fossero improvvisati, come le lesine da calzolaio o le forbici da potatura. Anche su questo argomento Ernesto vi riveler\u00e0 dettagli e\u00a0<strong>curiosit\u00e0<\/strong>, dato che molte le hanno costruite lui e il suo babbo.<\/span><\/p>","protected":false},"excerpt":{"rendered":"<p>di David Colzi. Ph: Foto Olympia marzo 2026 Continua la nostra visita al museo etno-demo-antropologico\u00a0Casa di Zela\u00a0di Quarrata, in cerca di oggetti curiosi del nostro passato. Ad accompagnarci c\u2019\u00e8\u00a0Ernesto Franchi, responsabile e guida del plesso. Chi \u00e8 nato nel secolo scorso sicuramente rammenter\u00e0 la \u201cFesta del grillo\u201d, un appuntamento annuale che si teneva al [&hellip;]<\/p>","protected":false},"author":5,"featured_media":0,"comment_status":"open","ping_status":"open","sticky":false,"template":"","format":"standard","meta":{"footnotes":""},"categories":[4370,7],"tags":[4376,63,4377,5044,5045,5048,5046,5049,5047,5050,282],"class_list":["post-9310","post","type-post","status-publish","format-standard","hentry","category-chincaglierie","category-mt","tag-casa-di-zela","tag-curiosita","tag-ernesto-franchi","tag-festa-del-grillo","tag-grillai","tag-grillaio","tag-grilli","tag-monte-cantagrilli","tag-ortottero","tag-piccole-casette","tag-toscana"],"yoast_head":"<!-- This site is optimized with the Yoast SEO plugin v25.5 - https:\/\/yoast.com\/wordpress\/plugins\/seo\/ -->\n<title>Le gabbiette per la \u201cFesta del grillo\u201d di Firenze - Noi di Qua Testata giornalistica e di attualit\u00e0 di Agliana, Montale e Quarrata.<\/title>\n<meta name=\"robots\" content=\"index, follow, max-snippet:-1, max-image-preview:large, max-video-preview:-1\" \/>\n<link rel=\"canonical\" href=\"https:\/\/www.noidiqua.it\/Montale\/le-gabbiette-per-la-festa-del-grillo-di-firenze\/\" \/>\n<meta property=\"og:locale\" content=\"it_IT\" \/>\n<meta property=\"og:type\" content=\"article\" \/>\n<meta property=\"og:title\" content=\"Le gabbiette per la \u201cFesta del grillo\u201d di Firenze - Noi di Qua Testata giornalistica e di attualit\u00e0 di Agliana, Montale e Quarrata.\" \/>\n<meta property=\"og:description\" content=\"di David Colzi. Ph: Foto Olympia marzo 2026 Continua la nostra visita al museo etno-demo-antropologico\u00a0Casa di Zela\u00a0di Quarrata, in cerca di oggetti curiosi del nostro passato. Ad accompagnarci c\u2019\u00e8\u00a0Ernesto Franchi, responsabile e guida del plesso. Chi \u00e8 nato nel secolo scorso sicuramente rammenter\u00e0 la \u201cFesta del grillo\u201d, un appuntamento annuale che si teneva al [&hellip;]\" \/>\n<meta property=\"og:url\" content=\"https:\/\/www.noidiqua.it\/Montale\/le-gabbiette-per-la-festa-del-grillo-di-firenze\/\" \/>\n<meta property=\"og:site_name\" content=\"Noi di Qua Testata giornalistica e di attualit\u00e0 di Agliana, Montale e Quarrata.\" \/>\n<meta property=\"article:publisher\" content=\"https:\/\/www.facebook.com\/noidiqua.trimestrale\/\" \/>\n<meta property=\"article:published_time\" content=\"2026-03-13T08:36:19+00:00\" \/>\n<meta property=\"article:modified_time\" content=\"2026-04-20T09:51:40+00:00\" \/>\n<meta property=\"og:image\" content=\"https:\/\/www.noidiqua.it\/Montale\/wp-content\/uploads\/2026\/04\/gabbietta-grillo-1.png\" \/>\n\t<meta property=\"og:image:width\" content=\"509\" \/>\n\t<meta property=\"og:image:height\" content=\"364\" \/>\n\t<meta property=\"og:image:type\" content=\"image\/png\" \/>\n<meta name=\"author\" content=\"David Colzi\" \/>\n<meta name=\"twitter:label1\" content=\"Scritto da\" \/>\n\t<meta name=\"twitter:data1\" content=\"David Colzi\" \/>\n\t<meta name=\"twitter:label2\" content=\"Tempo di lettura stimato\" \/>\n\t<meta name=\"twitter:data2\" content=\"3 minuti\" \/>\n<script type=\"application\/ld+json\" class=\"yoast-schema-graph\">{\"@context\":\"https:\/\/schema.org\",\"@graph\":[{\"@type\":\"WebPage\",\"@id\":\"https:\/\/www.noidiqua.it\/Montale\/le-gabbiette-per-la-festa-del-grillo-di-firenze\/\",\"url\":\"https:\/\/www.noidiqua.it\/Montale\/le-gabbiette-per-la-festa-del-grillo-di-firenze\/\",\"name\":\"Le gabbiette per la \u201cFesta del grillo\u201d di Firenze - Noi di Qua Testata giornalistica e di attualit\u00e0 di Agliana, Montale e Quarrata.\",\"isPartOf\":{\"@id\":\"https:\/\/www.noidiqua.it\/Montale\/#website\"},\"primaryImageOfPage\":{\"@id\":\"https:\/\/www.noidiqua.it\/Montale\/le-gabbiette-per-la-festa-del-grillo-di-firenze\/#primaryimage\"},\"image\":{\"@id\":\"https:\/\/www.noidiqua.it\/Montale\/le-gabbiette-per-la-festa-del-grillo-di-firenze\/#primaryimage\"},\"thumbnailUrl\":\"https:\/\/www.noidiqua.it\/Montale\/wp-content\/uploads\/2026\/04\/gabbietta-grillo-1.png\",\"datePublished\":\"2026-03-13T08:36:19+00:00\",\"dateModified\":\"2026-04-20T09:51:40+00:00\",\"author\":{\"@id\":\"https:\/\/www.noidiqua.it\/Montale\/#\/schema\/person\/3b45dd21eb2367c177b6a6d35c868ccc\"},\"breadcrumb\":{\"@id\":\"https:\/\/www.noidiqua.it\/Montale\/le-gabbiette-per-la-festa-del-grillo-di-firenze\/#breadcrumb\"},\"inLanguage\":\"it-IT\",\"potentialAction\":[{\"@type\":\"ReadAction\",\"target\":[\"https:\/\/www.noidiqua.it\/Montale\/le-gabbiette-per-la-festa-del-grillo-di-firenze\/\"]}]},{\"@type\":\"ImageObject\",\"inLanguage\":\"it-IT\",\"@id\":\"https:\/\/www.noidiqua.it\/Montale\/le-gabbiette-per-la-festa-del-grillo-di-firenze\/#primaryimage\",\"url\":\"https:\/\/www.noidiqua.it\/Montale\/wp-content\/uploads\/2026\/04\/gabbietta-grillo-1.png\",\"contentUrl\":\"https:\/\/www.noidiqua.it\/Montale\/wp-content\/uploads\/2026\/04\/gabbietta-grillo-1.png\",\"width\":509,\"height\":364},{\"@type\":\"BreadcrumbList\",\"@id\":\"https:\/\/www.noidiqua.it\/Montale\/le-gabbiette-per-la-festa-del-grillo-di-firenze\/#breadcrumb\",\"itemListElement\":[{\"@type\":\"ListItem\",\"position\":1,\"name\":\"Home\",\"item\":\"https:\/\/www.noidiqua.it\/Montale\/\"},{\"@type\":\"ListItem\",\"position\":2,\"name\":\"Le gabbiette per la \u201cFesta del grillo\u201d di Firenze\"}]},{\"@type\":\"WebSite\",\"@id\":\"https:\/\/www.noidiqua.it\/Montale\/#website\",\"url\":\"https:\/\/www.noidiqua.it\/Montale\/\",\"name\":\"Noi di Qua Testata giornalistica e di attualit\u00e0 di Agliana, Montale e Quarrata.\",\"description\":\"Testata Giornalistica Quarrata Montale Agliana\",\"potentialAction\":[{\"@type\":\"SearchAction\",\"target\":{\"@type\":\"EntryPoint\",\"urlTemplate\":\"https:\/\/www.noidiqua.it\/Montale\/?s={search_term_string}\"},\"query-input\":{\"@type\":\"PropertyValueSpecification\",\"valueRequired\":true,\"valueName\":\"search_term_string\"}}],\"inLanguage\":\"it-IT\"},{\"@type\":\"Person\",\"@id\":\"https:\/\/www.noidiqua.it\/Montale\/#\/schema\/person\/3b45dd21eb2367c177b6a6d35c868ccc\",\"name\":\"David Colzi\",\"image\":{\"@type\":\"ImageObject\",\"inLanguage\":\"it-IT\",\"@id\":\"https:\/\/www.noidiqua.it\/Montale\/#\/schema\/person\/image\/\",\"url\":\"https:\/\/secure.gravatar.com\/avatar\/515ac68c0075b78a8243a0f28e5a361c9b5c466a1d6912ac3919ddd928c4db8c?s=96&d=mm&r=g\",\"contentUrl\":\"https:\/\/secure.gravatar.com\/avatar\/515ac68c0075b78a8243a0f28e5a361c9b5c466a1d6912ac3919ddd928c4db8c?s=96&d=mm&r=g\",\"caption\":\"David Colzi\"},\"url\":\"https:\/\/www.noidiqua.it\/Montale\/author\/david-colzi\/\"}]}<\/script>\n<!-- \/ Yoast SEO plugin. -->","yoast_head_json":{"title":"Le gabbiette per la \u201cFesta del grillo\u201d di Firenze - Noi di Qua Testata giornalistica e di attualit\u00e0 di Agliana, Montale e Quarrata.","robots":{"index":"index","follow":"follow","max-snippet":"max-snippet:-1","max-image-preview":"max-image-preview:large","max-video-preview":"max-video-preview:-1"},"canonical":"https:\/\/www.noidiqua.it\/Montale\/le-gabbiette-per-la-festa-del-grillo-di-firenze\/","og_locale":"it_IT","og_type":"article","og_title":"Le gabbiette per la \u201cFesta del grillo\u201d di Firenze - Noi di Qua Testata giornalistica e di attualit\u00e0 di Agliana, Montale e Quarrata.","og_description":"di David Colzi. Ph: Foto Olympia marzo 2026 Continua la nostra visita al museo etno-demo-antropologico\u00a0Casa di Zela\u00a0di Quarrata, in cerca di oggetti curiosi del nostro passato. Ad accompagnarci c\u2019\u00e8\u00a0Ernesto Franchi, responsabile e guida del plesso. Chi \u00e8 nato nel secolo scorso sicuramente rammenter\u00e0 la \u201cFesta del grillo\u201d, un appuntamento annuale che si teneva al [&hellip;]","og_url":"https:\/\/www.noidiqua.it\/Montale\/le-gabbiette-per-la-festa-del-grillo-di-firenze\/","og_site_name":"Noi di Qua Testata giornalistica e di attualit\u00e0 di Agliana, Montale e Quarrata.","article_publisher":"https:\/\/www.facebook.com\/noidiqua.trimestrale\/","article_published_time":"2026-03-13T08:36:19+00:00","article_modified_time":"2026-04-20T09:51:40+00:00","og_image":[{"width":509,"height":364,"url":"https:\/\/www.noidiqua.it\/Montale\/wp-content\/uploads\/2026\/04\/gabbietta-grillo-1.png","type":"image\/png"}],"author":"David Colzi","twitter_misc":{"Scritto da":"David Colzi","Tempo di lettura stimato":"3 minuti"},"schema":{"@context":"https:\/\/schema.org","@graph":[{"@type":"WebPage","@id":"https:\/\/www.noidiqua.it\/Montale\/le-gabbiette-per-la-festa-del-grillo-di-firenze\/","url":"https:\/\/www.noidiqua.it\/Montale\/le-gabbiette-per-la-festa-del-grillo-di-firenze\/","name":"Le gabbiette per la \u201cFesta del grillo\u201d di Firenze - Noi di Qua Testata giornalistica e di attualit\u00e0 di Agliana, Montale e Quarrata.","isPartOf":{"@id":"https:\/\/www.noidiqua.it\/Montale\/#website"},"primaryImageOfPage":{"@id":"https:\/\/www.noidiqua.it\/Montale\/le-gabbiette-per-la-festa-del-grillo-di-firenze\/#primaryimage"},"image":{"@id":"https:\/\/www.noidiqua.it\/Montale\/le-gabbiette-per-la-festa-del-grillo-di-firenze\/#primaryimage"},"thumbnailUrl":"https:\/\/www.noidiqua.it\/Montale\/wp-content\/uploads\/2026\/04\/gabbietta-grillo-1.png","datePublished":"2026-03-13T08:36:19+00:00","dateModified":"2026-04-20T09:51:40+00:00","author":{"@id":"https:\/\/www.noidiqua.it\/Montale\/#\/schema\/person\/3b45dd21eb2367c177b6a6d35c868ccc"},"breadcrumb":{"@id":"https:\/\/www.noidiqua.it\/Montale\/le-gabbiette-per-la-festa-del-grillo-di-firenze\/#breadcrumb"},"inLanguage":"it-IT","potentialAction":[{"@type":"ReadAction","target":["https:\/\/www.noidiqua.it\/Montale\/le-gabbiette-per-la-festa-del-grillo-di-firenze\/"]}]},{"@type":"ImageObject","inLanguage":"it-IT","@id":"https:\/\/www.noidiqua.it\/Montale\/le-gabbiette-per-la-festa-del-grillo-di-firenze\/#primaryimage","url":"https:\/\/www.noidiqua.it\/Montale\/wp-content\/uploads\/2026\/04\/gabbietta-grillo-1.png","contentUrl":"https:\/\/www.noidiqua.it\/Montale\/wp-content\/uploads\/2026\/04\/gabbietta-grillo-1.png","width":509,"height":364},{"@type":"BreadcrumbList","@id":"https:\/\/www.noidiqua.it\/Montale\/le-gabbiette-per-la-festa-del-grillo-di-firenze\/#breadcrumb","itemListElement":[{"@type":"ListItem","position":1,"name":"Home","item":"https:\/\/www.noidiqua.it\/Montale\/"},{"@type":"ListItem","position":2,"name":"Le gabbiette per la \u201cFesta del grillo\u201d di Firenze"}]},{"@type":"WebSite","@id":"https:\/\/www.noidiqua.it\/Montale\/#website","url":"https:\/\/www.noidiqua.it\/Montale\/","name":"Noi di Qua Testata giornalistica e di attualit\u00e0 di Agliana, Montale e Quarrata.","description":"Testata Giornalistica Quarrata Montale Agliana","potentialAction":[{"@type":"SearchAction","target":{"@type":"EntryPoint","urlTemplate":"https:\/\/www.noidiqua.it\/Montale\/?s={search_term_string}"},"query-input":{"@type":"PropertyValueSpecification","valueRequired":true,"valueName":"search_term_string"}}],"inLanguage":"it-IT"},{"@type":"Person","@id":"https:\/\/www.noidiqua.it\/Montale\/#\/schema\/person\/3b45dd21eb2367c177b6a6d35c868ccc","name":"David Colzi","image":{"@type":"ImageObject","inLanguage":"it-IT","@id":"https:\/\/www.noidiqua.it\/Montale\/#\/schema\/person\/image\/","url":"https:\/\/secure.gravatar.com\/avatar\/515ac68c0075b78a8243a0f28e5a361c9b5c466a1d6912ac3919ddd928c4db8c?s=96&d=mm&r=g","contentUrl":"https:\/\/secure.gravatar.com\/avatar\/515ac68c0075b78a8243a0f28e5a361c9b5c466a1d6912ac3919ddd928c4db8c?s=96&d=mm&r=g","caption":"David Colzi"},"url":"https:\/\/www.noidiqua.it\/Montale\/author\/david-colzi\/"}]}},"_links":{"self":[{"href":"https:\/\/www.noidiqua.it\/Montale\/wp-json\/wp\/v2\/posts\/9310","targetHints":{"allow":["GET"]}}],"collection":[{"href":"https:\/\/www.noidiqua.it\/Montale\/wp-json\/wp\/v2\/posts"}],"about":[{"href":"https:\/\/www.noidiqua.it\/Montale\/wp-json\/wp\/v2\/types\/post"}],"author":[{"embeddable":true,"href":"https:\/\/www.noidiqua.it\/Montale\/wp-json\/wp\/v2\/users\/5"}],"replies":[{"embeddable":true,"href":"https:\/\/www.noidiqua.it\/Montale\/wp-json\/wp\/v2\/comments?post=9310"}],"version-history":[{"count":2,"href":"https:\/\/www.noidiqua.it\/Montale\/wp-json\/wp\/v2\/posts\/9310\/revisions"}],"predecessor-version":[{"id":9386,"href":"https:\/\/www.noidiqua.it\/Montale\/wp-json\/wp\/v2\/posts\/9310\/revisions\/9386"}],"wp:attachment":[{"href":"https:\/\/www.noidiqua.it\/Montale\/wp-json\/wp\/v2\/media?parent=9310"}],"wp:term":[{"taxonomy":"category","embeddable":true,"href":"https:\/\/www.noidiqua.it\/Montale\/wp-json\/wp\/v2\/categories?post=9310"},{"taxonomy":"post_tag","embeddable":true,"href":"https:\/\/www.noidiqua.it\/Montale\/wp-json\/wp\/v2\/tags?post=9310"}],"curies":[{"name":"wp","href":"https:\/\/api.w.org\/{rel}","templated":true}]}}